{"id":433550,"date":"2022-02-01T11:16:46","date_gmt":"2022-02-01T08:16:46","guid":{"rendered":"http:\/\/arantv.az\/?p=433550"},"modified":"2022-02-01T11:16:46","modified_gmt":"2022-02-01T08:16:46","slug":"valideyn-himay%c9%99sind%c9%99n-m%c9%99hrum-olmus-usaqlarin-muavin%c9%99ti-il%c9%99-bagli-aciqlama","status":"publish","type":"post","link":"https:\/\/arantv.az\/?p=433550","title":{"rendered":"Valideyn himay\u0259sind\u0259n m\u0259hrum olmu\u015f u\u015faqlar\u0131n m\u00fcavin\u0259ti il\u0259 ba\u011fl\u0131 A\u00c7IQLAMA"},"content":{"rendered":"<p>\u201c\u00d6t\u0259n ilin \u0259vv\u0259lind\u0259n valideyn himay\u0259sind\u0259n m\u0259hrum olmu\u015f u\u015fa\u011fa g\u00f6r\u0259 ayl\u0131q m\u00fcavin\u0259t t\u0259sis edilib. Yeni sosial islahat paketi \u00e7\u0259r\u00e7iv\u0259sind\u0259 h\u0259min m\u00fcavin\u0259t 2022-ci ild\u0259 25 faiz art\u0131r\u0131l\u0131b\u201d.<\/p>\n<div class=\"AdviadNativeVideo\"><\/div>\n<p><strong>ARANTV.AZ<\/strong>-\u0131n m\u0259lumat\u0131na g\u00f6r\u0259, bunu \u018fm\u0259k v\u0259 \u018fhalinin Sosial M\u00fcdafi\u0259si Nazirliyinin tabeliyind\u0259 Sosial Xidm\u0259tl\u0259r Agentliyinin s\u0259dri V\u00fcqar Behbudov \u00f6t\u0259n ilin yekunlar\u0131 v\u0259 qar\u015f\u0131da duran h\u0259d\u0259fl\u0259r\u0259 dair ke\u00e7irdiyi m\u0259tbuat konfrans\u0131nda bildirib.<\/p>\n<p>\u201c\u00d6vladl\u0131\u011fa g\u00f6t\u00fcr\u00fcl\u0259n valideyn himay\u0259sind\u0259n m\u0259hrum olmu\u015f u\u015fa\u011fa g\u00f6r\u0259 m\u00fcavin\u0259t 160 manatdan 200 manata qald\u0131r\u0131l\u0131b. Sa\u011flaml\u0131q imkanlar\u0131 m\u0259hdud u\u015fa\u011fa g\u00f6r\u0259 430 manatdan 600 manata \u00e7atd\u0131r\u0131l\u0131b\u201d, &#8211; V.Behbudov \u0259lav\u0259 edib.<\/p>\n","protected":false},"excerpt":{"rendered":"<p>\u201c\u00d6t\u0259n ilin \u0259vv\u0259lind\u0259n valideyn himay\u0259sind\u0259n m\u0259hrum olmu\u015f u\u015fa\u011fa g\u00f6r\u0259 ayl\u0131q m\u00fcavin\u0259t t\u0259sis edilib. Yeni sosial islahat paketi \u00e7\u0259r\u00e7iv\u0259sind\u0259 h\u0259min m\u00fcavin\u0259t 2022-ci ild\u0259 25 faiz art\u0131r\u0131l\u0131b\u201d. ARANTV.AZ-\u0131n m\u0259lumat\u0131na g\u00f6r\u0259, bunu \u018fm\u0259k v\u0259 \u018fhalinin Sosial M\u00fcdafi\u0259si Nazirliyinin tabeliyind\u0259 Sosial Xidm\u0259tl\u0259r Agentliyinin s\u0259dri V\u00fcqar Behbudov \u00f6t\u0259n ilin yekunlar\u0131 v\u0259 qar\u015f\u0131da duran h\u0259d\u0259fl\u0259r\u0259 dair ke\u00e7irdiyi m\u0259tbuat konfrans\u0131nda bildirib. \u201c\u00d6vladl\u0131\u011fa g\u00f6t\u00fcr\u00fcl\u0259n valideyn himay\u0259sind\u0259n m\u0259hrum olmu\u015f u\u015fa\u011fa g\u00f6r\u0259 m\u00fcavin\u0259t 160 manatdan 200 manata qald\u0131r\u0131l\u0131b. Sa\u011flaml\u0131q imkanlar\u0131 m\u0259hdud u\u015fa\u011fa g\u00f6r\u0259 430 manatdan 600 manata \u00e7atd\u0131r\u0131l\u0131b\u201d, &#8211; V.Behbudov \u0259lav\u0259 edib.<\/p>\n","protected":false},"author":2,"featured_media":360140,"comment_status":"closed","ping_status":"closed","sticky":false,"template":"","format":"standard","meta":{"om_disable_all_campaigns":false,"_monsterinsights_skip_tracking":false,"_monsterinsights_sitenote_active":false,"_monsterinsights_sitenote_note":"","_monsterinsights_sitenote_category":0},"categories":[1],"tags":[],"aioseo_notices":[],"gutentor_comment":0,"rttpg_featured_image_url":{"full":["https:\/\/arantv.az\/wp-content\/uploads\/2021\/07\/balaca_usaq_0236.jpg",800,600,false],"landscape":["https:\/\/arantv.az\/wp-content\/uploads\/2021\/07\/balaca_usaq_0236.jpg",800,600,false],"portraits":["https:\/\/arantv.az\/wp-content\/uploads\/2021\/07\/balaca_usaq_0236.jpg",800,600,false],"thumbnail":["https:\/\/arantv.az\/wp-content\/uploads\/2021\/07\/balaca_usaq_0236-500x280.jpg",500,280,true],"medium":["https:\/\/arantv.az\/wp-content\/uploads\/2021\/07\/balaca_usaq_0236-487x365.jpg",487,365,true],"large":["https:\/\/arantv.az\/wp-content\/uploads\/2021\/07\/balaca_usaq_0236.jpg",640,480,false],"1536x1536":["https:\/\/arantv.az\/wp-content\/uploads\/2021\/07\/balaca_usaq_0236.jpg",800,600,false],"2048x2048":["https:\/\/arantv.az\/wp-content\/uploads\/2021\/07\/balaca_usaq_0236.jpg",800,600,false],"post-thumbnail":["https:\/\/arantv.az\/wp-content\/uploads\/2021\/07\/balaca_usaq_0236-240x172.jpg",240,172,true],"advps-thumb-one":["https:\/\/arantv.az\/wp-content\/uploads\/2021\/07\/balaca_usaq_0236.jpg",800,600,false]},"rttpg_author":{"display_name":"V\u00fcsal Rafiqo\u011flu","author_link":"https:\/\/arantv.az\/?author=2"},"rttpg_comment":0,"rttpg_category":"<a href=\"https:\/\/arantv.az\/?cat=1\" rel=\"category\">C\u0259miyy\u0259t<\/a>","rttpg_excerpt":"\u201c\u00d6t\u0259n ilin \u0259vv\u0259lind\u0259n valideyn himay\u0259sind\u0259n m\u0259hrum olmu\u015f u\u015fa\u011fa g\u00f6r\u0259 ayl\u0131q m\u00fcavin\u0259t t\u0259sis edilib. Yeni sosial islahat paketi \u00e7\u0259r\u00e7iv\u0259sind\u0259 h\u0259min m\u00fcavin\u0259t 2022-ci ild\u0259 25 faiz art\u0131r\u0131l\u0131b\u201d. ARANTV.AZ-\u0131n m\u0259lumat\u0131na g\u00f6r\u0259, bunu \u018fm\u0259k v\u0259 \u018fhalinin Sosial M\u00fcdafi\u0259si Nazirliyinin tabeliyind\u0259 Sosial Xidm\u0259tl\u0259r Agentliyinin s\u0259dri V\u00fcqar Behbudov \u00f6t\u0259n ilin yekunlar\u0131 v\u0259 qar\u015f\u0131da duran h\u0259d\u0259fl\u0259r\u0259 dair ke\u00e7irdiyi m\u0259tbuat konfrans\u0131nda bildirib. \u201c\u00d6vladl\u0131\u011fa&hellip;","_links":{"self":[{"href":"https:\/\/arantv.az\/index.php?rest_route=\/wp\/v2\/posts\/433550"}],"collection":[{"href":"https:\/\/arantv.az\/index.php?rest_route=\/wp\/v2\/posts"}],"about":[{"href":"https:\/\/arantv.az\/index.php?rest_route=\/wp\/v2\/types\/post"}],"author":[{"embeddable":true,"href":"https:\/\/arantv.az\/index.php?rest_route=\/wp\/v2\/users\/2"}],"replies":[{"embeddable":true,"href":"https:\/\/arantv.az\/index.php?rest_route=%2Fwp%2Fv2%2Fcomments&post=433550"}],"version-history":[{"count":0,"href":"https:\/\/arantv.az\/index.php?rest_route=\/wp\/v2\/posts\/433550\/revisions"}],"wp:featuredmedia":[{"embeddable":true,"href":"https:\/\/arantv.az\/index.php?rest_route=\/wp\/v2\/media\/360140"}],"wp:attachment":[{"href":"https:\/\/arantv.az\/index.php?rest_route=%2Fwp%2Fv2%2Fmedia&parent=433550"}],"wp:term":[{"taxonomy":"category","embeddable":true,"href":"https:\/\/arantv.az\/index.php?rest_route=%2Fwp%2Fv2%2Fcategories&post=433550"},{"taxonomy":"post_tag","embeddable":true,"href":"https:\/\/arantv.az\/index.php?rest_route=%2Fwp%2Fv2%2Ftags&post=433550"}],"curies":[{"name":"wp","href":"https:\/\/api.w.org\/{rel}","templated":true}]}}