{"id":433552,"date":"2022-02-01T11:17:22","date_gmt":"2022-02-01T08:17:22","guid":{"rendered":"http:\/\/arantv.az\/?p=433552"},"modified":"2022-02-01T11:17:22","modified_gmt":"2022-02-01T08:17:22","slug":"imislid%c9%99-hamil%c9%99-qalan-11-yasli-qizin-v%c9%99ziyy%c9%99ti-aciqlandi","status":"publish","type":"post","link":"https:\/\/arantv.az\/?p=433552","title":{"rendered":"\u0130mi\u015flid\u0259 hamil\u0259 qalan 11 ya\u015fl\u0131 q\u0131z\u0131n v\u0259ziyy\u0259ti a\u00e7\u0131qland\u0131"},"content":{"rendered":"<p>\u0130mi\u015flid\u0259 hamil\u0259 qalan 11 ya\u015fl\u0131 q\u0131z v\u0259 \u015eamax\u0131dan g\u0259tiril\u0259n azya\u015fl\u0131lar\u0131n v\u0259ziyy\u0259ti a\u00e7\u0131qlan\u0131b.<\/p>\n<div class=\"AdviadNativeVideo\"><\/div>\n<p><strong>ARANTV.AZ<\/strong>-\u0131n m\u0259lumat\u0131na g\u00f6r\u0259, bununla ba\u011fl\u0131 agentliyinin s\u0259dri V\u00fcqar Behbudov \u00f6t\u0259n ilin yekunlar\u0131 v\u0259 qar\u015f\u0131da duran h\u0259d\u0259fl\u0259r\u0259 dair ke\u00e7irdiyi m\u0259tbuat konfrans\u0131nda dan\u0131\u015f\u0131b.<\/p>\n<p>O bildirib ki, haz\u0131rda azya\u015fl\u0131lar sosial xidm\u0259t m\u0259rk\u0259zind\u0259dirl\u0259r:<\/p>\n<p>\u201cU\u015faqlar\u0131n adaptasiyas\u0131 \u00fczr\u0259 i\u015f apar\u0131l\u0131r. 11 ya\u015fl\u0131 q\u0131z m\u0259kt\u0259b\u0259 gedir. Onlara bizim m\u00fc\u0259ssis\u0259d\u0259 b\u00fct\u00fcn sosial xidm\u0259tl\u0259r g\u00f6st\u0259ril\u0259c\u0259k. Reabilitasiyas\u0131 \u00fc\u00e7\u00fcn h\u0259r c\u00fcr d\u0259st\u0259k g\u00f6st\u0259rilir. G\u0259l\u0259c\u0259kd\u0259 biz qiym\u0259tl\u0259ndirm\u0259l\u0259r aparaca\u011f\u0131q ki, ail\u0259l\u0259rd\u0259 bel\u0259 hallar\u0131n qar\u015f\u0131s\u0131n\u0131 alaq\u201d.<\/p>\n","protected":false},"excerpt":{"rendered":"<p>\u0130mi\u015flid\u0259 hamil\u0259 qalan 11 ya\u015fl\u0131 q\u0131z v\u0259 \u015eamax\u0131dan g\u0259tiril\u0259n azya\u015fl\u0131lar\u0131n v\u0259ziyy\u0259ti a\u00e7\u0131qlan\u0131b. ARANTV.AZ-\u0131n m\u0259lumat\u0131na g\u00f6r\u0259, bununla ba\u011fl\u0131 agentliyinin s\u0259dri V\u00fcqar Behbudov \u00f6t\u0259n ilin yekunlar\u0131 v\u0259 qar\u015f\u0131da duran h\u0259d\u0259fl\u0259r\u0259 dair ke\u00e7irdiyi m\u0259tbuat konfrans\u0131nda dan\u0131\u015f\u0131b. O bildirib ki, haz\u0131rda azya\u015fl\u0131lar sosial xidm\u0259t m\u0259rk\u0259zind\u0259dirl\u0259r: \u201cU\u015faqlar\u0131n adaptasiyas\u0131 \u00fczr\u0259 i\u015f apar\u0131l\u0131r. 11 ya\u015fl\u0131 q\u0131z m\u0259kt\u0259b\u0259 gedir. Onlara bizim m\u00fc\u0259ssis\u0259d\u0259 b\u00fct\u00fcn sosial xidm\u0259tl\u0259r g\u00f6st\u0259ril\u0259c\u0259k. Reabilitasiyas\u0131 \u00fc\u00e7\u00fcn h\u0259r c\u00fcr d\u0259st\u0259k g\u00f6st\u0259rilir. G\u0259l\u0259c\u0259kd\u0259 biz qiym\u0259tl\u0259ndirm\u0259l\u0259r aparaca\u011f\u0131q ki, ail\u0259l\u0259rd\u0259 bel\u0259 hallar\u0131n qar\u015f\u0131s\u0131n\u0131 alaq\u201d.<\/p>\n","protected":false},"author":2,"featured_media":433553,"comment_status":"closed","ping_status":"closed","sticky":false,"template":"","format":"standard","meta":{"om_disable_all_campaigns":false,"_monsterinsights_skip_tracking":false,"_monsterinsights_sitenote_active":false,"_monsterinsights_sitenote_note":"","_monsterinsights_sitenote_category":0},"categories":[1],"tags":[],"aioseo_notices":[],"gutentor_comment":0,"rttpg_featured_image_url":{"full":["https:\/\/arantv.az\/wp-content\/uploads\/2022\/02\/FotoJet-3-1.jpg",620,413,false],"landscape":["https:\/\/arantv.az\/wp-content\/uploads\/2022\/02\/FotoJet-3-1.jpg",620,413,false],"portraits":["https:\/\/arantv.az\/wp-content\/uploads\/2022\/02\/FotoJet-3-1.jpg",620,413,false],"thumbnail":["https:\/\/arantv.az\/wp-content\/uploads\/2022\/02\/FotoJet-3-1-500x280.jpg",500,280,true],"medium":["https:\/\/arantv.az\/wp-content\/uploads\/2022\/02\/FotoJet-3-1-548x365.jpg",548,365,true],"large":["https:\/\/arantv.az\/wp-content\/uploads\/2022\/02\/FotoJet-3-1.jpg",620,413,false],"1536x1536":["https:\/\/arantv.az\/wp-content\/uploads\/2022\/02\/FotoJet-3-1.jpg",620,413,false],"2048x2048":["https:\/\/arantv.az\/wp-content\/uploads\/2022\/02\/FotoJet-3-1.jpg",620,413,false],"post-thumbnail":["https:\/\/arantv.az\/wp-content\/uploads\/2022\/02\/FotoJet-3-1-240x172.jpg",240,172,true],"advps-thumb-one":["https:\/\/arantv.az\/wp-content\/uploads\/2022\/02\/FotoJet-3-1.jpg",620,413,false]},"rttpg_author":{"display_name":"V\u00fcsal Rafiqo\u011flu","author_link":"https:\/\/arantv.az\/?author=2"},"rttpg_comment":0,"rttpg_category":"<a href=\"https:\/\/arantv.az\/?cat=1\" rel=\"category\">C\u0259miyy\u0259t<\/a>","rttpg_excerpt":"\u0130mi\u015flid\u0259 hamil\u0259 qalan 11 ya\u015fl\u0131 q\u0131z v\u0259 \u015eamax\u0131dan g\u0259tiril\u0259n azya\u015fl\u0131lar\u0131n v\u0259ziyy\u0259ti a\u00e7\u0131qlan\u0131b. ARANTV.AZ-\u0131n m\u0259lumat\u0131na g\u00f6r\u0259, bununla ba\u011fl\u0131 agentliyinin s\u0259dri V\u00fcqar Behbudov \u00f6t\u0259n ilin yekunlar\u0131 v\u0259 qar\u015f\u0131da duran h\u0259d\u0259fl\u0259r\u0259 dair ke\u00e7irdiyi m\u0259tbuat konfrans\u0131nda dan\u0131\u015f\u0131b. O bildirib ki, haz\u0131rda azya\u015fl\u0131lar sosial xidm\u0259t m\u0259rk\u0259zind\u0259dirl\u0259r: \u201cU\u015faqlar\u0131n adaptasiyas\u0131 \u00fczr\u0259 i\u015f apar\u0131l\u0131r. 11 ya\u015fl\u0131 q\u0131z m\u0259kt\u0259b\u0259 gedir. Onlara bizim m\u00fc\u0259ssis\u0259d\u0259 b\u00fct\u00fcn&hellip;","_links":{"self":[{"href":"https:\/\/arantv.az\/index.php?rest_route=\/wp\/v2\/posts\/433552"}],"collection":[{"href":"https:\/\/arantv.az\/index.php?rest_route=\/wp\/v2\/posts"}],"about":[{"href":"https:\/\/arantv.az\/index.php?rest_route=\/wp\/v2\/types\/post"}],"author":[{"embeddable":true,"href":"https:\/\/arantv.az\/index.php?rest_route=\/wp\/v2\/users\/2"}],"replies":[{"embeddable":true,"href":"https:\/\/arantv.az\/index.php?rest_route=%2Fwp%2Fv2%2Fcomments&post=433552"}],"version-history":[{"count":0,"href":"https:\/\/arantv.az\/index.php?rest_route=\/wp\/v2\/posts\/433552\/revisions"}],"wp:featuredmedia":[{"embeddable":true,"href":"https:\/\/arantv.az\/index.php?rest_route=\/wp\/v2\/media\/433553"}],"wp:attachment":[{"href":"https:\/\/arantv.az\/index.php?rest_route=%2Fwp%2Fv2%2Fmedia&parent=433552"}],"wp:term":[{"taxonomy":"category","embeddable":true,"href":"https:\/\/arantv.az\/index.php?rest_route=%2Fwp%2Fv2%2Fcategories&post=433552"},{"taxonomy":"post_tag","embeddable":true,"href":"https:\/\/arantv.az\/index.php?rest_route=%2Fwp%2Fv2%2Ftags&post=433552"}],"curies":[{"name":"wp","href":"https:\/\/api.w.org\/{rel}","templated":true}]}}