{"id":433555,"date":"2022-02-01T11:17:56","date_gmt":"2022-02-01T08:17:56","guid":{"rendered":"http:\/\/arantv.az\/?p=433555"},"modified":"2022-02-01T11:17:56","modified_gmt":"2022-02-01T08:17:56","slug":"bakida-yeni-siginacaqlar-yaradilacaq","status":"publish","type":"post","link":"https:\/\/arantv.az\/?p=433555","title":{"rendered":"Bak\u0131da yeni s\u0131\u011f\u0131nacaqlar YARADILACAQ"},"content":{"rendered":"<p>\u018fm\u0259k v\u0259 \u018fhalinin Sosial M\u00fcdafi\u0259si Nazirliyinin tabeliyind\u0259 Sosial Xidm\u0259tl\u0259r Agentliyinin 2022-ci il \u00fczr\u0259 planlar\u0131 a\u00e7\u0131qlan\u0131b.<\/p>\n<p><strong>ARANTV.AZ<\/strong>-\u0131n m\u0259lumat\u0131na g\u00f6r\u0259, bununla ba\u011fl\u0131 agentliyin s\u0259dri V\u00fcqar Behbudov \u00f6t\u0259n ilin yekunlar\u0131 v\u0259 qar\u015f\u0131da duran h\u0259d\u0259fl\u0259r\u0259 dair ke\u00e7irdiyi m\u0259tbuat konfrans\u0131nda dan\u0131\u015f\u0131b.<\/p>\n<p>O bildirib ki, Bak\u0131 \u015f\u0259h\u0259ri \u00fczr\u0259 filiallar\u0131n \u0259sas\u0131nda regional filial\u0131n v\u0259 5 ixtisasla\u015fm\u0131\u015f m\u0259rk\u0259zin yarad\u0131lacaq:<\/p>\n<div class=\"AdviadNativeVideo\"><\/div>\n<p>\u201cSosial imkanlar\u0131 m\u0259hdud u\u015faqlar\u0131n sosial reabilitasiyas\u0131 \u00fczr\u0259 2 m\u0259rk\u0259z, bax\u0131ms\u0131z u\u015faqlar\u0131n ail\u0259l\u0259ri il\u0259 profilaktik i\u015f \u00fczr\u0259 m\u0259rk\u0259z, m\u0259i\u015f\u0259t zorak\u0131l\u0131\u011f\u0131ndan \u0259ziyy\u0259t \u00e7\u0259k\u0259n \u015f\u0259xsl\u0259r \u00fc\u00e7\u00fcn pilot olaraq b\u00f6hran m\u0259rk\u0259zi, m\u00fc\u0259ssis\u0259y\u0259 d\u00fc\u015fm\u0259nin qar\u015f\u0131s\u0131n\u0131n al\u0131nmas\u0131 v\u0259 reinteqrasiya f\u0259aliyy\u0259ti \u00fczr\u0259 m\u0259rk\u0259z olacaq\u201d.<\/p>\n<p>O qeyd edib ki, bu il Bak\u0131 \u015f\u0259h\u0259rind\u0259 v\u0259 A\u011fcab\u0259di rayonunda bu kateqoriya \u00fczr\u0259 yeni s\u0131\u011f\u0131nacaqlar\u0131n a\u00e7\u0131lmas\u0131 planla\u015fd\u0131r\u0131l\u0131b:<\/p>\n<p>\u201cM\u00fc\u0259ssis\u0259nin Bax\u0131ms\u0131z, kims\u0259siz v\u0259 sosial t\u0259hl\u00fck\u0259li v\u0259ziyy\u0259td\u0259 olan yetkinlik ya\u015f\u0131na \u00e7atmayanlar\u0131n sosial reabilitasiyas\u0131 \u00fczr\u0259 F\u00fczuli rayonunda filial\u0131n\u0131n yarad\u0131lmas\u0131, \u018flilliyi olan \u015f\u0259xsl\u0259r \u00fc\u00e7\u00fcn Pe\u015f\u0259-\u0259m\u0259k reabilitasiya M\u0259rk\u0259zinin Xa\u00e7maz rayonunda filial\u0131n\u0131n yarad\u0131lmas\u0131, b\u00fct\u00fcn stasionar sosial xidm\u0259t m\u00fc\u0259ssis\u0259l\u0259rind\u0259 pe\u015f\u0259-\u0259m\u0259k reabilitasiyas\u0131 kabinetl\u0259rinin yarad\u0131lmas\u0131 planla\u015fd\u0131r\u0131l\u0131r\u201d.<\/p>\n","protected":false},"excerpt":{"rendered":"<p>\u018fm\u0259k v\u0259 \u018fhalinin Sosial M\u00fcdafi\u0259si Nazirliyinin tabeliyind\u0259 Sosial Xidm\u0259tl\u0259r Agentliyinin 2022-ci il \u00fczr\u0259 planlar\u0131 a\u00e7\u0131qlan\u0131b. ARANTV.AZ-\u0131n m\u0259lumat\u0131na g\u00f6r\u0259, bununla ba\u011fl\u0131 agentliyin s\u0259dri V\u00fcqar Behbudov \u00f6t\u0259n ilin yekunlar\u0131 v\u0259 qar\u015f\u0131da duran h\u0259d\u0259fl\u0259r\u0259 dair ke\u00e7irdiyi m\u0259tbuat konfrans\u0131nda dan\u0131\u015f\u0131b. O bildirib ki, Bak\u0131 \u015f\u0259h\u0259ri \u00fczr\u0259 filiallar\u0131n \u0259sas\u0131nda regional filial\u0131n v\u0259 5 ixtisasla\u015fm\u0131\u015f m\u0259rk\u0259zin yarad\u0131lacaq: \u201cSosial imkanlar\u0131 m\u0259hdud u\u015faqlar\u0131n sosial reabilitasiyas\u0131 \u00fczr\u0259 2 m\u0259rk\u0259z, bax\u0131ms\u0131z u\u015faqlar\u0131n ail\u0259l\u0259ri il\u0259 profilaktik i\u015f \u00fczr\u0259 m\u0259rk\u0259z, m\u0259i\u015f\u0259t zorak\u0131l\u0131\u011f\u0131ndan \u0259ziyy\u0259t \u00e7\u0259k\u0259n \u015f\u0259xsl\u0259r \u00fc\u00e7\u00fcn pilot olaraq b\u00f6hran m\u0259rk\u0259zi, m\u00fc\u0259ssis\u0259y\u0259 d\u00fc\u015fm\u0259nin qar\u015f\u0131s\u0131n\u0131n al\u0131nmas\u0131 v\u0259 reinteqrasiya f\u0259aliyy\u0259ti \u00fczr\u0259 m\u0259rk\u0259z olacaq\u201d. O qeyd&hellip;<\/p>\n","protected":false},"author":2,"featured_media":433556,"comment_status":"closed","ping_status":"closed","sticky":false,"template":"","format":"standard","meta":{"om_disable_all_campaigns":false,"_monsterinsights_skip_tracking":false,"_monsterinsights_sitenote_active":false,"_monsterinsights_sitenote_note":"","_monsterinsights_sitenote_category":0},"categories":[1],"tags":[],"aioseo_notices":[],"gutentor_comment":0,"rttpg_featured_image_url":{"full":["https:\/\/arantv.az\/wp-content\/uploads\/2022\/02\/image_1600x1066_60f941dbc7a31.jpg",620,413,false],"landscape":["https:\/\/arantv.az\/wp-content\/uploads\/2022\/02\/image_1600x1066_60f941dbc7a31.jpg",620,413,false],"portraits":["https:\/\/arantv.az\/wp-content\/uploads\/2022\/02\/image_1600x1066_60f941dbc7a31.jpg",620,413,false],"thumbnail":["https:\/\/arantv.az\/wp-content\/uploads\/2022\/02\/image_1600x1066_60f941dbc7a31-500x280.jpg",500,280,true],"medium":["https:\/\/arantv.az\/wp-content\/uploads\/2022\/02\/image_1600x1066_60f941dbc7a31-548x365.jpg",548,365,true],"large":["https:\/\/arantv.az\/wp-content\/uploads\/2022\/02\/image_1600x1066_60f941dbc7a31.jpg",620,413,false],"1536x1536":["https:\/\/arantv.az\/wp-content\/uploads\/2022\/02\/image_1600x1066_60f941dbc7a31.jpg",620,413,false],"2048x2048":["https:\/\/arantv.az\/wp-content\/uploads\/2022\/02\/image_1600x1066_60f941dbc7a31.jpg",620,413,false],"post-thumbnail":["https:\/\/arantv.az\/wp-content\/uploads\/2022\/02\/image_1600x1066_60f941dbc7a31-240x172.jpg",240,172,true],"advps-thumb-one":["https:\/\/arantv.az\/wp-content\/uploads\/2022\/02\/image_1600x1066_60f941dbc7a31.jpg",620,413,false]},"rttpg_author":{"display_name":"V\u00fcsal Rafiqo\u011flu","author_link":"https:\/\/arantv.az\/?author=2"},"rttpg_comment":0,"rttpg_category":"<a href=\"https:\/\/arantv.az\/?cat=1\" rel=\"category\">C\u0259miyy\u0259t<\/a>","rttpg_excerpt":"\u018fm\u0259k v\u0259 \u018fhalinin Sosial M\u00fcdafi\u0259si Nazirliyinin tabeliyind\u0259 Sosial Xidm\u0259tl\u0259r Agentliyinin 2022-ci il \u00fczr\u0259 planlar\u0131 a\u00e7\u0131qlan\u0131b. ARANTV.AZ-\u0131n m\u0259lumat\u0131na g\u00f6r\u0259, bununla ba\u011fl\u0131 agentliyin s\u0259dri V\u00fcqar Behbudov \u00f6t\u0259n ilin yekunlar\u0131 v\u0259 qar\u015f\u0131da duran h\u0259d\u0259fl\u0259r\u0259 dair ke\u00e7irdiyi m\u0259tbuat konfrans\u0131nda dan\u0131\u015f\u0131b. O bildirib ki, Bak\u0131 \u015f\u0259h\u0259ri \u00fczr\u0259 filiallar\u0131n \u0259sas\u0131nda regional filial\u0131n v\u0259 5 ixtisasla\u015fm\u0131\u015f m\u0259rk\u0259zin yarad\u0131lacaq: \u201cSosial imkanlar\u0131 m\u0259hdud u\u015faqlar\u0131n&hellip;","_links":{"self":[{"href":"https:\/\/arantv.az\/index.php?rest_route=\/wp\/v2\/posts\/433555"}],"collection":[{"href":"https:\/\/arantv.az\/index.php?rest_route=\/wp\/v2\/posts"}],"about":[{"href":"https:\/\/arantv.az\/index.php?rest_route=\/wp\/v2\/types\/post"}],"author":[{"embeddable":true,"href":"https:\/\/arantv.az\/index.php?rest_route=\/wp\/v2\/users\/2"}],"replies":[{"embeddable":true,"href":"https:\/\/arantv.az\/index.php?rest_route=%2Fwp%2Fv2%2Fcomments&post=433555"}],"version-history":[{"count":0,"href":"https:\/\/arantv.az\/index.php?rest_route=\/wp\/v2\/posts\/433555\/revisions"}],"wp:featuredmedia":[{"embeddable":true,"href":"https:\/\/arantv.az\/index.php?rest_route=\/wp\/v2\/media\/433556"}],"wp:attachment":[{"href":"https:\/\/arantv.az\/index.php?rest_route=%2Fwp%2Fv2%2Fmedia&parent=433555"}],"wp:term":[{"taxonomy":"category","embeddable":true,"href":"https:\/\/arantv.az\/index.php?rest_route=%2Fwp%2Fv2%2Fcategories&post=433555"},{"taxonomy":"post_tag","embeddable":true,"href":"https:\/\/arantv.az\/index.php?rest_route=%2Fwp%2Fv2%2Ftags&post=433555"}],"curies":[{"name":"wp","href":"https:\/\/api.w.org\/{rel}","templated":true}]}}