{"id":433562,"date":"2022-02-01T11:19:15","date_gmt":"2022-02-01T08:19:15","guid":{"rendered":"http:\/\/arantv.az\/?p=433562"},"modified":"2022-02-01T11:19:15","modified_gmt":"2022-02-01T08:19:15","slug":"milli-m%c9%99clis-susa-b%c9%99yannam%c9%99sini-t%c9%99sdiq-etdi","status":"publish","type":"post","link":"https:\/\/arantv.az\/?p=433562","title":{"rendered":"Milli M\u0259clis \u015eu\u015fa B\u0259yannam\u0259sini t\u0259sdiq etdi"},"content":{"rendered":"<p>Milli M\u0259clis \u015eu\u015fa B\u0259yannam\u0259sini t\u0259sdiq edib.<\/p>\n<div class=\"AdviadNativeVideo\"><\/div>\n<p><strong>ARANTV.AZ <\/strong>\u00a0x\u0259b\u0259r verir ki, parlamentin bu g\u00fcn ke\u00e7iril\u0259n plenar iclas\u0131nda \u201cAz\u0259rbaycan Respublikas\u0131 il\u0259 T\u00fcrkiy\u0259 Respublikas\u0131 aras\u0131nda m\u00fctt\u0259fiqlik m\u00fcnasib\u0259tl\u0259ri haqq\u0131nda\u201d \u015eu\u015fa B\u0259yannam\u0259sinin t\u0259sdiq edilm\u0259si m\u0259s\u0259l\u0259si m\u00fczakir\u0259y\u0259 \u00e7\u0131xar\u0131l\u0131b.<\/p>\n<p>M\u00fczakir\u0259l\u0259rd\u0259n sonra B\u0259yannam\u0259 s\u0259sverm\u0259y\u0259 qoyularaq t\u0259sdiq edilib.<\/p>\n<p>Deputatlar s\u0259n\u0259din ratifikasiya edilm\u0259sini alq\u0131\u015fla qar\u015f\u0131lay\u0131blar.<\/p>\n<p>Qeyd ed\u0259k ki, 2021-ci ilin iyunun 15-d\u0259 Az\u0259rbaycan Prezidenti \u0130lham \u018fliyev v\u0259 T\u00fcrkiy\u0259 Prezidenti R\u0259c\u0259b Tayyib \u018frdo\u011fan \u015eu\u015fada \u015eu\u015fa B\u0259yannam\u0259sini imzalay\u0131blar.<\/p>\n","protected":false},"excerpt":{"rendered":"<p>Milli M\u0259clis \u015eu\u015fa B\u0259yannam\u0259sini t\u0259sdiq edib. ARANTV.AZ \u00a0x\u0259b\u0259r verir ki, parlamentin bu g\u00fcn ke\u00e7iril\u0259n plenar iclas\u0131nda \u201cAz\u0259rbaycan Respublikas\u0131 il\u0259 T\u00fcrkiy\u0259 Respublikas\u0131 aras\u0131nda m\u00fctt\u0259fiqlik m\u00fcnasib\u0259tl\u0259ri haqq\u0131nda\u201d \u015eu\u015fa B\u0259yannam\u0259sinin t\u0259sdiq edilm\u0259si m\u0259s\u0259l\u0259si m\u00fczakir\u0259y\u0259 \u00e7\u0131xar\u0131l\u0131b. M\u00fczakir\u0259l\u0259rd\u0259n sonra B\u0259yannam\u0259 s\u0259sverm\u0259y\u0259 qoyularaq t\u0259sdiq edilib. Deputatlar s\u0259n\u0259din ratifikasiya edilm\u0259sini alq\u0131\u015fla qar\u015f\u0131lay\u0131blar. Qeyd ed\u0259k ki, 2021-ci ilin iyunun 15-d\u0259 Az\u0259rbaycan Prezidenti \u0130lham \u018fliyev v\u0259 T\u00fcrkiy\u0259 Prezidenti R\u0259c\u0259b Tayyib \u018frdo\u011fan \u015eu\u015fada \u015eu\u015fa B\u0259yannam\u0259sini imzalay\u0131blar.<\/p>\n","protected":false},"author":2,"featured_media":433392,"comment_status":"closed","ping_status":"closed","sticky":false,"template":"","format":"standard","meta":{"om_disable_all_campaigns":false,"_monsterinsights_skip_tracking":false,"_monsterinsights_sitenote_active":false,"_monsterinsights_sitenote_note":"","_monsterinsights_sitenote_category":0},"categories":[4],"tags":[],"aioseo_notices":[],"gutentor_comment":0,"rttpg_featured_image_url":{"full":["https:\/\/arantv.az\/wp-content\/uploads\/2022\/02\/milli_meclis_287347867.jpg",1024,707,false],"landscape":["https:\/\/arantv.az\/wp-content\/uploads\/2022\/02\/milli_meclis_287347867.jpg",1024,707,false],"portraits":["https:\/\/arantv.az\/wp-content\/uploads\/2022\/02\/milli_meclis_287347867.jpg",1024,707,false],"thumbnail":["https:\/\/arantv.az\/wp-content\/uploads\/2022\/02\/milli_meclis_287347867-500x280.jpg",500,280,true],"medium":["https:\/\/arantv.az\/wp-content\/uploads\/2022\/02\/milli_meclis_287347867-529x365.jpg",529,365,true],"large":["https:\/\/arantv.az\/wp-content\/uploads\/2022\/02\/milli_meclis_287347867-840x580.jpg",640,442,true],"1536x1536":["https:\/\/arantv.az\/wp-content\/uploads\/2022\/02\/milli_meclis_287347867.jpg",1024,707,false],"2048x2048":["https:\/\/arantv.az\/wp-content\/uploads\/2022\/02\/milli_meclis_287347867.jpg",1024,707,false],"post-thumbnail":["https:\/\/arantv.az\/wp-content\/uploads\/2022\/02\/milli_meclis_287347867-240x172.jpg",240,172,true],"advps-thumb-one":["https:\/\/arantv.az\/wp-content\/uploads\/2022\/02\/milli_meclis_287347867-1024x620.jpg",1024,620,true]},"rttpg_author":{"display_name":"V\u00fcsal Rafiqo\u011flu","author_link":"https:\/\/arantv.az\/?author=2"},"rttpg_comment":0,"rttpg_category":"<a href=\"https:\/\/arantv.az\/?cat=4\" rel=\"category\">Siyas\u0259t<\/a>","rttpg_excerpt":"Milli M\u0259clis \u015eu\u015fa B\u0259yannam\u0259sini t\u0259sdiq edib. ARANTV.AZ \u00a0x\u0259b\u0259r verir ki, parlamentin bu g\u00fcn ke\u00e7iril\u0259n plenar iclas\u0131nda \u201cAz\u0259rbaycan Respublikas\u0131 il\u0259 T\u00fcrkiy\u0259 Respublikas\u0131 aras\u0131nda m\u00fctt\u0259fiqlik m\u00fcnasib\u0259tl\u0259ri haqq\u0131nda\u201d \u015eu\u015fa B\u0259yannam\u0259sinin t\u0259sdiq edilm\u0259si m\u0259s\u0259l\u0259si m\u00fczakir\u0259y\u0259 \u00e7\u0131xar\u0131l\u0131b. M\u00fczakir\u0259l\u0259rd\u0259n sonra B\u0259yannam\u0259 s\u0259sverm\u0259y\u0259 qoyularaq t\u0259sdiq edilib. Deputatlar s\u0259n\u0259din ratifikasiya edilm\u0259sini alq\u0131\u015fla qar\u015f\u0131lay\u0131blar. Qeyd ed\u0259k ki, 2021-ci ilin iyunun 15-d\u0259 Az\u0259rbaycan Prezidenti \u0130lham&hellip;","_links":{"self":[{"href":"https:\/\/arantv.az\/index.php?rest_route=\/wp\/v2\/posts\/433562"}],"collection":[{"href":"https:\/\/arantv.az\/index.php?rest_route=\/wp\/v2\/posts"}],"about":[{"href":"https:\/\/arantv.az\/index.php?rest_route=\/wp\/v2\/types\/post"}],"author":[{"embeddable":true,"href":"https:\/\/arantv.az\/index.php?rest_route=\/wp\/v2\/users\/2"}],"replies":[{"embeddable":true,"href":"https:\/\/arantv.az\/index.php?rest_route=%2Fwp%2Fv2%2Fcomments&post=433562"}],"version-history":[{"count":0,"href":"https:\/\/arantv.az\/index.php?rest_route=\/wp\/v2\/posts\/433562\/revisions"}],"wp:featuredmedia":[{"embeddable":true,"href":"https:\/\/arantv.az\/index.php?rest_route=\/wp\/v2\/media\/433392"}],"wp:attachment":[{"href":"https:\/\/arantv.az\/index.php?rest_route=%2Fwp%2Fv2%2Fmedia&parent=433562"}],"wp:term":[{"taxonomy":"category","embeddable":true,"href":"https:\/\/arantv.az\/index.php?rest_route=%2Fwp%2Fv2%2Fcategories&post=433562"},{"taxonomy":"post_tag","embeddable":true,"href":"https:\/\/arantv.az\/index.php?rest_route=%2Fwp%2Fv2%2Ftags&post=433562"}],"curies":[{"name":"wp","href":"https:\/\/api.w.org\/{rel}","templated":true}]}}