{"id":433564,"date":"2022-02-01T11:19:53","date_gmt":"2022-02-01T08:19:53","guid":{"rendered":"http:\/\/arantv.az\/?p=433564"},"modified":"2022-02-01T11:19:53","modified_gmt":"2022-02-01T08:19:53","slug":"ot%c9%99n-il-az%c9%99rbaycandan-%c9%99cn%c9%99bi-v%c9%99t%c9%99ndaslara-ovladliga-usaq-verilm%c9%99yib-r%c9%99smi","status":"publish","type":"post","link":"https:\/\/arantv.az\/?p=433564","title":{"rendered":"\u00d6t\u0259n il Az\u0259rbaycandan \u0259cn\u0259bi v\u0259t\u0259nda\u015flara \u00f6vladl\u0131\u011fa u\u015faq verilm\u0259yib &#8211; R\u018fSM\u0130"},"content":{"rendered":"<p>\u201c\u00d6t\u0259n il Az\u0259rbaycandan \u0259cn\u0259bi v\u0259t\u0259nda\u015flara \u00f6vladl\u0131\u011fa u\u015faq verilm\u0259yib\u201d.<\/p>\n<p><strong>ARANTV.AZ<\/strong>-\u0131n m\u0259lumat\u0131na g\u00f6r\u0259, bunu \u018fm\u0259k v\u0259 \u018fhalinin Sosial M\u00fcdafi\u0259si Nazirliyinin tabeliyind\u0259 Sosial Xidm\u0259tl\u0259r Agentliyinin s\u0259dri V\u00fcqar Behbudov \u00f6t\u0259n ilin yekunlar\u0131 v\u0259 qar\u015f\u0131da duran h\u0259d\u0259fl\u0259r\u0259 dair ke\u00e7irdiyi m\u0259tbuat konfrans\u0131nda bildirib.<\/p>\n<div class=\"AdviadNativeVideo\"><\/div>\n<p>Onun s\u00f6zl\u0259rin\u0259 g\u00f6r\u0259, h\u0259min m\u00fcdd\u0259t \u0259rzind\u0259 \u0259cn\u0259bil\u0259r t\u0259r\u0259find\u0259n \u00f6vladl\u0131\u011fa u\u015faq g\u00f6t\u00fcrm\u0259 il\u0259 ba\u011fl\u0131 m\u00fcraci\u0259t olmay\u0131b.<\/p>\n<p>S\u0259dr \u0259lav\u0259 edib ki, \u00f6t\u0259n il yaln\u0131z ail\u0259li \u015f\u0259xsl\u0259r\u0259 \u00f6vladl\u0131\u011fa u\u015faq verilib:<\/p>\n<p>\u201cY\u0259ni, he\u00e7 bir subay v\u0259t\u0259nda\u015f bunu etm\u0259yib. Subay \u015f\u0259xsl\u0259r\u00a0v\u0259 xarici v\u0259t\u0259nda\u015flar\u00a0da \u00f6vladl\u0131\u011fa g\u00f6t\u00fcrm\u0259 il\u0259 ba\u011fl\u0131 m\u00fcraci\u0259t ed\u0259 bil\u0259rl\u0259r. Biz monitorinql\u0259r apar\u0131b, onlar\u0131n v\u0259ziyy\u0259tl\u0259ri il\u0259 daim maraqlanm\u0131\u015f\u0131q. Apar\u0131lan monitorinql\u0259 ba\u011fl\u0131 \u00f6vladl\u0131\u011fa veril\u0259n u\u015faqlar geri al\u0131nmay\u0131b\u201d.<\/p>\n<p>O qeyd edib ki, \u00f6t\u0259n il sa\u011flaml\u0131q imkan\u0131 m\u0259hdud u\u015faqlar da \u00f6vladl\u0131\u011fa g\u00f6t\u00fcr\u00fclm\u0259yib.<\/p>\n<p>Xat\u0131rladaq ki, 2019-cu ild\u0259n u\u015faq \u00f6vladl\u0131\u011fa g\u00f6t\u00fcrm\u0259 il\u0259 ba\u011fl\u0131 s\u0259lahiyy\u0259tl\u0259r \u018fm\u0259k v\u0259 \u018fhalinin Sosial M\u00fcdafi\u0259si Nazirliyinin tabeliyind\u0259 Sosial Xidm\u0259tl\u0259r Agentliyin\u0259 verilib.<\/p>\n","protected":false},"excerpt":{"rendered":"<p>\u201c\u00d6t\u0259n il Az\u0259rbaycandan \u0259cn\u0259bi v\u0259t\u0259nda\u015flara \u00f6vladl\u0131\u011fa u\u015faq verilm\u0259yib\u201d. ARANTV.AZ-\u0131n m\u0259lumat\u0131na g\u00f6r\u0259, bunu \u018fm\u0259k v\u0259 \u018fhalinin Sosial M\u00fcdafi\u0259si Nazirliyinin tabeliyind\u0259 Sosial Xidm\u0259tl\u0259r Agentliyinin s\u0259dri V\u00fcqar Behbudov \u00f6t\u0259n ilin yekunlar\u0131 v\u0259 qar\u015f\u0131da duran h\u0259d\u0259fl\u0259r\u0259 dair ke\u00e7irdiyi m\u0259tbuat konfrans\u0131nda bildirib. Onun s\u00f6zl\u0259rin\u0259 g\u00f6r\u0259, h\u0259min m\u00fcdd\u0259t \u0259rzind\u0259 \u0259cn\u0259bil\u0259r t\u0259r\u0259find\u0259n \u00f6vladl\u0131\u011fa u\u015faq g\u00f6t\u00fcrm\u0259 il\u0259 ba\u011fl\u0131 m\u00fcraci\u0259t olmay\u0131b. S\u0259dr \u0259lav\u0259 edib ki, \u00f6t\u0259n il yaln\u0131z ail\u0259li \u015f\u0259xsl\u0259r\u0259 \u00f6vladl\u0131\u011fa u\u015faq verilib: \u201cY\u0259ni, he\u00e7 bir subay v\u0259t\u0259nda\u015f bunu etm\u0259yib. Subay \u015f\u0259xsl\u0259r\u00a0v\u0259 xarici v\u0259t\u0259nda\u015flar\u00a0da \u00f6vladl\u0131\u011fa g\u00f6t\u00fcrm\u0259 il\u0259 ba\u011fl\u0131 m\u00fcraci\u0259t ed\u0259 bil\u0259rl\u0259r. Biz monitorinql\u0259r apar\u0131b, onlar\u0131n v\u0259ziyy\u0259tl\u0259ri il\u0259 daim maraqlanm\u0131\u015f\u0131q.&hellip;<\/p>\n","protected":false},"author":2,"featured_media":433565,"comment_status":"closed","ping_status":"closed","sticky":false,"template":"","format":"standard","meta":{"om_disable_all_campaigns":false,"_monsterinsights_skip_tracking":false,"_monsterinsights_sitenote_active":false,"_monsterinsights_sitenote_note":"","_monsterinsights_sitenote_category":0},"categories":[1],"tags":[],"aioseo_notices":[],"gutentor_comment":0,"rttpg_featured_image_url":{"full":["https:\/\/arantv.az\/wp-content\/uploads\/2022\/02\/bafd5da3-6611-4d81-8686-2e58f930e21b.jpg",620,413,false],"landscape":["https:\/\/arantv.az\/wp-content\/uploads\/2022\/02\/bafd5da3-6611-4d81-8686-2e58f930e21b.jpg",620,413,false],"portraits":["https:\/\/arantv.az\/wp-content\/uploads\/2022\/02\/bafd5da3-6611-4d81-8686-2e58f930e21b.jpg",620,413,false],"thumbnail":["https:\/\/arantv.az\/wp-content\/uploads\/2022\/02\/bafd5da3-6611-4d81-8686-2e58f930e21b-500x280.jpg",500,280,true],"medium":["https:\/\/arantv.az\/wp-content\/uploads\/2022\/02\/bafd5da3-6611-4d81-8686-2e58f930e21b-548x365.jpg",548,365,true],"large":["https:\/\/arantv.az\/wp-content\/uploads\/2022\/02\/bafd5da3-6611-4d81-8686-2e58f930e21b.jpg",620,413,false],"1536x1536":["https:\/\/arantv.az\/wp-content\/uploads\/2022\/02\/bafd5da3-6611-4d81-8686-2e58f930e21b.jpg",620,413,false],"2048x2048":["https:\/\/arantv.az\/wp-content\/uploads\/2022\/02\/bafd5da3-6611-4d81-8686-2e58f930e21b.jpg",620,413,false],"post-thumbnail":["https:\/\/arantv.az\/wp-content\/uploads\/2022\/02\/bafd5da3-6611-4d81-8686-2e58f930e21b-240x172.jpg",240,172,true],"advps-thumb-one":["https:\/\/arantv.az\/wp-content\/uploads\/2022\/02\/bafd5da3-6611-4d81-8686-2e58f930e21b.jpg",620,413,false]},"rttpg_author":{"display_name":"V\u00fcsal Rafiqo\u011flu","author_link":"https:\/\/arantv.az\/?author=2"},"rttpg_comment":0,"rttpg_category":"<a href=\"https:\/\/arantv.az\/?cat=1\" rel=\"category\">C\u0259miyy\u0259t<\/a>","rttpg_excerpt":"\u201c\u00d6t\u0259n il Az\u0259rbaycandan \u0259cn\u0259bi v\u0259t\u0259nda\u015flara \u00f6vladl\u0131\u011fa u\u015faq verilm\u0259yib\u201d. ARANTV.AZ-\u0131n m\u0259lumat\u0131na g\u00f6r\u0259, bunu \u018fm\u0259k v\u0259 \u018fhalinin Sosial M\u00fcdafi\u0259si Nazirliyinin tabeliyind\u0259 Sosial Xidm\u0259tl\u0259r Agentliyinin s\u0259dri V\u00fcqar Behbudov \u00f6t\u0259n ilin yekunlar\u0131 v\u0259 qar\u015f\u0131da duran h\u0259d\u0259fl\u0259r\u0259 dair ke\u00e7irdiyi m\u0259tbuat konfrans\u0131nda bildirib. Onun s\u00f6zl\u0259rin\u0259 g\u00f6r\u0259, h\u0259min m\u00fcdd\u0259t \u0259rzind\u0259 \u0259cn\u0259bil\u0259r t\u0259r\u0259find\u0259n \u00f6vladl\u0131\u011fa u\u015faq g\u00f6t\u00fcrm\u0259 il\u0259 ba\u011fl\u0131 m\u00fcraci\u0259t olmay\u0131b. S\u0259dr \u0259lav\u0259 edib&hellip;","_links":{"self":[{"href":"https:\/\/arantv.az\/index.php?rest_route=\/wp\/v2\/posts\/433564"}],"collection":[{"href":"https:\/\/arantv.az\/index.php?rest_route=\/wp\/v2\/posts"}],"about":[{"href":"https:\/\/arantv.az\/index.php?rest_route=\/wp\/v2\/types\/post"}],"author":[{"embeddable":true,"href":"https:\/\/arantv.az\/index.php?rest_route=\/wp\/v2\/users\/2"}],"replies":[{"embeddable":true,"href":"https:\/\/arantv.az\/index.php?rest_route=%2Fwp%2Fv2%2Fcomments&post=433564"}],"version-history":[{"count":0,"href":"https:\/\/arantv.az\/index.php?rest_route=\/wp\/v2\/posts\/433564\/revisions"}],"wp:featuredmedia":[{"embeddable":true,"href":"https:\/\/arantv.az\/index.php?rest_route=\/wp\/v2\/media\/433565"}],"wp:attachment":[{"href":"https:\/\/arantv.az\/index.php?rest_route=%2Fwp%2Fv2%2Fmedia&parent=433564"}],"wp:term":[{"taxonomy":"category","embeddable":true,"href":"https:\/\/arantv.az\/index.php?rest_route=%2Fwp%2Fv2%2Fcategories&post=433564"},{"taxonomy":"post_tag","embeddable":true,"href":"https:\/\/arantv.az\/index.php?rest_route=%2Fwp%2Fv2%2Ftags&post=433564"}],"curies":[{"name":"wp","href":"https:\/\/api.w.org\/{rel}","templated":true}]}}