{"id":43357,"date":"2019-03-06T13:59:24","date_gmt":"2019-03-06T10:59:24","guid":{"rendered":"http:\/\/arantv.az\/?p=43357"},"modified":"2019-03-06T13:59:24","modified_gmt":"2019-03-06T10:59:24","slug":"ov-tuf%c9%99ngi-il%c9%99-qardasini-q%c9%99tl%c9%99-yetirdi-onun-korp%c9%99-usaqlarini-samaxida-d%c9%99hs%c9%99t","status":"publish","type":"post","link":"https:\/\/arantv.az\/?p=43357","title":{"rendered":"Ov t\u00fcf\u0259ngi il\u0259 qarda\u015f\u0131n\u0131 q\u0259tl\u0259 yetirdi, onun k\u00f6rp\u0259 u\u015faqlar\u0131n\u0131&#8230; &#8211; \u015eamax\u0131da d\u0259h\u015f\u0259t"},"content":{"rendered":"<p>\u015eamax\u0131 \u015f\u0259h\u0259rind\u0259 qarda\u015f\u0131n\u0131 \u00f6ld\u00fcrm\u0259kd\u0259 t\u0259qsirli bilin\u0259n 1971-ci il t\u0259v\u0259ll\u00fcdl\u00fc Azad R\u0259\u015fidzad\u0259nin cinay\u0259t i\u015fi \u00fczr\u0259 m\u0259hk\u0259m\u0259 prosesi ba\u015fa \u00e7at\u0131b.<\/p>\n<p><b>ARANTV.AZ\u00a0<\/b>teleqraf.com-a istinad\u0259n x\u0259b\u0259r verir ki, Azad R\u0259\u015fidzad\u0259nin ail\u0259si il\u0259 qarda\u015f\u0131 Az\u0259r R\u0259\u015fidovun ail\u0259si birlikd\u0259 \u015eamax\u0131 \u015f\u0259h\u0259ri, H\u00fcseyn Ciddi k\u00fc\u00e7\u0259sind\u0259 yerl\u0259\u015f\u0259n evin ayr\u0131-ayr\u0131 m\u0259rt\u0259b\u0259l\u0259rind\u0259 ya\u015fay\u0131blar.<\/p>\n<p>Son zamanlar ail\u0259-m\u0259i\u015f\u0259t z\u0259minind\u0259 iki ail\u0259 aras\u0131nda m\u00fcbahis\u0259l\u0259r ba\u015f verib.<\/p>\n<p>Azad R\u0259\u015fidov 7 iyun 2016-c\u0131 il tarixd\u0259 saat 16 rad\u0259l\u0259rind\u0259 n\u00f6vb\u0259ti g\u00fcn Rusiyaya getm\u0259si il\u0259 \u0259laq\u0259dar bir m\u00fcdd\u0259t evd\u0259 olmayaca\u011f\u0131na g\u00f6r\u0259 anas\u0131 F\u0259nar\u0259nin t\u00f6vsiy\u0259sin\u0259 \u0259sas\u0259n h\u0259y\u0259td\u0259 qarda\u015f\u0131 Az\u0259rin arvad\u0131 X\u0259yal\u0259y\u0259 anas\u0131 il\u0259 mehriban davranma\u011f\u0131, m\u00fcnaqi\u015f\u0259 yaratmama\u011f\u0131 t\u0259l\u0259b edib.<\/p>\n<p>Azad irad\u0131n\u0131 kobud \u015f\u0259kild\u0259 bildirib, m\u00fcbahis\u0259 zaman\u0131 o, X\u0259yal\u0259 R\u0259\u015fidovaya yumruq at\u0131b. Yumruq d\u0259ym\u0259diyi \u00fc\u00e7\u00fcn daha da \u0259s\u0259bil\u0259\u015fib, qarda\u015f\u0131 arvad\u0131n\u0131 qorxutmaq m\u0259qs\u0259di il\u0259 evin ikinci m\u0259rt\u0259b\u0259sind\u0259 saxlad\u0131\u011f\u0131 ov t\u00fcf\u0259ngini v\u0259 patronda\u015f\u0131n i\u00e7ind\u0259n at\u0259\u015f\u0259 yararl\u0131 v\u0259ziyy\u0259td\u0259 olan \u00fc\u00e7 patron g\u00f6t\u00fcr\u0259r\u0259k h\u0259y\u0259t\u0259 qay\u0131d\u0131b.<\/p>\n<p>Azad R\u0259\u015fidzad\u0259 patronlardan birini t\u00fcf\u0259ng\u0259 qoyub v\u0259 havaya at\u0259\u015f a\u00e7\u0131b. H\u0259min vaxt\u0131 iki azya\u015fl\u0131 u\u015fa\u011f\u0131 il\u0259 \u00e7\u00f6ld\u0259 dayanm\u0131\u015f X\u0259yal\u0259 R\u0259\u015fidovan\u0131n \u0259ri Az\u0259r R\u0259\u015fidov at\u0259\u015f s\u0259sin\u0259 h\u0259y\u0259t\u0259 girib.<\/p>\n<p>Az\u0259r qarda\u015f\u0131 Azad\u0131n \u00fcz\u0259rin\u0259 ged\u0259r\u0259k l\u0259yaq\u0259tini al\u00e7aldan nalayiq s\u00f6zl\u0259r i\u015fl\u0259dib. Bu s\u00f6zl\u0259rd\u0259n q\u0259z\u0259bl\u0259n\u0259n Azad Az\u0259r\u0259 iki azya\u015fl\u0131 u\u015fa\u011f\u0131 v\u0259 arvad\u0131 X\u0259yal\u0259nin g\u00f6z\u00fc qar\u015f\u0131s\u0131nda at\u0259\u015f a\u00e7\u0131b.<\/p>\n<p>Az\u0259r ald\u0131\u011f\u0131 x\u0259sar\u0259td\u0259n hadis\u0259 yerind\u0259 \u00f6l\u00fcb. \u0130kinci d\u0259f\u0259 at\u0259\u015f a\u00e7maq ist\u0259y\u0259rk\u0259n X\u0259yal\u0259 ona Az\u0259rin \u00f6ld\u00fcy\u00fcn\u00fc deyib, daha at\u0259\u015f a\u00e7mama\u011f\u0131 xahi\u015f edib. X\u0259yal\u0259 yalvarsa da Azad onun bu s\u00f6zl\u0259rind\u0259n daha da az\u011f\u0131nla\u015f\u0131b.<\/p>\n<div id=\"AdributorNativeVideo0\" class=\"AdributorNativeVideo\"><\/div>\n<p>O, t\u00fcf\u0259ngin l\u00fcl\u0259sinin istiqam\u0259tini d\u0259yi\u015fib v\u0259 h\u0259y\u0259td\u0259 t\u0259xmin\u0259n 4-5 metr m\u0259saf\u0259d\u0259 dayanm\u0131\u015f Az\u0259rin u\u015faqlar\u0131, 2013-c\u00fc il t\u0259v\u0259ll\u00fcdl\u00fc Ad\u0259m v\u0259 2011-ci il t\u0259v\u0259ll\u00fcdl\u00fc Aysuna tu\u015flay\u0131b, onlar\u0131 analar\u0131 X\u0259yal\u0259nin g\u00f6z\u00fc qar\u015f\u0131s\u0131nda \u00f6ld\u00fcrm\u0259k ist\u0259yib.<br \/>\n<ins><\/ins><\/p>\n<div id=\"beacon_ffffee0377\"><img loading=\"lazy\" src=\"https:\/\/ads2.newmedia.az\/www\/delivery\/lg.php?bannerid=0&amp;campaignid=0&amp;zoneid=975&amp;loc=https%3A%2F%2Fbig.az%2F346859-ov_tufengi_ile_qardasini_qetle_yetirdi_onun_korpe_usaqlarini..._-_samaxida_dehset.html&amp;referer=https%3A%2F%2Fbig.az%2F&amp;cb=ffffee0377\" alt=\"\" width=\"0\" height=\"0\" \/><\/div>\n<p>H\u0259min vaxt Azad\u0131n arvad\u0131 M\u00f6min\u0259 yax\u0131nl\u0131qda olub. Azad at\u0259\u015f a\u00e7maq ist\u0259y\u0259rk\u0259n M\u00f6min\u0259 sa\u011f \u0259lil\u0259 t\u00fcf\u0259ngin l\u00fcl\u0259sinin ucundan tutub v\u0259 at\u0259\u015fin istiqam\u0259tini d\u0259yi\u015fm\u0259k m\u0259qs\u0259di il\u0259 t\u00fcf\u0259ngi k\u0259nara it\u0259l\u0259yib.<\/p>\n<p>Bu s\u0259b\u0259bd\u0259n at\u0131lm\u0131\u015f q\u0131rmalar qarda\u015f\u0131 u\u015faqlar\u0131na x\u0259t\u0259r yetirm\u0259yib. M\u00f6min\u0259 is\u0259 sa\u011f \u0259lind\u0259n x\u0259sar\u0259t al\u0131b.<\/p>\n<p>\u0130stintaq orqan\u0131 t\u0259r\u0259find\u0259n Azad R\u0259\u015fidzad\u0259nin bar\u0259sind\u0259 Cinay\u0259t M\u0259c\u0259ll\u0259sinin 120.2.4-c\u00fc (x\u00fcsusi amans\u0131zl\u0131qla v\u0259 ya \u00fcmumi t\u0259hl\u00fck\u0259li \u00fcsulla adam \u00f6ld\u00fcrm\u0259), 29,120.2.4-c\u00fc (x\u00fcsusi amans\u0131zl\u0131qla v\u0259 ya \u00fcmumi t\u0259hl\u00fck\u0259li \u00fcsulla adam \u00f6ld\u00fcrm\u0259y\u0259 c\u0259hd), 29,120.2.7-ci (iki v\u0259 ya daha \u00e7ox \u015f\u0259xsi \u00f6ld\u00fcrm\u0259y\u0259 c\u0259hd) v\u0259 126.1-ci (q\u0259sd\u0259n sa\u011flaml\u0131\u011fa a\u011f\u0131r x\u0259sar\u0259t yetirm\u0259) madd\u0259l\u0259ri il\u0259 ittiham elan edilib.<\/p>\n<p>Bak\u0131 A\u011f\u0131r Cinay\u0259tl\u0259r M\u0259hk\u0259m\u0259sinin h\u00f6km\u00fc il\u0259 Azad R\u0259\u015fidzad\u0259 18 il m\u00fcdd\u0259tin\u0259 azadl\u0131qdan m\u0259hrum edilib. Onun c\u0259zas\u0131n\u0131 ciddi rejimli c\u0259za\u00e7\u0259km\u0259 m\u00fc\u0259ssis\u0259sind\u0259 \u00e7\u0259km\u0259si q\u0259rara al\u0131n\u0131b.<\/p>\n<p>H\u00f6kmd\u0259n naraz\u0131 qalan Azad R\u0259\u015fidzad\u0259 apelyasiya \u015fikay\u0259ti verib. O, ail\u0259 v\u0259ziyy\u0259tini, himay\u0259sind\u0259 u\u00e7 azya\u015fl\u0131 u\u015fa\u011f\u0131n\u0131n olmas\u0131n\u0131 n\u0259z\u0259r\u0259 al\u0131nmas\u0131n\u0131, h\u00f6km\u00fcn d\u0259yi\u015fdirilm\u0259sini, t\u0259yin edilmi\u015f c\u0259zan\u0131n azald\u0131lmas\u0131 bar\u0259d\u0259 q\u0259rar q\u0259bul edilm\u0259sini xahi\u015f edib.<\/p>\n<p>Azad R\u0259\u015fidzad\u0259nin apelyasiya \u015fikay\u0259ti ara\u015fd\u0131r\u0131lmas\u0131 \u00fc\u00e7\u00fcn Sumqay\u0131t Apelyasiya M\u0259hk\u0259m\u0259sin\u0259 g\u00f6nd\u0259rilib. Apelyasiya \u015fikay\u0259tinin d\u0259lill\u0259rini ara\u015fd\u0131ran hakim hey\u0259ti sonda q\u0259rar elan edib. Azad R\u0259\u015fidzad\u0259nin apelyasiya \u015fikay\u0259ti t\u0259min olunmay\u0131b.<\/p>\n<p>Q\u0259rardan naraz\u0131 qalan Azad R\u0259\u015fidzad\u0259 kasasiya \u015fikay\u0259ti verib. Ali M\u0259hk\u0259m\u0259d\u0259 hakim F\u0259rhad K\u0259rimovun s\u0259drliyi il\u0259 ba\u015f tutan prosesin gedi\u015fi zaman\u0131 h\u0259bsxanada c\u0259za \u00e7\u0259k\u0259n Azad R\u0259\u015fidzad\u0259 hakim\u0259 m\u0259ktub g\u00f6nd\u0259rib. O, kasasiya \u015fikay\u0259tin\u0259 \u0259lav\u0259l\u0259r ed\u0259c\u0259yini g\u00f6st\u0259rib v\u0259 \u015fikay\u0259tin\u0259 bax\u0131lmas\u0131n\u0131n dayand\u0131r\u0131lmas\u0131n\u0131 ist\u0259yib.<\/p>\n<p>Hakim hey\u0259ti h\u0259bsxanada c\u0259za \u00e7\u0259k\u0259n Azad R\u0259\u015fidzad\u0259nin ist\u0259yini n\u0259z\u0259r\u0259 al\u0131b. Bu s\u0259b\u0259bd\u0259n kasasiya \u015fikay\u0259ti ara\u015fd\u0131r\u0131lmay\u0131b v\u0259 bax\u0131\u015fdan \u00e7\u0131xar\u0131l\u0131b.<\/p>\n<p>&nbsp;<\/p>\n","protected":false},"excerpt":{"rendered":"<p>\u015eamax\u0131 \u015f\u0259h\u0259rind\u0259 qarda\u015f\u0131n\u0131 \u00f6ld\u00fcrm\u0259kd\u0259 t\u0259qsirli bilin\u0259n 1971-ci il t\u0259v\u0259ll\u00fcdl\u00fc Azad R\u0259\u015fidzad\u0259nin cinay\u0259t i\u015fi \u00fczr\u0259 m\u0259hk\u0259m\u0259 prosesi ba\u015fa \u00e7at\u0131b. ARANTV.AZ\u00a0teleqraf.com-a istinad\u0259n x\u0259b\u0259r verir ki, Azad R\u0259\u015fidzad\u0259nin ail\u0259si il\u0259 qarda\u015f\u0131 Az\u0259r R\u0259\u015fidovun ail\u0259si birlikd\u0259 \u015eamax\u0131 \u015f\u0259h\u0259ri, H\u00fcseyn Ciddi k\u00fc\u00e7\u0259sind\u0259 yerl\u0259\u015f\u0259n evin ayr\u0131-ayr\u0131 m\u0259rt\u0259b\u0259l\u0259rind\u0259 ya\u015fay\u0131blar. Son zamanlar ail\u0259-m\u0259i\u015f\u0259t z\u0259minind\u0259 iki ail\u0259 aras\u0131nda m\u00fcbahis\u0259l\u0259r ba\u015f verib. Azad R\u0259\u015fidov 7 iyun 2016-c\u0131 il tarixd\u0259 saat 16 rad\u0259l\u0259rind\u0259 n\u00f6vb\u0259ti g\u00fcn Rusiyaya getm\u0259si il\u0259 \u0259laq\u0259dar bir m\u00fcdd\u0259t evd\u0259 olmayaca\u011f\u0131na g\u00f6r\u0259 anas\u0131 F\u0259nar\u0259nin t\u00f6vsiy\u0259sin\u0259 \u0259sas\u0259n h\u0259y\u0259td\u0259 qarda\u015f\u0131 Az\u0259rin arvad\u0131 X\u0259yal\u0259y\u0259 anas\u0131 il\u0259 mehriban davranma\u011f\u0131, m\u00fcnaqi\u015f\u0259 yaratmama\u011f\u0131 t\u0259l\u0259b edib.&hellip;<\/p>\n","protected":false},"author":2,"featured_media":43358,"comment_status":"closed","ping_status":"closed","sticky":false,"template":"","format":"standard","meta":{"om_disable_all_campaigns":false,"_monsterinsights_skip_tracking":false,"_monsterinsights_sitenote_active":false,"_monsterinsights_sitenote_note":"","_monsterinsights_sitenote_category":0},"categories":[3],"tags":[],"aioseo_notices":[],"gutentor_comment":0,"rttpg_featured_image_url":{"full":["https:\/\/arantv.az\/wp-content\/uploads\/2019\/03\/1_71551867334.jpg",600,386,false],"landscape":["https:\/\/arantv.az\/wp-content\/uploads\/2019\/03\/1_71551867334.jpg",600,386,false],"portraits":["https:\/\/arantv.az\/wp-content\/uploads\/2019\/03\/1_71551867334.jpg",600,386,false],"thumbnail":["https:\/\/arantv.az\/wp-content\/uploads\/2019\/03\/1_71551867334-150x150.jpg",150,150,true],"medium":["https:\/\/arantv.az\/wp-content\/uploads\/2019\/03\/1_71551867334-300x193.jpg",300,193,true],"large":["https:\/\/arantv.az\/wp-content\/uploads\/2019\/03\/1_71551867334.jpg",600,386,false],"1536x1536":["https:\/\/arantv.az\/wp-content\/uploads\/2019\/03\/1_71551867334.jpg",600,386,false],"2048x2048":["https:\/\/arantv.az\/wp-content\/uploads\/2019\/03\/1_71551867334.jpg",600,386,false],"post-thumbnail":["https:\/\/arantv.az\/wp-content\/uploads\/2019\/03\/1_71551867334-240x172.jpg",240,172,true],"advps-thumb-one":["https:\/\/arantv.az\/wp-content\/uploads\/2019\/03\/1_71551867334.jpg",600,386,false]},"rttpg_author":{"display_name":"V\u00fcsal Rafiqo\u011flu","author_link":"https:\/\/arantv.az\/?author=2"},"rttpg_comment":0,"rttpg_category":"<a href=\"https:\/\/arantv.az\/?cat=3\" rel=\"category\">Kriminal<\/a>","rttpg_excerpt":"\u015eamax\u0131 \u015f\u0259h\u0259rind\u0259 qarda\u015f\u0131n\u0131 \u00f6ld\u00fcrm\u0259kd\u0259 t\u0259qsirli bilin\u0259n 1971-ci il t\u0259v\u0259ll\u00fcdl\u00fc Azad R\u0259\u015fidzad\u0259nin cinay\u0259t i\u015fi \u00fczr\u0259 m\u0259hk\u0259m\u0259 prosesi ba\u015fa \u00e7at\u0131b. ARANTV.AZ\u00a0teleqraf.com-a istinad\u0259n x\u0259b\u0259r verir ki, Azad R\u0259\u015fidzad\u0259nin ail\u0259si il\u0259 qarda\u015f\u0131 Az\u0259r R\u0259\u015fidovun ail\u0259si birlikd\u0259 \u015eamax\u0131 \u015f\u0259h\u0259ri, H\u00fcseyn Ciddi k\u00fc\u00e7\u0259sind\u0259 yerl\u0259\u015f\u0259n evin ayr\u0131-ayr\u0131 m\u0259rt\u0259b\u0259l\u0259rind\u0259 ya\u015fay\u0131blar. Son zamanlar ail\u0259-m\u0259i\u015f\u0259t z\u0259minind\u0259 iki ail\u0259 aras\u0131nda m\u00fcbahis\u0259l\u0259r ba\u015f verib. Azad R\u0259\u015fidov 7&hellip;","_links":{"self":[{"href":"https:\/\/arantv.az\/index.php?rest_route=\/wp\/v2\/posts\/43357"}],"collection":[{"href":"https:\/\/arantv.az\/index.php?rest_route=\/wp\/v2\/posts"}],"about":[{"href":"https:\/\/arantv.az\/index.php?rest_route=\/wp\/v2\/types\/post"}],"author":[{"embeddable":true,"href":"https:\/\/arantv.az\/index.php?rest_route=\/wp\/v2\/users\/2"}],"replies":[{"embeddable":true,"href":"https:\/\/arantv.az\/index.php?rest_route=%2Fwp%2Fv2%2Fcomments&post=43357"}],"version-history":[{"count":0,"href":"https:\/\/arantv.az\/index.php?rest_route=\/wp\/v2\/posts\/43357\/revisions"}],"wp:featuredmedia":[{"embeddable":true,"href":"https:\/\/arantv.az\/index.php?rest_route=\/wp\/v2\/media\/43358"}],"wp:attachment":[{"href":"https:\/\/arantv.az\/index.php?rest_route=%2Fwp%2Fv2%2Fmedia&parent=43357"}],"wp:term":[{"taxonomy":"category","embeddable":true,"href":"https:\/\/arantv.az\/index.php?rest_route=%2Fwp%2Fv2%2Fcategories&post=43357"},{"taxonomy":"post_tag","embeddable":true,"href":"https:\/\/arantv.az\/index.php?rest_route=%2Fwp%2Fv2%2Ftags&post=43357"}],"curies":[{"name":"wp","href":"https:\/\/api.w.org\/{rel}","templated":true}]}}