{"id":433582,"date":"2022-02-01T11:28:13","date_gmt":"2022-02-01T08:28:13","guid":{"rendered":"http:\/\/arantv.az\/?p=433582"},"modified":"2022-02-01T11:28:13","modified_gmt":"2022-02-01T08:28:13","slug":"prezidentin-g%c9%99nc%c9%99-s%c9%99f%c9%99rinin-t%c9%99hlili","status":"publish","type":"post","link":"https:\/\/arantv.az\/?p=433582","title":{"rendered":"Prezidentin G\u0259nc\u0259 s\u0259f\u0259rinin T\u018fHL\u0130L\u0130"},"content":{"rendered":"<p>Az\u0259rbaycan Respublikas\u0131n\u0131n Prezidenti \u0130lham \u018fliyev yanvar\u0131n 30-da G\u0259nc\u0259 \u015f\u0259h\u0259rind\u0259 s\u0259f\u0259rd\u0259 oldu. Prezident \u0130lham \u018fliyev G\u0259nc\u0259 D\u00f6vl\u0259t Dram Teatr\u0131n\u0131n yeni binas\u0131n\u0131n, 2 sayl\u0131 G\u0259nc\u0259 regional &#8220;ASAN xidm\u0259t&#8221; m\u0259rk\u0259zinin a\u00e7\u0131l\u0131\u015flar\u0131nda i\u015ftirak etdi v\u0259 G\u0259nc\u0259 \u0130dman Saray\u0131nda apar\u0131lan tikinti i\u015fl\u0259rinin gedi\u015fi il\u0259 tan\u0131\u015f oldu.<\/p>\n<p>D\u00f6vl\u0259t ba\u015f\u00e7\u0131s\u0131 h\u0259m\u00e7inin &#8220;Az\u0259rbaycan D\u0259mir Yollar\u0131&#8221; QSC-nin lokomotiv deposunun a\u00e7\u0131l\u0131\u015f\u0131nda i\u015ftirak edib, G\u0259nc\u0259 Memorial Kompleksinin t\u0259m\u0259lini qoydu.<\/p>\n<p>Milli M\u0259clisin G\u0259nc\u0259d\u0259n olan deputat\u0131\u00a0<strong>M\u00fc\u015ffiq C\u0259f\u0259rov<\/strong>\u00a0<a href=\"http:\/\/trend.az\/\" target=\"_blank\" rel=\"noopener\">Trend<\/a>-\u0259 a\u00e7\u0131qlamas\u0131nda bildirib ki, Prezident \u0130lham \u018fliyevin g\u0259nc\u0259y\u0259 n\u00f6vb\u0259ti s\u0259f\u0259ri bir daha onu g\u00f6st\u0259rir ki, Az\u0259rbaycan b\u00fct\u00fcn regionlar\u0131n inki\u015faf\u0131na b\u00f6y\u00fck diqq\u0259t yetirilir. Bu bax\u0131mdan G\u0259nc\u0259y\u0259 s\u0259f\u0259r Az\u0259rbaycan\u0131n h\u0259rt\u0259r\u0259fli inki\u015faf\u0131 konsepsiyas\u0131n\u0131n t\u0259rkib hiss\u0259sidir. Az\u0259rbaycanda b\u00fct\u00fcn b\u00f6lg\u0259l\u0259rin inki\u015faf\u0131 istiqam\u0259tind\u0259 kompleks t\u0259dbirl\u0259r h\u0259yata ke\u00e7irilir v\u0259 b\u00fct\u00fcn b\u00f6lg\u0259l\u0259r, h\u0259r bir layih\u0259 \u015f\u0259xs\u0259n d\u00f6vl\u0259t ba\u015f\u00e7\u0131s\u0131n\u0131n diqq\u0259t m\u0259rk\u0259zind\u0259dir. B\u00f6y\u00fck \u0259minlikl\u0259 dem\u0259k olar ki, Az\u0259rbaycan d\u00f6vl\u0259t\u00e7ilik tarixind\u0259 G\u0259nc\u0259nin iqtisadi potensial\u0131n\u0131n \u0259sas\u0131 Heyd\u0259r \u018fliyevin hakimiyy\u0259ti d\u00f6vr\u00fcnd\u0259n ba\u015flay\u0131r.<\/p>\n<p>&#8220;Bu \u00f6lk\u0259nin ikinci b\u00f6y\u00fck \u015f\u0259h\u0259rinin sonrak\u0131 inki\u015faf\u0131na, t\u0259r\u0259qqisin\u0259 m\u00f6hk\u0259m z\u0259min, b\u00fcn\u00f6vr\u0259 yarad\u0131b.<\/p>\n<p>Bunu Az\u0259rbaycan Respublikas\u0131n\u0131n Prezidenti c\u0259nab \u0130lham \u018fliyevin G\u0259nc\u0259 \u015f\u0259h\u0259rin\u0259 g\u00f6st\u0259rdiyi diqq\u0259t v\u0259 qay\u011f\u0131n\u0131n n\u00fcmun\u0259sind\u0259 d\u0259 ayd\u0131n g\u00f6r\u0259 bil\u0259rik. Prezident kimi d\u0259f\u0259l\u0259rl\u0259 G\u0259nc\u0259 \u015f\u0259h\u0259rin\u0259 s\u0259f\u0259r edib v\u0259 h\u0259r d\u0259f\u0259 s\u0259f\u0259ri zaman\u0131 G\u0259nc\u0259nin inki\u015faf\u0131 il\u0259 ba\u011fl\u0131 \u00e7ox m\u00fch\u00fcm q\u0259rarlar verib, bu \u015f\u0259h\u0259rin h\u0259rt\u0259r\u0259fli inki\u015faf\u0131na xidm\u0259t ed\u0259n b\u00f6y\u00fck layih\u0259l\u0259rin, ictimai \u0259h\u0259miyy\u0259tli obyektl\u0259rin a\u00e7\u0131l\u0131\u015f\u0131nda olub.<\/p>\n<p>Ali Ba\u015f komandan\u0131n \u015f\u0259h\u0259rimiz\u0259, bir ild\u0259 g\u00f6r\u00fcl\u0259n i\u015fl\u0259r\u0259 verdiyi y\u00fcks\u0259k qiym\u0259t G\u0259nc\u0259 ictimaiyy\u0259tind\u0259 Heyd\u0259r \u018fliyev ideyalar\u0131na olan s\u0259daq\u0259ti, \u00f6lk\u0259 r\u0259hb\u0259rin\u0259 olan b\u00f6y\u00fck inam\u0131 daha da art\u0131r\u0131r&#8221;, &#8211; dey\u0259 deputat bildirib.<\/p>\n<p>O qeyd edib ki, abadl\u0131q-quruculuq i\u015fl\u0259rinin miqyas\u0131 ild\u0259n-il\u0259 daha da geni\u015fl\u0259nir. &#8220;C\u0259nab Prezidentin d\u0259 qeyd etdiyi kimi G\u0259nc\u0259d\u0259 qazla\u015fd\u0131rma layih\u0259si dem\u0259k olar ki, tamamil\u0259 icra edilib, i\u00e7m\u0259li su layih\u0259si d\u0259 s\u00fcr\u0259tl\u0259 gedir. Bu layih\u0259 tamamland\u0131qda b\u00f6y\u00fck \u00f6l\u00e7\u00fcd\u0259 \u015f\u0259h\u0259rin su v\u0259 kanalzasiya problemi h\u0259ll olacaq ki, dem\u0259k olar ki, Nizami yurdunun el\u0259 \u0259n b\u00f6y\u00fck problemi m\u0259hz budur.<\/p>\n<p>\u00d6lk\u0259 ba\u015f\u00e7\u0131s\u0131 b\u00fct\u00fcn infrastruktur lahiy\u0259l\u0259rin icras\u0131na \u015f\u0259xs\u0259n \u00f6z\u00fc n\u0259zar\u0259t etm\u0259k m\u0259qs\u0259dil\u0259 h\u0259r il \u015f\u0259h\u0259rimiz\u0259 s\u0259f\u0259r edir, yeni layih\u0259l\u0259rin icras\u0131 \u00fc\u00e7\u00fcn m\u00fc\u0259yy\u0259n s\u0259r\u0259ncamlar verir.<\/p>\n<p>B\u00fct\u00fcn bunlar \u015f\u0259h\u0259rd\u0259 icraat prosesinin nec\u0259 m\u0259suliyy\u0259tl\u0259 yerin\u0259 yetirildiyini g\u00f6st\u0259rir. Tam \u0259minlikl\u0259 dey\u0259 bil\u0259r\u0259m ki, d\u00f6vl\u0259timizin ba\u015f\u00e7\u0131s\u0131n\u0131n konkret h\u0259d\u0259fl\u0259r\u0259 hesablanan siyas\u0259tinin n\u0259tic\u0259sind\u0259 paytaxt Bak\u0131 il\u0259 yana\u015f\u0131, \u00f6lk\u0259mizin b\u00fct\u00fcn b\u00f6lg\u0259l\u0259rind\u0259 h\u0259m abadl\u0131q-quruculuq i\u015fl\u0259ri u\u011furla apar\u0131l\u0131r, h\u0259m d\u0259 infrastruktur layih\u0259l\u0259r icra edilir&#8221;, &#8211; dey\u0259 deputat bildirib.<\/p>\n<p>O qeyd edib ki, G\u0259nc\u0259 d\u0259 Prezident \u0130lham \u018fliyevin diqq\u0259t v\u0259 qay\u011f\u0131s\u0131 say\u0259sind\u0259 \u00f6lk\u0259mizd\u0259 geni\u015f v\u00fcs\u0259t alan t\u0259r\u0259qqid\u0259n k\u0259narda qalmay\u0131b, g\u00fcnd\u0259n-g\u00fcn\u0259 inki\u015faf ed\u0259n bir \u015f\u0259h\u0259r\u0259 \u00e7evrilib. &#8220;M\u0259hz bu idar\u0259\u00e7ilikl\u0259 respublikam\u0131zda, el\u0259c\u0259 d\u0259 onun ikinci s\u0259naye v\u0259 m\u0259d\u0259niyy\u0259t m\u0259rk\u0259zi olan G\u0259nc\u0259d\u0259 b\u00f6y\u00fck \u0259h\u0259miyy\u0259t da\u015f\u0131yan m\u0259s\u0259l\u0259l\u0259r h\u0259ll edilmi\u015fdir&#8221;, &#8211; M.C\u0259f\u0259rov \u0259lav\u0259 edib.<\/p>\n<p>Mill\u0259t v\u0259kili\u00a0<strong>El\u015f\u0259n Musayev<\/strong>\u00a0d\u0259\u00a0Trend-\u0259 \u015f\u0259rhind\u0259 qeyd edib ki, Prezident \u0130lham \u018fliyevin G\u0259nc\u0259y\u0259 s\u0259f\u0259ri Az\u0259rbaycan\u0131n h\u0259rt\u0259r\u0259fli inki\u015faf konsepsiyas\u0131n\u0131n t\u0259rkib hiss\u0259sidir. Eyni zamanda b\u0259lli v\u0259 m\u0259lum h\u0259qiq\u0259tin t\u0259sdiqidir ki, Az\u0259rbaycanda yenid\u0259nqurma, quruculuq i\u015fl\u0259ri t\u0259kc\u0259 i\u015f\u011faldan azad olunmu\u015f b\u00f6lg\u0259l\u0259rd\u0259 deyil, b\u00fct\u00fcn \u00f6lk\u0259 boyunca apar\u0131l\u0131r.<\/p>\n<p>&#8220;C\u0259nab Prezident \u00f6z m\u0259zmunlu \u00e7\u0131x\u0131\u015f\u0131nda bir m\u0259qam\u0131 x\u00fcsusi qeyd etdi ki, bu, onun G\u0259nc\u0259y\u0259 18-ci s\u0259f\u0259ridir. H\u0259min s\u0259f\u0259rl\u0259rin h\u0259r d\u0259f\u0259sind\u0259 G\u0259nc\u0259 daha da d\u0259yi\u015fib, g\u00f6z\u0259ll\u0259\u015fib, inki\u015faf edib.<\/p>\n<p>Bu g\u00fcn G\u0259nc\u0259d\u0259 \u00e7ox b\u00f6y\u00fck infrastruktur layih\u0259l\u0259ri icra olunur, \u015f\u0259h\u0259rd\u0259 elektrik t\u0259hcizat\u0131 v\u0259 su t\u0259minat\u0131 il\u0259 ba\u011fl\u0131 iri miqyasl\u0131 i\u015fl\u0259r g\u00f6r\u00fcl\u00fcr. Art\u0131q Bak\u0131-G\u0259nc\u0259, G\u0259nc\u0259-Qazax-G\u00fcrc\u00fcstan s\u0259rh\u0259di yolunun \u00e7\u0259kili\u015fi tam ba\u015fa \u00e7at\u0131b, G\u0259nc\u0259d\u0259n Bak\u0131ya q\u0259d\u0259r d\u0259mir yolu tam modernl\u0259\u015fdirilib, 245 n\u0259f\u0259rlik x\u0259st\u0259xana istifad\u0259y\u0259 verilib, modul tipli x\u0259st\u0259xana q\u0131sa m\u00fcdd\u0259td\u0259 \u0259rs\u0259y\u0259 g\u0259tirilib, D\u00f6vl\u0259t Flarmoniyas\u0131n\u0131n, Dram Teatr\u0131n\u0131n yeni binalar\u0131, eyni zamanda 30-a yax\u0131n m\u0259kt\u0259b tikilib, t\u0259mir olunub&#8221;, &#8211; E.Musayev deyib.<\/p>\n<p>B\u00fct\u00fcn bunlar onun g\u00f6st\u0259ricisidir ki, Az\u0259rbaycan davaml\u0131 inki\u015faf x\u0259ttind\u0259dir. Prezident \u0130lham \u018fliyevin y\u00fcr\u00fctd\u00fcy\u00fc d\u00fczg\u00fcn, m\u0259qs\u0259dy\u00f6nl\u00fc siyas\u0259t ilb\u0259il \u00f6z b\u0259hr\u0259sini verir v\u0259 \u00f6lk\u0259mizi yeni-yeni u\u011furlara do\u011fru apar\u0131r.<\/p>\n","protected":false},"excerpt":{"rendered":"<p>Az\u0259rbaycan Respublikas\u0131n\u0131n Prezidenti \u0130lham \u018fliyev yanvar\u0131n 30-da G\u0259nc\u0259 \u015f\u0259h\u0259rind\u0259 s\u0259f\u0259rd\u0259 oldu. Prezident \u0130lham \u018fliyev G\u0259nc\u0259 D\u00f6vl\u0259t Dram Teatr\u0131n\u0131n yeni binas\u0131n\u0131n, 2 sayl\u0131 G\u0259nc\u0259 regional &#8220;ASAN xidm\u0259t&#8221; m\u0259rk\u0259zinin a\u00e7\u0131l\u0131\u015flar\u0131nda i\u015ftirak etdi v\u0259 G\u0259nc\u0259 \u0130dman Saray\u0131nda apar\u0131lan tikinti i\u015fl\u0259rinin gedi\u015fi il\u0259 tan\u0131\u015f oldu. D\u00f6vl\u0259t ba\u015f\u00e7\u0131s\u0131 h\u0259m\u00e7inin &#8220;Az\u0259rbaycan D\u0259mir Yollar\u0131&#8221; QSC-nin lokomotiv deposunun a\u00e7\u0131l\u0131\u015f\u0131nda i\u015ftirak edib, G\u0259nc\u0259 Memorial Kompleksinin t\u0259m\u0259lini qoydu. Milli M\u0259clisin G\u0259nc\u0259d\u0259n olan deputat\u0131\u00a0M\u00fc\u015ffiq C\u0259f\u0259rov\u00a0Trend-\u0259 a\u00e7\u0131qlamas\u0131nda bildirib ki, Prezident \u0130lham \u018fliyevin g\u0259nc\u0259y\u0259 n\u00f6vb\u0259ti s\u0259f\u0259ri bir daha onu g\u00f6st\u0259rir ki, Az\u0259rbaycan b\u00fct\u00fcn regionlar\u0131n inki\u015faf\u0131na b\u00f6y\u00fck diqq\u0259t yetirilir. Bu bax\u0131mdan G\u0259nc\u0259y\u0259 s\u0259f\u0259r Az\u0259rbaycan\u0131n&hellip;<\/p>\n","protected":false},"author":2,"featured_media":433583,"comment_status":"closed","ping_status":"closed","sticky":false,"template":"","format":"standard","meta":{"om_disable_all_campaigns":false,"_monsterinsights_skip_tracking":false,"_monsterinsights_sitenote_active":false,"_monsterinsights_sitenote_note":"","_monsterinsights_sitenote_category":0},"categories":[4],"tags":[],"aioseo_notices":[],"gutentor_comment":0,"rttpg_featured_image_url":{"full":["https:\/\/arantv.az\/wp-content\/uploads\/2022\/02\/1016017.jpg",985,669,false],"landscape":["https:\/\/arantv.az\/wp-content\/uploads\/2022\/02\/1016017.jpg",985,669,false],"portraits":["https:\/\/arantv.az\/wp-content\/uploads\/2022\/02\/1016017.jpg",985,669,false],"thumbnail":["https:\/\/arantv.az\/wp-content\/uploads\/2022\/02\/1016017-500x280.jpg",500,280,true],"medium":["https:\/\/arantv.az\/wp-content\/uploads\/2022\/02\/1016017-537x365.jpg",537,365,true],"large":["https:\/\/arantv.az\/wp-content\/uploads\/2022\/02\/1016017-840x571.jpg",640,435,true],"1536x1536":["https:\/\/arantv.az\/wp-content\/uploads\/2022\/02\/1016017.jpg",985,669,false],"2048x2048":["https:\/\/arantv.az\/wp-content\/uploads\/2022\/02\/1016017.jpg",985,669,false],"post-thumbnail":["https:\/\/arantv.az\/wp-content\/uploads\/2022\/02\/1016017-240x172.jpg",240,172,true],"advps-thumb-one":["https:\/\/arantv.az\/wp-content\/uploads\/2022\/02\/1016017-985x620.jpg",985,620,true]},"rttpg_author":{"display_name":"V\u00fcsal Rafiqo\u011flu","author_link":"https:\/\/arantv.az\/?author=2"},"rttpg_comment":0,"rttpg_category":"<a href=\"https:\/\/arantv.az\/?cat=4\" rel=\"category\">Siyas\u0259t<\/a>","rttpg_excerpt":"Az\u0259rbaycan Respublikas\u0131n\u0131n Prezidenti \u0130lham \u018fliyev yanvar\u0131n 30-da G\u0259nc\u0259 \u015f\u0259h\u0259rind\u0259 s\u0259f\u0259rd\u0259 oldu. Prezident \u0130lham \u018fliyev G\u0259nc\u0259 D\u00f6vl\u0259t Dram Teatr\u0131n\u0131n yeni binas\u0131n\u0131n, 2 sayl\u0131 G\u0259nc\u0259 regional &#8220;ASAN xidm\u0259t&#8221; m\u0259rk\u0259zinin a\u00e7\u0131l\u0131\u015flar\u0131nda i\u015ftirak etdi v\u0259 G\u0259nc\u0259 \u0130dman Saray\u0131nda apar\u0131lan tikinti i\u015fl\u0259rinin gedi\u015fi il\u0259 tan\u0131\u015f oldu. D\u00f6vl\u0259t ba\u015f\u00e7\u0131s\u0131 h\u0259m\u00e7inin &#8220;Az\u0259rbaycan D\u0259mir Yollar\u0131&#8221; QSC-nin lokomotiv deposunun a\u00e7\u0131l\u0131\u015f\u0131nda i\u015ftirak edib, G\u0259nc\u0259 Memorial&hellip;","_links":{"self":[{"href":"https:\/\/arantv.az\/index.php?rest_route=\/wp\/v2\/posts\/433582"}],"collection":[{"href":"https:\/\/arantv.az\/index.php?rest_route=\/wp\/v2\/posts"}],"about":[{"href":"https:\/\/arantv.az\/index.php?rest_route=\/wp\/v2\/types\/post"}],"author":[{"embeddable":true,"href":"https:\/\/arantv.az\/index.php?rest_route=\/wp\/v2\/users\/2"}],"replies":[{"embeddable":true,"href":"https:\/\/arantv.az\/index.php?rest_route=%2Fwp%2Fv2%2Fcomments&post=433582"}],"version-history":[{"count":0,"href":"https:\/\/arantv.az\/index.php?rest_route=\/wp\/v2\/posts\/433582\/revisions"}],"wp:featuredmedia":[{"embeddable":true,"href":"https:\/\/arantv.az\/index.php?rest_route=\/wp\/v2\/media\/433583"}],"wp:attachment":[{"href":"https:\/\/arantv.az\/index.php?rest_route=%2Fwp%2Fv2%2Fmedia&parent=433582"}],"wp:term":[{"taxonomy":"category","embeddable":true,"href":"https:\/\/arantv.az\/index.php?rest_route=%2Fwp%2Fv2%2Fcategories&post=433582"},{"taxonomy":"post_tag","embeddable":true,"href":"https:\/\/arantv.az\/index.php?rest_route=%2Fwp%2Fv2%2Ftags&post=433582"}],"curies":[{"name":"wp","href":"https:\/\/api.w.org\/{rel}","templated":true}]}}