{"id":433586,"date":"2022-02-01T11:35:20","date_gmt":"2022-02-01T08:35:20","guid":{"rendered":"http:\/\/arantv.az\/?p=433586"},"modified":"2022-02-01T11:35:20","modified_gmt":"2022-02-01T08:35:20","slug":"az%c9%99rbaycanla-serbiya-arasinda-viza-rejimi-l%c9%99gv-edildi","status":"publish","type":"post","link":"https:\/\/arantv.az\/?p=433586","title":{"rendered":"Az\u0259rbaycanla Serbiya aras\u0131nda viza rejimi l\u0259\u011fv edildi"},"content":{"rendered":"<p>Az\u0259rbaycanla Serbiya aras\u0131nda \u00fcmumv\u0259t\u0259nda\u015f pasportlar\u0131na malik \u015f\u0259xsl\u0259rin viza t\u0259l\u0259bi aradan qald\u0131r\u0131l\u0131r.<\/p>\n<div class=\"AdviadNativeVideo\"><\/div>\n<p><strong>ARANTV.AZ <\/strong>\u00a0x\u0259b\u0259r verir ki, bununla ba\u011fl\u0131 s\u0259n\u0259d Milli M\u0259clisin iclas\u0131nda s\u0259sverm\u0259y\u0259 \u00e7\u0131xar\u0131laraq q\u0259bul edilib.<\/p>\n<p>S\u0259n\u0259d \u201cAz\u0259rbaycan Respublikas\u0131 H\u00f6kum\u0259ti il\u0259 Serbiya Respublikas\u0131 H\u00f6kum\u0259ti aras\u0131nda \u00fcmumv\u0259t\u0259nda\u015f pasportlara malik \u015f\u0259xsl\u0259r \u00fc\u00e7\u00fcn viza t\u0259l\u0259binin qar\u015f\u0131l\u0131ql\u0131 aradan qald\u0131r\u0131lmas\u0131 haqq\u0131nda\u201d Sazi\u015f adlan\u0131r.<\/p>\n<p>S\u0259n\u0259d\u0259 \u0259sas\u0259n, h\u0259r bir t\u0259r\u0259fin d\u00f6vl\u0259tinin \u00fcmumv\u0259t\u0259nda\u015f pasportlar\u0131na malik olan v\u0259t\u0259nda\u015flar\u0131 dig\u0259r t\u0259r\u0259fin d\u00f6vl\u0259tinin \u0259razisin\u0259 daxil olmaq, oradan \u00e7\u0131xmaq v\u0259 ya tranzit ke\u00e7m\u0259k v\u0259 oraya ilk daxil oldu\u011fu tarixd\u0259n etibar\u0259n\u00a0180 g\u00fcnl\u00fck m\u00fcdd\u0259t \u0259rzind\u0259 90 g\u00fcnd\u0259n art\u0131q olmayaraq orada qalmaq \u00fc\u00e7\u00fcn viza t\u0259l\u0259bind\u0259n azad edilir.<\/p>\n<p>Haz\u0131rk\u0131 sazi\u015f qeyri-m\u00fc\u0259yy\u0259n m\u00fcdd\u0259t\u0259 ba\u011flan\u0131l\u0131r. Sazi\u015fin q\u00fcvv\u0259y\u0259 minm\u0259si \u00fc\u00e7\u00fcn z\u0259ruri olan b\u00fct\u00fcn d\u00f6vl\u0259tdaxili prosedurlar\u0131n tamamlanmas\u0131 bar\u0259d\u0259 sonuncu yaz\u0131l\u0131 bildiri\u015fin diplomatik kanallar vasit\u0259si il\u0259 al\u0131nd\u0131\u011f\u0131 tarixd\u0259n 30 g\u00fcn sonra q\u00fcvv\u0259y\u0259 minir.<\/p>\n","protected":false},"excerpt":{"rendered":"<p>Az\u0259rbaycanla Serbiya aras\u0131nda \u00fcmumv\u0259t\u0259nda\u015f pasportlar\u0131na malik \u015f\u0259xsl\u0259rin viza t\u0259l\u0259bi aradan qald\u0131r\u0131l\u0131r. ARANTV.AZ \u00a0x\u0259b\u0259r verir ki, bununla ba\u011fl\u0131 s\u0259n\u0259d Milli M\u0259clisin iclas\u0131nda s\u0259sverm\u0259y\u0259 \u00e7\u0131xar\u0131laraq q\u0259bul edilib. S\u0259n\u0259d \u201cAz\u0259rbaycan Respublikas\u0131 H\u00f6kum\u0259ti il\u0259 Serbiya Respublikas\u0131 H\u00f6kum\u0259ti aras\u0131nda \u00fcmumv\u0259t\u0259nda\u015f pasportlara malik \u015f\u0259xsl\u0259r \u00fc\u00e7\u00fcn viza t\u0259l\u0259binin qar\u015f\u0131l\u0131ql\u0131 aradan qald\u0131r\u0131lmas\u0131 haqq\u0131nda\u201d Sazi\u015f adlan\u0131r. S\u0259n\u0259d\u0259 \u0259sas\u0259n, h\u0259r bir t\u0259r\u0259fin d\u00f6vl\u0259tinin \u00fcmumv\u0259t\u0259nda\u015f pasportlar\u0131na malik olan v\u0259t\u0259nda\u015flar\u0131 dig\u0259r t\u0259r\u0259fin d\u00f6vl\u0259tinin \u0259razisin\u0259 daxil olmaq, oradan \u00e7\u0131xmaq v\u0259 ya tranzit ke\u00e7m\u0259k v\u0259 oraya ilk daxil oldu\u011fu tarixd\u0259n etibar\u0259n\u00a0180 g\u00fcnl\u00fck m\u00fcdd\u0259t \u0259rzind\u0259 90 g\u00fcnd\u0259n art\u0131q olmayaraq orada qalmaq \u00fc\u00e7\u00fcn viza t\u0259l\u0259bind\u0259n azad&hellip;<\/p>\n","protected":false},"author":2,"featured_media":433587,"comment_status":"closed","ping_status":"closed","sticky":false,"template":"","format":"standard","meta":{"om_disable_all_campaigns":false,"_monsterinsights_skip_tracking":false,"_monsterinsights_sitenote_active":false,"_monsterinsights_sitenote_note":"","_monsterinsights_sitenote_category":0},"categories":[1],"tags":[],"aioseo_notices":[],"gutentor_comment":0,"rttpg_featured_image_url":{"full":["https:\/\/arantv.az\/wp-content\/uploads\/2022\/02\/18bae667-1fa7-3e20-bed8-2f559a8f28c8_850.jpg",620,387,false],"landscape":["https:\/\/arantv.az\/wp-content\/uploads\/2022\/02\/18bae667-1fa7-3e20-bed8-2f559a8f28c8_850.jpg",620,387,false],"portraits":["https:\/\/arantv.az\/wp-content\/uploads\/2022\/02\/18bae667-1fa7-3e20-bed8-2f559a8f28c8_850.jpg",620,387,false],"thumbnail":["https:\/\/arantv.az\/wp-content\/uploads\/2022\/02\/18bae667-1fa7-3e20-bed8-2f559a8f28c8_850-500x280.jpg",500,280,true],"medium":["https:\/\/arantv.az\/wp-content\/uploads\/2022\/02\/18bae667-1fa7-3e20-bed8-2f559a8f28c8_850-585x365.jpg",585,365,true],"large":["https:\/\/arantv.az\/wp-content\/uploads\/2022\/02\/18bae667-1fa7-3e20-bed8-2f559a8f28c8_850.jpg",620,387,false],"1536x1536":["https:\/\/arantv.az\/wp-content\/uploads\/2022\/02\/18bae667-1fa7-3e20-bed8-2f559a8f28c8_850.jpg",620,387,false],"2048x2048":["https:\/\/arantv.az\/wp-content\/uploads\/2022\/02\/18bae667-1fa7-3e20-bed8-2f559a8f28c8_850.jpg",620,387,false],"post-thumbnail":["https:\/\/arantv.az\/wp-content\/uploads\/2022\/02\/18bae667-1fa7-3e20-bed8-2f559a8f28c8_850-240x172.jpg",240,172,true],"advps-thumb-one":["https:\/\/arantv.az\/wp-content\/uploads\/2022\/02\/18bae667-1fa7-3e20-bed8-2f559a8f28c8_850.jpg",620,387,false]},"rttpg_author":{"display_name":"V\u00fcsal Rafiqo\u011flu","author_link":"https:\/\/arantv.az\/?author=2"},"rttpg_comment":0,"rttpg_category":"<a href=\"https:\/\/arantv.az\/?cat=1\" rel=\"category\">C\u0259miyy\u0259t<\/a>","rttpg_excerpt":"Az\u0259rbaycanla Serbiya aras\u0131nda \u00fcmumv\u0259t\u0259nda\u015f pasportlar\u0131na malik \u015f\u0259xsl\u0259rin viza t\u0259l\u0259bi aradan qald\u0131r\u0131l\u0131r. ARANTV.AZ \u00a0x\u0259b\u0259r verir ki, bununla ba\u011fl\u0131 s\u0259n\u0259d Milli M\u0259clisin iclas\u0131nda s\u0259sverm\u0259y\u0259 \u00e7\u0131xar\u0131laraq q\u0259bul edilib. S\u0259n\u0259d \u201cAz\u0259rbaycan Respublikas\u0131 H\u00f6kum\u0259ti il\u0259 Serbiya Respublikas\u0131 H\u00f6kum\u0259ti aras\u0131nda \u00fcmumv\u0259t\u0259nda\u015f pasportlara malik \u015f\u0259xsl\u0259r \u00fc\u00e7\u00fcn viza t\u0259l\u0259binin qar\u015f\u0131l\u0131ql\u0131 aradan qald\u0131r\u0131lmas\u0131 haqq\u0131nda\u201d Sazi\u015f adlan\u0131r. S\u0259n\u0259d\u0259 \u0259sas\u0259n, h\u0259r bir t\u0259r\u0259fin d\u00f6vl\u0259tinin \u00fcmumv\u0259t\u0259nda\u015f pasportlar\u0131na&hellip;","_links":{"self":[{"href":"https:\/\/arantv.az\/index.php?rest_route=\/wp\/v2\/posts\/433586"}],"collection":[{"href":"https:\/\/arantv.az\/index.php?rest_route=\/wp\/v2\/posts"}],"about":[{"href":"https:\/\/arantv.az\/index.php?rest_route=\/wp\/v2\/types\/post"}],"author":[{"embeddable":true,"href":"https:\/\/arantv.az\/index.php?rest_route=\/wp\/v2\/users\/2"}],"replies":[{"embeddable":true,"href":"https:\/\/arantv.az\/index.php?rest_route=%2Fwp%2Fv2%2Fcomments&post=433586"}],"version-history":[{"count":0,"href":"https:\/\/arantv.az\/index.php?rest_route=\/wp\/v2\/posts\/433586\/revisions"}],"wp:featuredmedia":[{"embeddable":true,"href":"https:\/\/arantv.az\/index.php?rest_route=\/wp\/v2\/media\/433587"}],"wp:attachment":[{"href":"https:\/\/arantv.az\/index.php?rest_route=%2Fwp%2Fv2%2Fmedia&parent=433586"}],"wp:term":[{"taxonomy":"category","embeddable":true,"href":"https:\/\/arantv.az\/index.php?rest_route=%2Fwp%2Fv2%2Fcategories&post=433586"},{"taxonomy":"post_tag","embeddable":true,"href":"https:\/\/arantv.az\/index.php?rest_route=%2Fwp%2Fv2%2Ftags&post=433586"}],"curies":[{"name":"wp","href":"https:\/\/api.w.org\/{rel}","templated":true}]}}