{"id":433589,"date":"2022-02-01T11:35:45","date_gmt":"2022-02-01T08:35:45","guid":{"rendered":"http:\/\/arantv.az\/?p=433589"},"modified":"2022-02-01T11:35:45","modified_gmt":"2022-02-01T08:35:45","slug":"az%c9%99rbaycanda-iki-m%c9%99hk%c9%99m%c9%99-hakimi-koronavirusa-yoluxdu","status":"publish","type":"post","link":"https:\/\/arantv.az\/?p=433589","title":{"rendered":"Az\u0259rbaycanda iki m\u0259hk\u0259m\u0259 hakimi koronavirusa yoluxdu"},"content":{"rendered":"<p>Az\u0259rbaycanda iki m\u0259hk\u0259m\u0259 hakimi koronavirusa yoluxub.<\/p>\n<div class=\"AdviadNativeVideo\"><\/div>\n<p>\u201cReport\u201dun x\u0259b\u0259rin\u0259 g\u00f6r\u0259, Bak\u0131 H\u0259rbi M\u0259hk\u0259m\u0259sinin hakiml\u0259ri &#8211; Elb\u0259y Allahverdiyev v\u0259 Camal Ramazanovun verdikl\u0259ri COVID-19 testinin n\u0259tic\u0259l\u0259ri pozitiv \u00e7\u0131x\u0131b.<\/p>\n<p>N\u0259tic\u0259d\u0259 hakiml\u0259rin icraat\u0131nda olan m\u0259hk\u0259m\u0259 i\u015fl\u0259ri t\u0259xir\u0259 sal\u0131n\u0131b.<\/p>\n<p>Qeyd ed\u0259k ki, hakim E.Allahverdiyevin s\u0259drliyi il\u0259 l\u0259\u011fv edilmi\u015f Milli T\u0259hl\u00fck\u0259sizlik Nazirliyinin\u00a0Ba\u015f \u0130stintaq \u0130dar\u0259sinin sabiq r\u0259isi general-mayor M\u00f6vlam \u015e\u0131x\u0259liyev, h\u0259min idar\u0259nin ke\u00e7mi\u015f r\u0259is m\u00fcavini, birinci \u015f\u00f6b\u0259nin r\u0259isi Yasin M\u0259mm\u0259dov, \u0130stintaq idar\u0259sinin ikinci \u015f\u00f6b\u0259nin eks r\u0259isi, polkovnik V\u00fcsal \u018fl\u0259kb\u0259rov v\u0259 \u0130stintaq idar\u0259sinin metodiki yard\u0131m v\u0259 kriminalistika \u015f\u00f6b\u0259sinin sabiq r\u0259is m\u00fcavini Sahib \u018fl\u0259kb\u0259rovun cinay\u0259t i\u015fi ara\u015fd\u0131r\u0131l\u0131r.<\/p>\n","protected":false},"excerpt":{"rendered":"<p>Az\u0259rbaycanda iki m\u0259hk\u0259m\u0259 hakimi koronavirusa yoluxub. \u201cReport\u201dun x\u0259b\u0259rin\u0259 g\u00f6r\u0259, Bak\u0131 H\u0259rbi M\u0259hk\u0259m\u0259sinin hakiml\u0259ri &#8211; Elb\u0259y Allahverdiyev v\u0259 Camal Ramazanovun verdikl\u0259ri COVID-19 testinin n\u0259tic\u0259l\u0259ri pozitiv \u00e7\u0131x\u0131b. N\u0259tic\u0259d\u0259 hakiml\u0259rin icraat\u0131nda olan m\u0259hk\u0259m\u0259 i\u015fl\u0259ri t\u0259xir\u0259 sal\u0131n\u0131b. Qeyd ed\u0259k ki, hakim E.Allahverdiyevin s\u0259drliyi il\u0259 l\u0259\u011fv edilmi\u015f Milli T\u0259hl\u00fck\u0259sizlik Nazirliyinin\u00a0Ba\u015f \u0130stintaq \u0130dar\u0259sinin sabiq r\u0259isi general-mayor M\u00f6vlam \u015e\u0131x\u0259liyev, h\u0259min idar\u0259nin ke\u00e7mi\u015f r\u0259is m\u00fcavini, birinci \u015f\u00f6b\u0259nin r\u0259isi Yasin M\u0259mm\u0259dov, \u0130stintaq idar\u0259sinin ikinci \u015f\u00f6b\u0259nin eks r\u0259isi, polkovnik V\u00fcsal \u018fl\u0259kb\u0259rov v\u0259 \u0130stintaq idar\u0259sinin metodiki yard\u0131m v\u0259 kriminalistika \u015f\u00f6b\u0259sinin sabiq r\u0259is m\u00fcavini Sahib \u018fl\u0259kb\u0259rovun cinay\u0259t i\u015fi ara\u015fd\u0131r\u0131l\u0131r.<\/p>\n","protected":false},"author":2,"featured_media":433590,"comment_status":"closed","ping_status":"closed","sticky":false,"template":"","format":"standard","meta":{"om_disable_all_campaigns":false,"_monsterinsights_skip_tracking":false,"_monsterinsights_sitenote_active":false,"_monsterinsights_sitenote_note":"","_monsterinsights_sitenote_category":0},"categories":[1],"tags":[],"aioseo_notices":[],"gutentor_comment":0,"rttpg_featured_image_url":{"full":["https:\/\/arantv.az\/wp-content\/uploads\/2022\/02\/FotoJet-5-1.jpg",620,413,false],"landscape":["https:\/\/arantv.az\/wp-content\/uploads\/2022\/02\/FotoJet-5-1.jpg",620,413,false],"portraits":["https:\/\/arantv.az\/wp-content\/uploads\/2022\/02\/FotoJet-5-1.jpg",620,413,false],"thumbnail":["https:\/\/arantv.az\/wp-content\/uploads\/2022\/02\/FotoJet-5-1-500x280.jpg",500,280,true],"medium":["https:\/\/arantv.az\/wp-content\/uploads\/2022\/02\/FotoJet-5-1-548x365.jpg",548,365,true],"large":["https:\/\/arantv.az\/wp-content\/uploads\/2022\/02\/FotoJet-5-1.jpg",620,413,false],"1536x1536":["https:\/\/arantv.az\/wp-content\/uploads\/2022\/02\/FotoJet-5-1.jpg",620,413,false],"2048x2048":["https:\/\/arantv.az\/wp-content\/uploads\/2022\/02\/FotoJet-5-1.jpg",620,413,false],"post-thumbnail":["https:\/\/arantv.az\/wp-content\/uploads\/2022\/02\/FotoJet-5-1-240x172.jpg",240,172,true],"advps-thumb-one":["https:\/\/arantv.az\/wp-content\/uploads\/2022\/02\/FotoJet-5-1.jpg",620,413,false]},"rttpg_author":{"display_name":"V\u00fcsal Rafiqo\u011flu","author_link":"https:\/\/arantv.az\/?author=2"},"rttpg_comment":0,"rttpg_category":"<a href=\"https:\/\/arantv.az\/?cat=1\" rel=\"category\">C\u0259miyy\u0259t<\/a>","rttpg_excerpt":"Az\u0259rbaycanda iki m\u0259hk\u0259m\u0259 hakimi koronavirusa yoluxub. \u201cReport\u201dun x\u0259b\u0259rin\u0259 g\u00f6r\u0259, Bak\u0131 H\u0259rbi M\u0259hk\u0259m\u0259sinin hakiml\u0259ri &#8211; Elb\u0259y Allahverdiyev v\u0259 Camal Ramazanovun verdikl\u0259ri COVID-19 testinin n\u0259tic\u0259l\u0259ri pozitiv \u00e7\u0131x\u0131b. N\u0259tic\u0259d\u0259 hakiml\u0259rin icraat\u0131nda olan m\u0259hk\u0259m\u0259 i\u015fl\u0259ri t\u0259xir\u0259 sal\u0131n\u0131b. Qeyd ed\u0259k ki, hakim E.Allahverdiyevin s\u0259drliyi il\u0259 l\u0259\u011fv edilmi\u015f Milli T\u0259hl\u00fck\u0259sizlik Nazirliyinin\u00a0Ba\u015f \u0130stintaq \u0130dar\u0259sinin sabiq r\u0259isi general-mayor M\u00f6vlam \u015e\u0131x\u0259liyev, h\u0259min idar\u0259nin ke\u00e7mi\u015f&hellip;","_links":{"self":[{"href":"https:\/\/arantv.az\/index.php?rest_route=\/wp\/v2\/posts\/433589"}],"collection":[{"href":"https:\/\/arantv.az\/index.php?rest_route=\/wp\/v2\/posts"}],"about":[{"href":"https:\/\/arantv.az\/index.php?rest_route=\/wp\/v2\/types\/post"}],"author":[{"embeddable":true,"href":"https:\/\/arantv.az\/index.php?rest_route=\/wp\/v2\/users\/2"}],"replies":[{"embeddable":true,"href":"https:\/\/arantv.az\/index.php?rest_route=%2Fwp%2Fv2%2Fcomments&post=433589"}],"version-history":[{"count":0,"href":"https:\/\/arantv.az\/index.php?rest_route=\/wp\/v2\/posts\/433589\/revisions"}],"wp:featuredmedia":[{"embeddable":true,"href":"https:\/\/arantv.az\/index.php?rest_route=\/wp\/v2\/media\/433590"}],"wp:attachment":[{"href":"https:\/\/arantv.az\/index.php?rest_route=%2Fwp%2Fv2%2Fmedia&parent=433589"}],"wp:term":[{"taxonomy":"category","embeddable":true,"href":"https:\/\/arantv.az\/index.php?rest_route=%2Fwp%2Fv2%2Fcategories&post=433589"},{"taxonomy":"post_tag","embeddable":true,"href":"https:\/\/arantv.az\/index.php?rest_route=%2Fwp%2Fv2%2Ftags&post=433589"}],"curies":[{"name":"wp","href":"https:\/\/api.w.org\/{rel}","templated":true}]}}