{"id":433598,"date":"2022-02-01T11:37:24","date_gmt":"2022-02-01T08:37:24","guid":{"rendered":"http:\/\/arantv.az\/?p=433598"},"modified":"2022-02-01T11:37:24","modified_gmt":"2022-02-01T08:37:24","slug":"filoloq-hec-kim-biz%c9%99-dey%c9%99-bilm%c9%99z-ki-siz-bu-sozu-bura-niy%c9%99-%c9%99lav%c9%99-etmisiniz","status":"publish","type":"post","link":"https:\/\/arantv.az\/?p=433598","title":{"rendered":"Filoloq: \u201cHe\u00e7 kim biz\u0259 dey\u0259 bilm\u0259z ki, siz bu s\u00f6z\u00fc bura niy\u0259 \u0259lav\u0259 etmisiniz\u201d"},"content":{"rendered":"<p>\u201cH\u0259r hans\u0131 l\u00fc\u011f\u0259ti t\u0259rtib etm\u0259k \u00fc\u00e7\u00fcn sitatlar bazas\u0131\u00a0olmal\u0131d\u0131r. T\u0259\u0259ss\u00fcf ki, bizim l\u00fc\u011f\u0259t\u00e7ilikd\u0259 bu yoxdur\u201d.<\/p>\n<div class=\"AdviadNativeVideo\"><\/div>\n<p><strong>ARANTV.AZ <\/strong>\u00a0x\u0259b\u0259r verir ki, bu s\u00f6zl\u0259ri N\u0259simi ad\u0131na Dil\u00e7ilik \u0130nstitutunun apar\u0131c\u0131 elmi i\u015f\u00e7isi, filologiya \u00fczr\u0259 f\u0259ls\u0259f\u0259 doktoru X\u0259dic\u0259 Heyd\u0259rova AzTV-nin efirind\u0259 yay\u0131mlanan \u201c\u00c7\u0131x\u0131\u015fa Do\u011fru\u201d proqram\u0131nda qonaq olark\u0259n deyib.<\/p>\n<p>X.Heyd\u0259rova d\u00fcnya t\u0259cr\u00fcb\u0259sin\u0259 istinad\u0259n qeyd edib ki, n\u0259inki ka\u011f\u0131z, h\u0259tta elektron kataloqlar\u0131m\u0131z da yoxdur:<\/p>\n<p>\u201cBu g\u00fcn bizim qar\u015f\u0131m\u0131zda duran \u0259sas v\u0259zif\u0259l\u0259rd\u0259n biri milli dil korpusunun yarad\u0131lmas\u0131d\u0131r. Lakin bu m\u0259s\u0259l\u0259 \u00e7ox b\u00f6y\u00fck v\u0259sait t\u0259l\u0259b etdiyi \u00fc\u00e7\u00fcn l\u0259ngiyir. Bu baza olduqdan sonra he\u00e7 kim biz\u0259 dey\u0259 bilm\u0259z ki, siz bu s\u00f6z\u00fc bura niy\u0259 \u0259lav\u0259 etmisiniz. \u00c7\u00fcnki h\u0259min sitatlar bazas\u0131nda s\u00f6z\u00fcn ne\u00e7\u0259 sah\u0259d\u0259, hans\u0131 kitablarda i\u015fl\u0259ndiyi\u00a0g\u00f6z \u00f6n\u00fcnd\u0259\u00a0olacaq. Maraqlananlar bizim sayta\u00a0girib b\u00f6lm\u0259l\u0259rd\u0259n h\u0259min s\u00f6zl\u0259rin hans\u0131 \u0259s\u0259rd\u0259 i\u015fl\u0259ndiyin\u0259, r\u0259smi dild\u0259 olan s\u0259n\u0259dl\u0259rd\u0259 nec\u0259 istifad\u0259 edildiyin\u0259\u00a0baxa bil\u0259rl\u0259r. Bu \u00e7ox vacib m\u0259qamd\u0131r. H\u0259min s\u00f6zl\u0259ri biz b\u0259dii \u0259d\u0259biyyatlarda, publisistikada, m\u00fcxt\u0259lif q\u0259zet v\u0259 jurnallarda, r\u0259smi yaz\u0131\u015fmalarda, konstitusiyada, d\u0259rslikl\u0259rd\u0259, m\u0259c\u0259ll\u0259l\u0259rd\u0259,\u00a0dastanlarda, birdilli l\u00fc\u011f\u0259tl\u0259rd\u0259 axtar\u0131\u015flar apararaq m\u00fc\u0259yy\u0259n edirik. Bu \u00e7ox \u0259ziyy\u0259t t\u0259l\u0259b ed\u0259n i\u015fdir. Biz he\u00e7 n\u0259d\u0259n l\u00fc\u011f\u0259t\u0259 s\u00f6z \u0259lav\u0259 etmirik. Sad\u0259c\u0259 baza olmad\u0131\u011f\u0131 \u00fc\u00e7\u00fcn biz\u0259 \u201cbu s\u00f6z\u00fc niy\u0259 \u0259lav\u0259 etmisiniz?\u201d sual\u0131n\u0131 ver\u0259nd\u0259 cavab verm\u0259kd\u0259 \u00e7\u0259tinlik \u00e7\u0259kirik. Amma m\u00fctl\u0259q \u0259lav\u0259 edil\u0259n s\u00f6zl\u0259rin \u0259sas\u0131 var. S\u00f6zl\u0259r l\u00fc\u011f\u0259tin n\u00f6v\u00fcnd\u0259n as\u0131l\u0131 olaraq se\u00e7ilir v\u0259 \u0259lav\u0259 edilir\u201d.<\/p>\n","protected":false},"excerpt":{"rendered":"<p>\u201cH\u0259r hans\u0131 l\u00fc\u011f\u0259ti t\u0259rtib etm\u0259k \u00fc\u00e7\u00fcn sitatlar bazas\u0131\u00a0olmal\u0131d\u0131r. T\u0259\u0259ss\u00fcf ki, bizim l\u00fc\u011f\u0259t\u00e7ilikd\u0259 bu yoxdur\u201d. ARANTV.AZ \u00a0x\u0259b\u0259r verir ki, bu s\u00f6zl\u0259ri N\u0259simi ad\u0131na Dil\u00e7ilik \u0130nstitutunun apar\u0131c\u0131 elmi i\u015f\u00e7isi, filologiya \u00fczr\u0259 f\u0259ls\u0259f\u0259 doktoru X\u0259dic\u0259 Heyd\u0259rova AzTV-nin efirind\u0259 yay\u0131mlanan \u201c\u00c7\u0131x\u0131\u015fa Do\u011fru\u201d proqram\u0131nda qonaq olark\u0259n deyib. X.Heyd\u0259rova d\u00fcnya t\u0259cr\u00fcb\u0259sin\u0259 istinad\u0259n qeyd edib ki, n\u0259inki ka\u011f\u0131z, h\u0259tta elektron kataloqlar\u0131m\u0131z da yoxdur: \u201cBu g\u00fcn bizim qar\u015f\u0131m\u0131zda duran \u0259sas v\u0259zif\u0259l\u0259rd\u0259n biri milli dil korpusunun yarad\u0131lmas\u0131d\u0131r. Lakin bu m\u0259s\u0259l\u0259 \u00e7ox b\u00f6y\u00fck v\u0259sait t\u0259l\u0259b etdiyi \u00fc\u00e7\u00fcn l\u0259ngiyir. Bu baza olduqdan sonra he\u00e7 kim biz\u0259 dey\u0259 bilm\u0259z ki, siz bu&hellip;<\/p>\n","protected":false},"author":2,"featured_media":433599,"comment_status":"closed","ping_status":"closed","sticky":false,"template":"","format":"standard","meta":{"om_disable_all_campaigns":false,"_monsterinsights_skip_tracking":false,"_monsterinsights_sitenote_active":false,"_monsterinsights_sitenote_note":"","_monsterinsights_sitenote_category":0},"categories":[1],"tags":[],"aioseo_notices":[],"gutentor_comment":0,"rttpg_featured_image_url":{"full":["https:\/\/arantv.az\/wp-content\/uploads\/2022\/02\/FotoJet-2022-02-01T115358.533.jpg",620,413,false],"landscape":["https:\/\/arantv.az\/wp-content\/uploads\/2022\/02\/FotoJet-2022-02-01T115358.533.jpg",620,413,false],"portraits":["https:\/\/arantv.az\/wp-content\/uploads\/2022\/02\/FotoJet-2022-02-01T115358.533.jpg",620,413,false],"thumbnail":["https:\/\/arantv.az\/wp-content\/uploads\/2022\/02\/FotoJet-2022-02-01T115358.533-500x280.jpg",500,280,true],"medium":["https:\/\/arantv.az\/wp-content\/uploads\/2022\/02\/FotoJet-2022-02-01T115358.533-548x365.jpg",548,365,true],"large":["https:\/\/arantv.az\/wp-content\/uploads\/2022\/02\/FotoJet-2022-02-01T115358.533.jpg",620,413,false],"1536x1536":["https:\/\/arantv.az\/wp-content\/uploads\/2022\/02\/FotoJet-2022-02-01T115358.533.jpg",620,413,false],"2048x2048":["https:\/\/arantv.az\/wp-content\/uploads\/2022\/02\/FotoJet-2022-02-01T115358.533.jpg",620,413,false],"post-thumbnail":["https:\/\/arantv.az\/wp-content\/uploads\/2022\/02\/FotoJet-2022-02-01T115358.533-240x172.jpg",240,172,true],"advps-thumb-one":["https:\/\/arantv.az\/wp-content\/uploads\/2022\/02\/FotoJet-2022-02-01T115358.533.jpg",620,413,false]},"rttpg_author":{"display_name":"V\u00fcsal Rafiqo\u011flu","author_link":"https:\/\/arantv.az\/?author=2"},"rttpg_comment":0,"rttpg_category":"<a href=\"https:\/\/arantv.az\/?cat=1\" rel=\"category\">C\u0259miyy\u0259t<\/a>","rttpg_excerpt":"\u201cH\u0259r hans\u0131 l\u00fc\u011f\u0259ti t\u0259rtib etm\u0259k \u00fc\u00e7\u00fcn sitatlar bazas\u0131\u00a0olmal\u0131d\u0131r. T\u0259\u0259ss\u00fcf ki, bizim l\u00fc\u011f\u0259t\u00e7ilikd\u0259 bu yoxdur\u201d. ARANTV.AZ \u00a0x\u0259b\u0259r verir ki, bu s\u00f6zl\u0259ri N\u0259simi ad\u0131na Dil\u00e7ilik \u0130nstitutunun apar\u0131c\u0131 elmi i\u015f\u00e7isi, filologiya \u00fczr\u0259 f\u0259ls\u0259f\u0259 doktoru X\u0259dic\u0259 Heyd\u0259rova AzTV-nin efirind\u0259 yay\u0131mlanan \u201c\u00c7\u0131x\u0131\u015fa Do\u011fru\u201d proqram\u0131nda qonaq olark\u0259n deyib. X.Heyd\u0259rova d\u00fcnya t\u0259cr\u00fcb\u0259sin\u0259 istinad\u0259n qeyd edib ki, n\u0259inki ka\u011f\u0131z, h\u0259tta elektron kataloqlar\u0131m\u0131z da&hellip;","_links":{"self":[{"href":"https:\/\/arantv.az\/index.php?rest_route=\/wp\/v2\/posts\/433598"}],"collection":[{"href":"https:\/\/arantv.az\/index.php?rest_route=\/wp\/v2\/posts"}],"about":[{"href":"https:\/\/arantv.az\/index.php?rest_route=\/wp\/v2\/types\/post"}],"author":[{"embeddable":true,"href":"https:\/\/arantv.az\/index.php?rest_route=\/wp\/v2\/users\/2"}],"replies":[{"embeddable":true,"href":"https:\/\/arantv.az\/index.php?rest_route=%2Fwp%2Fv2%2Fcomments&post=433598"}],"version-history":[{"count":0,"href":"https:\/\/arantv.az\/index.php?rest_route=\/wp\/v2\/posts\/433598\/revisions"}],"wp:featuredmedia":[{"embeddable":true,"href":"https:\/\/arantv.az\/index.php?rest_route=\/wp\/v2\/media\/433599"}],"wp:attachment":[{"href":"https:\/\/arantv.az\/index.php?rest_route=%2Fwp%2Fv2%2Fmedia&parent=433598"}],"wp:term":[{"taxonomy":"category","embeddable":true,"href":"https:\/\/arantv.az\/index.php?rest_route=%2Fwp%2Fv2%2Fcategories&post=433598"},{"taxonomy":"post_tag","embeddable":true,"href":"https:\/\/arantv.az\/index.php?rest_route=%2Fwp%2Fv2%2Ftags&post=433598"}],"curies":[{"name":"wp","href":"https:\/\/api.w.org\/{rel}","templated":true}]}}