{"id":43360,"date":"2019-03-06T14:01:08","date_gmt":"2019-03-06T11:01:08","guid":{"rendered":"http:\/\/arantv.az\/?p=43360"},"modified":"2019-03-06T14:01:08","modified_gmt":"2019-03-06T11:01:08","slug":"prezident-ilham-%c9%99liyev-fazil-qurbanovu-sohr%c9%99t-ordeni-il%c9%99-t%c9%99ltif-edib","status":"publish","type":"post","link":"https:\/\/arantv.az\/?p=43360","title":{"rendered":"Prezident \u0130lham \u018fliyev Fazil Qurbanovu \u201c\u015e\u00f6hr\u0259t\u201d ordeni il\u0259 t\u0259ltif edib"},"content":{"rendered":"<p>Prezident \u0130lham \u018fliyev Fazil Qurbanovun &#8220;\u015e\u00f6hr\u0259t&#8221; ordeni il\u0259 t\u0259ltif edilm\u0259si haqq\u0131nda s\u0259r\u0259ncam imzalay\u0131b.<\/p>\n<p><strong>ARANTV.AZ<\/strong> az\u0259rtac-a istinad\u0259n x\u0259b\u0259r verir ki, S\u0259r\u0259ncama \u0259sas\u0259n, Az\u0259rbaycan Respublikas\u0131 il\u0259 Rusiya Federasiyas\u0131 aras\u0131nda elmi \u0259laq\u0259l\u0259rin inki\u015faf\u0131nda xidm\u0259tl\u0259rin\u0259 v\u0259 s\u0259m\u0259r\u0259li diaspor f\u0259aliyy\u0259tin\u0259 g\u00f6r\u0259 Fazil S\u0259m\u0259d o\u011flu Qurbanov &#8220;\u015e\u00f6hr\u0259t&#8221; ordeni il\u0259 t\u0259ltif edilir.<\/p>\n","protected":false},"excerpt":{"rendered":"<p>Prezident \u0130lham \u018fliyev Fazil Qurbanovun &#8220;\u015e\u00f6hr\u0259t&#8221; ordeni il\u0259 t\u0259ltif edilm\u0259si haqq\u0131nda s\u0259r\u0259ncam imzalay\u0131b. ARANTV.AZ az\u0259rtac-a istinad\u0259n x\u0259b\u0259r verir ki, S\u0259r\u0259ncama \u0259sas\u0259n, Az\u0259rbaycan Respublikas\u0131 il\u0259 Rusiya Federasiyas\u0131 aras\u0131nda elmi \u0259laq\u0259l\u0259rin inki\u015faf\u0131nda xidm\u0259tl\u0259rin\u0259 v\u0259 s\u0259m\u0259r\u0259li diaspor f\u0259aliyy\u0259tin\u0259 g\u00f6r\u0259 Fazil S\u0259m\u0259d o\u011flu Qurbanov &#8220;\u015e\u00f6hr\u0259t&#8221; ordeni il\u0259 t\u0259ltif edilir.<\/p>\n","protected":false},"author":2,"featured_media":43361,"comment_status":"closed","ping_status":"closed","sticky":false,"template":"","format":"standard","meta":{"om_disable_all_campaigns":false,"_monsterinsights_skip_tracking":false,"_monsterinsights_sitenote_active":false,"_monsterinsights_sitenote_note":"","_monsterinsights_sitenote_category":0},"categories":[4],"tags":[],"aioseo_notices":[],"gutentor_comment":0,"rttpg_featured_image_url":{"full":["https:\/\/arantv.az\/wp-content\/uploads\/2019\/03\/2018_ilham_aliyev_01-6.jpg",1200,900,false],"landscape":["https:\/\/arantv.az\/wp-content\/uploads\/2019\/03\/2018_ilham_aliyev_01-6.jpg",1200,900,false],"portraits":["https:\/\/arantv.az\/wp-content\/uploads\/2019\/03\/2018_ilham_aliyev_01-6.jpg",1200,900,false],"thumbnail":["https:\/\/arantv.az\/wp-content\/uploads\/2019\/03\/2018_ilham_aliyev_01-6-150x150.jpg",150,150,true],"medium":["https:\/\/arantv.az\/wp-content\/uploads\/2019\/03\/2018_ilham_aliyev_01-6-300x225.jpg",300,225,true],"large":["https:\/\/arantv.az\/wp-content\/uploads\/2019\/03\/2018_ilham_aliyev_01-6-1024x768.jpg",640,480,true],"1536x1536":["https:\/\/arantv.az\/wp-content\/uploads\/2019\/03\/2018_ilham_aliyev_01-6.jpg",1200,900,false],"2048x2048":["https:\/\/arantv.az\/wp-content\/uploads\/2019\/03\/2018_ilham_aliyev_01-6.jpg",1200,900,false],"post-thumbnail":["https:\/\/arantv.az\/wp-content\/uploads\/2019\/03\/2018_ilham_aliyev_01-6-240x172.jpg",240,172,true],"advps-thumb-one":["https:\/\/arantv.az\/wp-content\/uploads\/2019\/03\/2018_ilham_aliyev_01-6-1200x620.jpg",1200,620,true]},"rttpg_author":{"display_name":"V\u00fcsal Rafiqo\u011flu","author_link":"https:\/\/arantv.az\/?author=2"},"rttpg_comment":0,"rttpg_category":"<a href=\"https:\/\/arantv.az\/?cat=4\" rel=\"category\">Siyas\u0259t<\/a>","rttpg_excerpt":"Prezident \u0130lham \u018fliyev Fazil Qurbanovun &#8220;\u015e\u00f6hr\u0259t&#8221; ordeni il\u0259 t\u0259ltif edilm\u0259si haqq\u0131nda s\u0259r\u0259ncam imzalay\u0131b. ARANTV.AZ az\u0259rtac-a istinad\u0259n x\u0259b\u0259r verir ki, S\u0259r\u0259ncama \u0259sas\u0259n, Az\u0259rbaycan Respublikas\u0131 il\u0259 Rusiya Federasiyas\u0131 aras\u0131nda elmi \u0259laq\u0259l\u0259rin inki\u015faf\u0131nda xidm\u0259tl\u0259rin\u0259 v\u0259 s\u0259m\u0259r\u0259li diaspor f\u0259aliyy\u0259tin\u0259 g\u00f6r\u0259 Fazil S\u0259m\u0259d o\u011flu Qurbanov &#8220;\u015e\u00f6hr\u0259t&#8221; ordeni il\u0259 t\u0259ltif edilir.","_links":{"self":[{"href":"https:\/\/arantv.az\/index.php?rest_route=\/wp\/v2\/posts\/43360"}],"collection":[{"href":"https:\/\/arantv.az\/index.php?rest_route=\/wp\/v2\/posts"}],"about":[{"href":"https:\/\/arantv.az\/index.php?rest_route=\/wp\/v2\/types\/post"}],"author":[{"embeddable":true,"href":"https:\/\/arantv.az\/index.php?rest_route=\/wp\/v2\/users\/2"}],"replies":[{"embeddable":true,"href":"https:\/\/arantv.az\/index.php?rest_route=%2Fwp%2Fv2%2Fcomments&post=43360"}],"version-history":[{"count":0,"href":"https:\/\/arantv.az\/index.php?rest_route=\/wp\/v2\/posts\/43360\/revisions"}],"wp:featuredmedia":[{"embeddable":true,"href":"https:\/\/arantv.az\/index.php?rest_route=\/wp\/v2\/media\/43361"}],"wp:attachment":[{"href":"https:\/\/arantv.az\/index.php?rest_route=%2Fwp%2Fv2%2Fmedia&parent=43360"}],"wp:term":[{"taxonomy":"category","embeddable":true,"href":"https:\/\/arantv.az\/index.php?rest_route=%2Fwp%2Fv2%2Fcategories&post=43360"},{"taxonomy":"post_tag","embeddable":true,"href":"https:\/\/arantv.az\/index.php?rest_route=%2Fwp%2Fv2%2Ftags&post=43360"}],"curies":[{"name":"wp","href":"https:\/\/api.w.org\/{rel}","templated":true}]}}