{"id":43372,"date":"2019-03-06T14:21:39","date_gmt":"2019-03-06T11:21:39","guid":{"rendered":"http:\/\/arantv.az\/?p=43372"},"modified":"2019-03-06T14:21:39","modified_gmt":"2019-03-06T11:21:39","slug":"bakida-2-n%c9%99f%c9%99rin-meyiti-tapildi","status":"publish","type":"post","link":"https:\/\/arantv.az\/?p=43372","title":{"rendered":"Bak\u0131da 2 n\u0259f\u0259rin meyiti tap\u0131ld\u0131"},"content":{"rendered":"<p>Bak\u0131da 2 n\u0259f\u0259rin meyiti tap\u0131l\u0131b.<\/p>\n<div id=\"AdributorNativeVideo0\" class=\"AdributorNativeVideo\"><\/div>\n<p><ins><\/ins><\/p>\n<div id=\"beacon_f6e13222ca\"><img loading=\"lazy\" src=\"https:\/\/ads2.newmedia.az\/www\/delivery\/lg.php?bannerid=0&amp;campaignid=0&amp;zoneid=975&amp;loc=https%3A%2F%2Fbig.az%2F346874-bakida_2_neferin_meyiti_tapildi.html&amp;referer=https%3A%2F%2Fbig.az%2F&amp;cb=f6e13222ca\" alt=\"\" width=\"0\" height=\"0\" \/><\/div>\n<p><b>ARANTV.AZ\u00a0<\/b> publika.az-a istinad\u0259n x\u0259b\u0259r verir ki, Yasamal rayonu M.M\u0259m\u0259dzad\u0259 k\u00fc\u00e7\u0259sind\u0259 1946-c\u0131 il t\u0259v\u0259ll\u00fcdl\u00fc Mirz\u0259yev M\u0259mm\u0259d Qalamirz\u0259 o\u011flunun meyti a\u015fkarlan\u0131b.<\/p>\n<p>Bundan ba\u015fqa X\u0259z\u0259r rayon M\u0259rd\u0259kan q\u0259s\u0259b\u0259sind\u0259 1948-ci il t\u0259v\u0259ll\u00fcdl\u00fc Valentina Ariskinan\u0131n meyiti a\u015fkarlanlb. H\u0259r iki \u00f6l\u00fcm hadis\u0259si il\u0259 ba\u011fl\u0131 ara\u015fd\u0131rma apar\u0131l\u0131r.<\/p>\n<p>&nbsp;<\/p>\n","protected":false},"excerpt":{"rendered":"<p>Bak\u0131da 2 n\u0259f\u0259rin meyiti tap\u0131l\u0131b. ARANTV.AZ\u00a0 publika.az-a istinad\u0259n x\u0259b\u0259r verir ki, Yasamal rayonu M.M\u0259m\u0259dzad\u0259 k\u00fc\u00e7\u0259sind\u0259 1946-c\u0131 il t\u0259v\u0259ll\u00fcdl\u00fc Mirz\u0259yev M\u0259mm\u0259d Qalamirz\u0259 o\u011flunun meyti a\u015fkarlan\u0131b. Bundan ba\u015fqa X\u0259z\u0259r rayon M\u0259rd\u0259kan q\u0259s\u0259b\u0259sind\u0259 1948-ci il t\u0259v\u0259ll\u00fcdl\u00fc Valentina Ariskinan\u0131n meyiti a\u015fkarlanlb. H\u0259r iki \u00f6l\u00fcm hadis\u0259si il\u0259 ba\u011fl\u0131 ara\u015fd\u0131rma apar\u0131l\u0131r. &nbsp;<\/p>\n","protected":false},"author":2,"featured_media":43373,"comment_status":"closed","ping_status":"closed","sticky":false,"template":"","format":"standard","meta":{"om_disable_all_campaigns":false,"_monsterinsights_skip_tracking":false,"_monsterinsights_sitenote_active":false,"_monsterinsights_sitenote_note":"","_monsterinsights_sitenote_category":0},"categories":[5],"tags":[],"aioseo_notices":[],"gutentor_comment":0,"rttpg_featured_image_url":{"full":["https:\/\/arantv.az\/wp-content\/uploads\/2019\/03\/1_81551870348.jpg",649,365,false],"landscape":["https:\/\/arantv.az\/wp-content\/uploads\/2019\/03\/1_81551870348.jpg",649,365,false],"portraits":["https:\/\/arantv.az\/wp-content\/uploads\/2019\/03\/1_81551870348.jpg",649,365,false],"thumbnail":["https:\/\/arantv.az\/wp-content\/uploads\/2019\/03\/1_81551870348-150x150.jpg",150,150,true],"medium":["https:\/\/arantv.az\/wp-content\/uploads\/2019\/03\/1_81551870348-300x169.jpg",300,169,true],"large":["https:\/\/arantv.az\/wp-content\/uploads\/2019\/03\/1_81551870348.jpg",640,360,false],"1536x1536":["https:\/\/arantv.az\/wp-content\/uploads\/2019\/03\/1_81551870348.jpg",649,365,false],"2048x2048":["https:\/\/arantv.az\/wp-content\/uploads\/2019\/03\/1_81551870348.jpg",649,365,false],"post-thumbnail":["https:\/\/arantv.az\/wp-content\/uploads\/2019\/03\/1_81551870348-240x172.jpg",240,172,true],"advps-thumb-one":["https:\/\/arantv.az\/wp-content\/uploads\/2019\/03\/1_81551870348.jpg",649,365,false]},"rttpg_author":{"display_name":"V\u00fcsal Rafiqo\u011flu","author_link":"https:\/\/arantv.az\/?author=2"},"rttpg_comment":0,"rttpg_category":"<a href=\"https:\/\/arantv.az\/?cat=5\" rel=\"category\">Hadis\u0259<\/a>","rttpg_excerpt":"Bak\u0131da 2 n\u0259f\u0259rin meyiti tap\u0131l\u0131b. ARANTV.AZ\u00a0 publika.az-a istinad\u0259n x\u0259b\u0259r verir ki, Yasamal rayonu M.M\u0259m\u0259dzad\u0259 k\u00fc\u00e7\u0259sind\u0259 1946-c\u0131 il t\u0259v\u0259ll\u00fcdl\u00fc Mirz\u0259yev M\u0259mm\u0259d Qalamirz\u0259 o\u011flunun meyti a\u015fkarlan\u0131b. Bundan ba\u015fqa X\u0259z\u0259r rayon M\u0259rd\u0259kan q\u0259s\u0259b\u0259sind\u0259 1948-ci il t\u0259v\u0259ll\u00fcdl\u00fc Valentina Ariskinan\u0131n meyiti a\u015fkarlanlb. H\u0259r iki \u00f6l\u00fcm hadis\u0259si il\u0259 ba\u011fl\u0131 ara\u015fd\u0131rma apar\u0131l\u0131r. &nbsp;","_links":{"self":[{"href":"https:\/\/arantv.az\/index.php?rest_route=\/wp\/v2\/posts\/43372"}],"collection":[{"href":"https:\/\/arantv.az\/index.php?rest_route=\/wp\/v2\/posts"}],"about":[{"href":"https:\/\/arantv.az\/index.php?rest_route=\/wp\/v2\/types\/post"}],"author":[{"embeddable":true,"href":"https:\/\/arantv.az\/index.php?rest_route=\/wp\/v2\/users\/2"}],"replies":[{"embeddable":true,"href":"https:\/\/arantv.az\/index.php?rest_route=%2Fwp%2Fv2%2Fcomments&post=43372"}],"version-history":[{"count":0,"href":"https:\/\/arantv.az\/index.php?rest_route=\/wp\/v2\/posts\/43372\/revisions"}],"wp:featuredmedia":[{"embeddable":true,"href":"https:\/\/arantv.az\/index.php?rest_route=\/wp\/v2\/media\/43373"}],"wp:attachment":[{"href":"https:\/\/arantv.az\/index.php?rest_route=%2Fwp%2Fv2%2Fmedia&parent=43372"}],"wp:term":[{"taxonomy":"category","embeddable":true,"href":"https:\/\/arantv.az\/index.php?rest_route=%2Fwp%2Fv2%2Fcategories&post=43372"},{"taxonomy":"post_tag","embeddable":true,"href":"https:\/\/arantv.az\/index.php?rest_route=%2Fwp%2Fv2%2Ftags&post=43372"}],"curies":[{"name":"wp","href":"https:\/\/api.w.org\/{rel}","templated":true}]}}