{"id":43375,"date":"2019-03-06T14:22:45","date_gmt":"2019-03-06T11:22:45","guid":{"rendered":"http:\/\/arantv.az\/?p=43375"},"modified":"2019-03-06T14:22:45","modified_gmt":"2019-03-06T11:22:45","slug":"az%c9%99rbaycanda-adam-ogurlugu-16-yasli-qizi-gec%c9%99-4-maskali-apardi","status":"publish","type":"post","link":"https:\/\/arantv.az\/?p=43375","title":{"rendered":"Az\u0259rbaycanda adam O\u011eURLU\u011eU &#8211; 16 ya\u015fl\u0131 q\u0131z\u0131 gec\u0259 4 maskal\u0131 apard\u0131"},"content":{"rendered":"<p>Az\u0259rbaycanda adam o\u011furlu\u011fu fakt\u0131 qeyd\u0259 al\u0131n\u0131b.<\/p>\n<p><strong>ARANTV.AZ<\/strong>-\u0131n m\u0259lumat\u0131na g\u00f6r\u0259, hadis\u0259 \u0130mi\u015fli rayon \u018fliqulular k\u0259ndind\u0259 ba\u015f verib. Bel\u0259 ki, gec\u0259 saat 04 rad\u0259l\u0259rind\u0259 k\u0259ndd\u0259ki evl\u0259rd\u0259n birin\u0259 basq\u0131n ed\u0259n 4 n\u0259f\u0259r maskal\u0131 \u015f\u0259xs rayon sakini 2002-ci il t\u0259v\u0259ll\u00fcdl\u00fc M\u0259mm\u0259dli F\u0259day\u0259 Sadiq q\u0131z\u0131n\u0131 o\u011furlay\u0131blar.<\/p>\n<p>O\u011furlanan q\u0131z\u0131n atas\u0131 Sadiq M\u0259mm\u0259dov Trend-\u0259 bildirib ki, o hadis\u0259 vaxt\u0131 mal bazar\u0131nda olub v\u0259 cinay\u0259tkarlar h\u0259min vaxt ev\u0259 basq\u0131n edibl\u0259r:<\/p>\n<div id=\"AdributorNativeVideo0\" class=\"AdributorNativeVideo\"><\/div>\n<p>\u201cMart ay\u0131n\u0131n 4-d\u0259n 5-n\u0259 ke\u00e7\u0259n gec\u0259 4 n\u0259f\u0259r \u015f\u0259xs \u018fliqulular k\u0259ndind\u0259 olan evim\u0259 basq\u0131n edibl\u0259r. Evd\u0259 h\u0259min vaxt q\u0131z\u0131mla birlikd\u0259 anas\u0131, n\u0259n\u0259si v\u0259 xalas\u0131 olublar. Onlar birinci h\u0259y\u0259t\u0259 daxil olaraq iti \u00f6ld\u00fcr\u00fcbl\u0259r, daha sonra is\u0259 ev\u0259 giribl\u0259r. Bu zaman s\u0259s\u0259 oyanan anam\u0131 a\u011fz\u0131ndan tutaraq bo\u011fmaq ist\u0259yibl\u0259r. Dig\u0259r qad\u0131nlar\u0131 is\u0259 d\u00f6y\u00fcbl\u0259r. M\u0259hz bundan sonra q\u0131z\u0131m\u0131 qa\u00e7\u0131rda bilibl\u0259r. Anam is\u0259 haz\u0131rda x\u0259st\u0259xanadad\u0131r\u201d.<br \/>\n<ins><\/ins><\/p>\n<div id=\"beacon_701810a759\"><img loading=\"lazy\" src=\"https:\/\/ads2.newmedia.az\/www\/delivery\/lg.php?bannerid=0&amp;campaignid=0&amp;zoneid=975&amp;loc=https%3A%2F%2Fbig.az%2F346870-azerbaycanda_adam_ogurlugu_-_16_yasli_qizi_gece_4_maskali_apardi.html&amp;referer=https%3A%2F%2Fbig.az%2F&amp;cb=701810a759\" alt=\"\" width=\"0\" height=\"0\" \/><\/div>\n<p>S.M\u0259mm\u0259dov deyib ki, q\u0131z\u0131n\u0131 o\u011furlayan \u015f\u0259xsl\u0259ri tan\u0131y\u0131r v\u0259 onlar daha \u0259vv\u0259l F.M\u0259mm\u0259dli \u00fc\u00e7\u00fcn el\u00e7iliy\u0259 g\u0259libl\u0259r:<\/p>\n<p>\u201cHadis\u0259 ba\u015f ver\u0259n g\u00fcn\u00fc ev\u0259 basq\u0131n ed\u0259n \u015f\u0259xsl\u0259rd\u0259n birini anam tan\u0131y\u0131b. Onlar k\u0259ndimizd\u0259n ya\u015fayan \u015f\u0259xsl\u0259rdir. Bir m\u00fcdd\u0259t \u0259vv\u0259l biziml\u0259 eyni k\u0259ndd\u0259n olan Balaki\u015fiyev \u018fhm\u0259d o\u011flu Elm\u0259ddin \u00fc\u00e7\u00fcn q\u0131z\u0131m\u0131 ist\u0259m\u0259y\u0259 g\u0259lmi\u015fdi, ancaq m\u0259n q\u0131z\u0131m\u0131 onlara verm\u0259dim. Daha sonra is\u0259 F\u0259day\u0259ni \u00f6z qohumumun o\u011fluna n\u0131\u015fanlad\u0131m. Haz\u0131rda F\u0259day\u0259nin ni\u015fanl\u0131s\u0131 h\u0259rbi xidm\u0259td\u0259dir\u201d.<\/p>\n<p>Z\u0259r\u0259r\u00e7\u0259k\u0259n \u0259lav\u0259 edib ki, q\u0131z\u0131n qa\u00e7\u0131r\u0131lmas\u0131 il\u0259 ba\u011fl\u0131 rayon prokurorlu\u011funa v\u0259 polis \u015f\u00f6b\u0259sin\u0259 m\u0259lumat verilib.<\/p>\n<p>Hadis\u0259 il\u0259 ba\u011fl\u0131 \u0130mi\u015fli Rayon Polis \u015e\u00f6b\u0259si ara\u015fd\u0131rma apar\u0131r.trend<\/p>\n<p>&nbsp;<\/p>\n","protected":false},"excerpt":{"rendered":"<p>Az\u0259rbaycanda adam o\u011furlu\u011fu fakt\u0131 qeyd\u0259 al\u0131n\u0131b. ARANTV.AZ-\u0131n m\u0259lumat\u0131na g\u00f6r\u0259, hadis\u0259 \u0130mi\u015fli rayon \u018fliqulular k\u0259ndind\u0259 ba\u015f verib. Bel\u0259 ki, gec\u0259 saat 04 rad\u0259l\u0259rind\u0259 k\u0259ndd\u0259ki evl\u0259rd\u0259n birin\u0259 basq\u0131n ed\u0259n 4 n\u0259f\u0259r maskal\u0131 \u015f\u0259xs rayon sakini 2002-ci il t\u0259v\u0259ll\u00fcdl\u00fc M\u0259mm\u0259dli F\u0259day\u0259 Sadiq q\u0131z\u0131n\u0131 o\u011furlay\u0131blar. O\u011furlanan q\u0131z\u0131n atas\u0131 Sadiq M\u0259mm\u0259dov Trend-\u0259 bildirib ki, o hadis\u0259 vaxt\u0131 mal bazar\u0131nda olub v\u0259 cinay\u0259tkarlar h\u0259min vaxt ev\u0259 basq\u0131n edibl\u0259r: \u201cMart ay\u0131n\u0131n 4-d\u0259n 5-n\u0259 ke\u00e7\u0259n gec\u0259 4 n\u0259f\u0259r \u015f\u0259xs \u018fliqulular k\u0259ndind\u0259 olan evim\u0259 basq\u0131n edibl\u0259r. Evd\u0259 h\u0259min vaxt q\u0131z\u0131mla birlikd\u0259 anas\u0131, n\u0259n\u0259si v\u0259 xalas\u0131 olublar. Onlar birinci h\u0259y\u0259t\u0259&hellip;<\/p>\n","protected":false},"author":2,"featured_media":43376,"comment_status":"closed","ping_status":"closed","sticky":false,"template":"","format":"standard","meta":{"om_disable_all_campaigns":false,"_monsterinsights_skip_tracking":false,"_monsterinsights_sitenote_active":false,"_monsterinsights_sitenote_note":"","_monsterinsights_sitenote_category":0},"categories":[5],"tags":[],"aioseo_notices":[],"gutentor_comment":0,"rttpg_featured_image_url":{"full":["https:\/\/arantv.az\/wp-content\/uploads\/2019\/03\/kidnappers.jpg",649,365,false],"landscape":["https:\/\/arantv.az\/wp-content\/uploads\/2019\/03\/kidnappers.jpg",649,365,false],"portraits":["https:\/\/arantv.az\/wp-content\/uploads\/2019\/03\/kidnappers.jpg",649,365,false],"thumbnail":["https:\/\/arantv.az\/wp-content\/uploads\/2019\/03\/kidnappers-150x150.jpg",150,150,true],"medium":["https:\/\/arantv.az\/wp-content\/uploads\/2019\/03\/kidnappers-300x169.jpg",300,169,true],"large":["https:\/\/arantv.az\/wp-content\/uploads\/2019\/03\/kidnappers.jpg",640,360,false],"1536x1536":["https:\/\/arantv.az\/wp-content\/uploads\/2019\/03\/kidnappers.jpg",649,365,false],"2048x2048":["https:\/\/arantv.az\/wp-content\/uploads\/2019\/03\/kidnappers.jpg",649,365,false],"post-thumbnail":["https:\/\/arantv.az\/wp-content\/uploads\/2019\/03\/kidnappers-240x172.jpg",240,172,true],"advps-thumb-one":["https:\/\/arantv.az\/wp-content\/uploads\/2019\/03\/kidnappers.jpg",649,365,false]},"rttpg_author":{"display_name":"V\u00fcsal Rafiqo\u011flu","author_link":"https:\/\/arantv.az\/?author=2"},"rttpg_comment":0,"rttpg_category":"<a href=\"https:\/\/arantv.az\/?cat=5\" rel=\"category\">Hadis\u0259<\/a>","rttpg_excerpt":"Az\u0259rbaycanda adam o\u011furlu\u011fu fakt\u0131 qeyd\u0259 al\u0131n\u0131b. ARANTV.AZ-\u0131n m\u0259lumat\u0131na g\u00f6r\u0259, hadis\u0259 \u0130mi\u015fli rayon \u018fliqulular k\u0259ndind\u0259 ba\u015f verib. Bel\u0259 ki, gec\u0259 saat 04 rad\u0259l\u0259rind\u0259 k\u0259ndd\u0259ki evl\u0259rd\u0259n birin\u0259 basq\u0131n ed\u0259n 4 n\u0259f\u0259r maskal\u0131 \u015f\u0259xs rayon sakini 2002-ci il t\u0259v\u0259ll\u00fcdl\u00fc M\u0259mm\u0259dli F\u0259day\u0259 Sadiq q\u0131z\u0131n\u0131 o\u011furlay\u0131blar. O\u011furlanan q\u0131z\u0131n atas\u0131 Sadiq M\u0259mm\u0259dov Trend-\u0259 bildirib ki, o hadis\u0259 vaxt\u0131 mal bazar\u0131nda olub&hellip;","_links":{"self":[{"href":"https:\/\/arantv.az\/index.php?rest_route=\/wp\/v2\/posts\/43375"}],"collection":[{"href":"https:\/\/arantv.az\/index.php?rest_route=\/wp\/v2\/posts"}],"about":[{"href":"https:\/\/arantv.az\/index.php?rest_route=\/wp\/v2\/types\/post"}],"author":[{"embeddable":true,"href":"https:\/\/arantv.az\/index.php?rest_route=\/wp\/v2\/users\/2"}],"replies":[{"embeddable":true,"href":"https:\/\/arantv.az\/index.php?rest_route=%2Fwp%2Fv2%2Fcomments&post=43375"}],"version-history":[{"count":0,"href":"https:\/\/arantv.az\/index.php?rest_route=\/wp\/v2\/posts\/43375\/revisions"}],"wp:featuredmedia":[{"embeddable":true,"href":"https:\/\/arantv.az\/index.php?rest_route=\/wp\/v2\/media\/43376"}],"wp:attachment":[{"href":"https:\/\/arantv.az\/index.php?rest_route=%2Fwp%2Fv2%2Fmedia&parent=43375"}],"wp:term":[{"taxonomy":"category","embeddable":true,"href":"https:\/\/arantv.az\/index.php?rest_route=%2Fwp%2Fv2%2Fcategories&post=43375"},{"taxonomy":"post_tag","embeddable":true,"href":"https:\/\/arantv.az\/index.php?rest_route=%2Fwp%2Fv2%2Ftags&post=43375"}],"curies":[{"name":"wp","href":"https:\/\/api.w.org\/{rel}","templated":true}]}}