{"id":43390,"date":"2019-03-06T14:57:21","date_gmt":"2019-03-06T11:57:21","guid":{"rendered":"http:\/\/arantv.az\/?p=43390"},"modified":"2019-03-06T14:57:21","modified_gmt":"2019-03-06T11:57:21","slug":"s%c9%99ttar-mohbaliyev-prezident-%c9%99halini-narahat-ed%c9%99n-butun-sosial-iqtisadi-m%c9%99s%c9%99l%c9%99l%c9%99ri-diqq%c9%99t-m%c9%99rk%c9%99zind%c9%99-saxlayir","status":"publish","type":"post","link":"https:\/\/arantv.az\/?p=43390","title":{"rendered":"S\u0259ttar M\u00f6hbal\u0131yev: &#8220;Prezident \u0259halini narahat ed\u0259n b\u00fct\u00fcn sosial-iqtisadi m\u0259s\u0259l\u0259l\u0259ri diqq\u0259t m\u0259rk\u0259zind\u0259 saxlay\u0131r&#8221;"},"content":{"rendered":"<p>Bu g\u00fcn Az\u0259rbaycan H\u0259mkarlar \u0130ttifaqlar\u0131 Konfederasiyas\u0131nda (AH\u0130K) &#8220;Respublikada apar\u0131lan islahatlar \u00f6lk\u0259 \u0259halisinin sosial m\u00fcdafi\u0259sinin t\u0259min olunmas\u0131nda v\u0259 maddi rifah\u0131n\u0131n y\u00fcks\u0259ldilm\u0259sind\u0259 at\u0131lan m\u00fch\u00fcm add\u0131md\u0131r&#8221; m\u00f6vzusunda y\u0131\u011f\u0131ncaq ke\u00e7irilib.<\/p>\n<p><strong>ARANTV.AZ<\/strong> trend-\u0259 istinad\u0259n x\u0259b\u0259r verir ki, y\u0131\u011f\u0131ncaqda AH\u0130K-in s\u0259dri, mill\u0259t v\u0259kili S\u0259ttar M\u00f6hbal\u0131yev \u00e7\u0131x\u0131\u015f ed\u0259r\u0259k \u00f6lk\u0259 \u0259halisinin ya\u015fay\u0131\u015f s\u0259viyy\u0259sinin v\u0259 sosial rifah\u0131n\u0131n y\u00fcks\u0259ldilm\u0259sinin h\u0259r zaman Prezident \u0130lham \u018fliyevin apard\u0131\u011f\u0131 siyas\u0259tin ba\u015fl\u0131ca prioritetl\u0259rind\u0259n oldu\u011funu bildirib:<\/p>\n<p>&#8220;Prezident \u0130lham \u018fliyevin birba\u015fa r\u0259hb\u0259rliyi alt\u0131nda pensiya, \u00fcnvanl\u0131 yard\u0131m, \u0259lilliy\u0259 g\u00f6r\u0259 m\u00fcavin\u0259tl\u0259rin verilm\u0259si v\u0259 m\u0259\u015f\u011fulluq sah\u0259l\u0259rind\u0259 \u015f\u0259ffafl\u0131\u011f\u0131n v\u0259 sosial \u0259dal\u0259tin tam t\u0259min olunmas\u0131, b\u00fcrokratiya, s\u00fcr\u00fcnd\u00fcrm\u0259\u00e7ilik v\u0259 korrupsiya hallar\u0131n\u0131n aradan qald\u0131r\u0131lmas\u0131, m\u0259mur-v\u0259t\u0259nda\u015f t\u0259mas\u0131n\u0131n minimuma endirilm\u0259si il\u0259 ba\u011fl\u0131 m\u00fch\u00fcm add\u0131mlar at\u0131l\u0131b. \u00d6lk\u0259 Prezidentinin bilavasit\u0259 g\u00f6st\u0259ri\u015fl\u0259ri il\u0259 h\u0259yata ke\u00e7iril\u0259n islahatlar\u0131n n\u0259tic\u0259l\u0259ri iqtisadiyyat\u0131m\u0131z\u0131n b\u00fct\u00fcn sah\u0259l\u0259rind\u0259 n\u0259z\u0259r\u0259 \u00e7arpmaqdad\u0131r&#8221;.<\/p>\n<p>S.M\u00f6hbal\u0131yevin s\u00f6zl\u0259rin\u0259 g\u00f6r\u0259, \u00f6lk\u0259d\u0259 sosial sah\u0259d\u0259 g\u00f6r\u00fcl\u0259n i\u015fl\u0259rin miqyas\u0131n\u0131 t\u0259s\u0259vv\u00fcr etm\u0259k \u00fc\u00e7\u00fcn t\u0259kc\u0259 maa\u015f v\u0259 pensiyalar\u0131n, o c\u00fcml\u0259d\u0259n minimum \u0259m\u0259khaqq\u0131n\u0131n son 15 ild\u0259 bir ne\u00e7\u0259 d\u0259f\u0259 art\u0131r\u0131ld\u0131\u011f\u0131na n\u0259z\u0259r salmaq kifay\u0259tdir:<\/p>\n<p>&#8220;Bel\u0259 ki, h\u0259min m\u00fcdd\u0259td\u0259 maa\u015flar 7, pensiyalar 9, minimum \u0259m\u0259khaqq\u0131 6,5 d\u0259f\u0259 art\u0131b. \u00d6t\u0259n il d\u0259 Prezidentin m\u00fcvafiq s\u0259r\u0259ncamlar\u0131 il\u0259 b\u00fct\u00fcn n\u00f6v pensiyalar, t\u0259qa\u00fcdl\u0259r v\u0259 sosial m\u00fcavin\u0259tl\u0259r art\u0131r\u0131lm\u0131\u015fd\u0131. Prezidentin s\u0259r\u0259ncam\u0131 il\u0259 mart\u0131n 1-d\u0259n \u00f6lk\u0259 \u00fczr\u0259 minimum ayl\u0131q \u0259m\u0259khaqq\u0131n\u0131n 180 manat m\u00fc\u0259yy\u0259n edilm\u0259si birba\u015fa \u0259halinin rifah\u0131n\u0131n y\u00fcks\u0259ldilm\u0259sin\u0259 xidm\u0259t edir. H\u0259min s\u0259r\u0259ncam\u0131n imzalanmas\u0131 \u00f6lk\u0259d\u0259 \u00e7al\u0131\u015fan 600 min n\u0259f\u0259rin \u0259m\u0259khaqq\u0131n\u0131n art\u0131r\u0131lmas\u0131 dem\u0259kdir. Y\u0259ni, qanunla d\u00f6vl\u0259t sektorunda \u00e7al\u0131\u015fan 450 min n\u0259f\u0259rl\u0259 yana\u015f\u0131, \u00f6z\u0259l sektorda \u00e7al\u0131\u015fan 150 min n\u0259f\u0259rin d\u0259 \u0259m\u0259khaqq\u0131 da 180 manatdan a\u015fa\u011f\u0131 olmayacaq&#8221;.<\/p>\n<p>AH\u0130K s\u0259dri vur\u011fulay\u0131b ki, Prezident \u00f6lk\u0259d\u0259 \u0259halini narahat ed\u0259n b\u00fct\u00fcn sosial-iqtisadi m\u0259s\u0259l\u0259l\u0259ri bilir v\u0259 onlar\u0131 daim diqq\u0259t m\u0259rk\u0259zind\u0259 saxlay\u0131r. Onlar\u0131n h\u0259lli istiqam\u0259tind\u0259 ciddi tap\u015f\u0131r\u0131qlar verir, n\u0259tic\u0259si il\u0259 \u015f\u0259xs\u0259n maraqlan\u0131r:<\/p>\n<p>&#8220;Prezident \u0130lham \u018fliyev ke\u00e7irdiyi son m\u00fc\u015favir\u0259d\u0259 uzun m\u00fcdd\u0259tdir \u0259halini narahat ed\u0259n problemli kreditl\u0259rl\u0259 ba\u011fl\u0131 bildirdi ki, bu g\u00fcn, sad\u0259c\u0259 anons verm\u0259k ist\u0259yir\u0259m ki, &#8220;bu m\u0259s\u0259l\u0259 art\u0131q yekunla\u015fmaq \u00fczr\u0259dir&#8221;. Prezident verdiyi anonsdan d\u0259rhal sonra fevral\u0131n 28-d\u0259 &#8220;Az\u0259rbaycan Respublikas\u0131nda fiziki \u015f\u0259xsl\u0259rin problemli kreditl\u0259rinin h\u0259lli il\u0259 ba\u011fl\u0131 \u0259lav\u0259 t\u0259dbirl\u0259r haqq\u0131nda&#8221; F\u0259rman imzalad\u0131. Bununla da bir daha s\u00f6z\u00fcn\u00fcn arxas\u0131nda \u0259m\u0259l dayand\u0131\u011f\u0131n\u0131 d\u00fcnyaya n\u00fcmayi\u015f etdirdi.<\/p>\n<p>F\u0259rmana \u0259sas\u0259n, devalvasiya n\u0259tic\u0259sind\u0259 borcun artan v\u0259 hesablanm\u0131\u015f faiz hiss\u0259l\u0259ri d\u00f6vl\u0259t b\u00fcdc\u0259sind\u0259n \u00f6d\u0259ndikd\u0259n sonra yerd\u0259 qalan m\u0259bl\u0259\u011f restukturizasiya edil\u0259c\u0259k, y\u0259ni \u015f\u0259rtl\u0259r d\u0259yi\u015fdiril\u0259c\u0259k.<\/p>\n<p>Prezidentin bu f\u0259rman\u0131 il\u0259 800 min n\u0259f\u0259rin kredit problemi bird\u0259f\u0259lik h\u0259ll edildi. \u0130lham \u018fliyev v\u0259t\u0259nda\u015fla bank aras\u0131nda etimad m\u00fchitini b\u0259rpa etdi, m\u0259hk\u0259m\u0259 \u00e7\u0259ki\u015fm\u0259l\u0259ri v\u0259t\u0259nda\u015f\u0131n xeyrin\u0259 h\u0259ll olundu.<\/p>\n<p>\u0130lham \u018fliyevin dig\u0259r f\u0259rman v\u0259 s\u0259r\u0259ncamlar\u0131 kimi, imzalad\u0131g\u0131 bu s\u0259n\u0259d d\u0259 sosial sifari\u015f olaraq birba\u015fa \u0259halinin probleml\u0259rinin h\u0259llin\u0259, dem\u0259li, h\u0259m d\u0259 rifah\u0131n\u0131n y\u00fcks\u0259lm\u0259sin\u0259, g\u00fcz\u0259ran\u0131n\u0131n yax\u015f\u0131la\u015fmas\u0131na v\u0259 layiqli h\u0259yat s\u0259viyy\u0259sinin t\u0259min olunmas\u0131na xidm\u0259t edir. Bu f\u0259rmanla bir daha s\u00fcbut olundu ki, Az\u0259rbaycan d\u00f6vl\u0259ti qar\u015f\u0131s\u0131nda onun v\u0259t\u0259nda\u015f\u0131n\u0131n m\u0259nafeyind\u0259n \u00fcst\u00fcn he\u00e7 n\u0259 yoxdur.<\/p>\n<p>Dig\u0259r t\u0259r\u0259fd\u0259n, ham\u0131m\u0131z birm\u0259nal\u0131 \u015f\u0259kild\u0259 \u015fahidik ki, q\u0131sa m\u00fcdd\u0259t \u0259rzind\u0259 bu q\u0259d\u0259r sosialy\u00f6n\u00fcml\u00fc q\u0259rarlar\u0131n verilm\u0259si d\u00fcnyada g\u00f6r\u00fcnm\u0259mi\u015f bir hadis\u0259dir&#8221;.<\/p>\n<p>T\u0259dbirin sonunda y\u0131\u011f\u0131ncaq i\u015ftirak\u00e7\u0131lar\u0131 ad\u0131ndan Prezident \u0130lham \u018fliyev\u0259 m\u00fcraci\u0259t q\u0259bul edilib.<\/p>\n","protected":false},"excerpt":{"rendered":"<p>Bu g\u00fcn Az\u0259rbaycan H\u0259mkarlar \u0130ttifaqlar\u0131 Konfederasiyas\u0131nda (AH\u0130K) &#8220;Respublikada apar\u0131lan islahatlar \u00f6lk\u0259 \u0259halisinin sosial m\u00fcdafi\u0259sinin t\u0259min olunmas\u0131nda v\u0259 maddi rifah\u0131n\u0131n y\u00fcks\u0259ldilm\u0259sind\u0259 at\u0131lan m\u00fch\u00fcm add\u0131md\u0131r&#8221; m\u00f6vzusunda y\u0131\u011f\u0131ncaq ke\u00e7irilib. ARANTV.AZ trend-\u0259 istinad\u0259n x\u0259b\u0259r verir ki, y\u0131\u011f\u0131ncaqda AH\u0130K-in s\u0259dri, mill\u0259t v\u0259kili S\u0259ttar M\u00f6hbal\u0131yev \u00e7\u0131x\u0131\u015f ed\u0259r\u0259k \u00f6lk\u0259 \u0259halisinin ya\u015fay\u0131\u015f s\u0259viyy\u0259sinin v\u0259 sosial rifah\u0131n\u0131n y\u00fcks\u0259ldilm\u0259sinin h\u0259r zaman Prezident \u0130lham \u018fliyevin apard\u0131\u011f\u0131 siyas\u0259tin ba\u015fl\u0131ca prioritetl\u0259rind\u0259n oldu\u011funu bildirib: &#8220;Prezident \u0130lham \u018fliyevin birba\u015fa r\u0259hb\u0259rliyi alt\u0131nda pensiya, \u00fcnvanl\u0131 yard\u0131m, \u0259lilliy\u0259 g\u00f6r\u0259 m\u00fcavin\u0259tl\u0259rin verilm\u0259si v\u0259 m\u0259\u015f\u011fulluq sah\u0259l\u0259rind\u0259 \u015f\u0259ffafl\u0131\u011f\u0131n v\u0259 sosial \u0259dal\u0259tin tam t\u0259min olunmas\u0131, b\u00fcrokratiya, s\u00fcr\u00fcnd\u00fcrm\u0259\u00e7ilik v\u0259 korrupsiya hallar\u0131n\u0131n aradan qald\u0131r\u0131lmas\u0131,&hellip;<\/p>\n","protected":false},"author":2,"featured_media":43391,"comment_status":"closed","ping_status":"closed","sticky":false,"template":"","format":"standard","meta":{"om_disable_all_campaigns":false,"_monsterinsights_skip_tracking":false,"_monsterinsights_sitenote_active":false,"_monsterinsights_sitenote_note":"","_monsterinsights_sitenote_category":0},"categories":[4],"tags":[],"aioseo_notices":[],"gutentor_comment":0,"rttpg_featured_image_url":{"full":["https:\/\/arantv.az\/wp-content\/uploads\/2019\/03\/736601.jpg",800,600,false],"landscape":["https:\/\/arantv.az\/wp-content\/uploads\/2019\/03\/736601.jpg",800,600,false],"portraits":["https:\/\/arantv.az\/wp-content\/uploads\/2019\/03\/736601.jpg",800,600,false],"thumbnail":["https:\/\/arantv.az\/wp-content\/uploads\/2019\/03\/736601-150x150.jpg",150,150,true],"medium":["https:\/\/arantv.az\/wp-content\/uploads\/2019\/03\/736601-300x225.jpg",300,225,true],"large":["https:\/\/arantv.az\/wp-content\/uploads\/2019\/03\/736601.jpg",640,480,false],"1536x1536":["https:\/\/arantv.az\/wp-content\/uploads\/2019\/03\/736601.jpg",800,600,false],"2048x2048":["https:\/\/arantv.az\/wp-content\/uploads\/2019\/03\/736601.jpg",800,600,false],"post-thumbnail":["https:\/\/arantv.az\/wp-content\/uploads\/2019\/03\/736601-240x172.jpg",240,172,true],"advps-thumb-one":["https:\/\/arantv.az\/wp-content\/uploads\/2019\/03\/736601.jpg",800,600,false]},"rttpg_author":{"display_name":"V\u00fcsal Rafiqo\u011flu","author_link":"https:\/\/arantv.az\/?author=2"},"rttpg_comment":0,"rttpg_category":"<a href=\"https:\/\/arantv.az\/?cat=4\" rel=\"category\">Siyas\u0259t<\/a>","rttpg_excerpt":"Bu g\u00fcn Az\u0259rbaycan H\u0259mkarlar \u0130ttifaqlar\u0131 Konfederasiyas\u0131nda (AH\u0130K) &#8220;Respublikada apar\u0131lan islahatlar \u00f6lk\u0259 \u0259halisinin sosial m\u00fcdafi\u0259sinin t\u0259min olunmas\u0131nda v\u0259 maddi rifah\u0131n\u0131n y\u00fcks\u0259ldilm\u0259sind\u0259 at\u0131lan m\u00fch\u00fcm add\u0131md\u0131r&#8221; m\u00f6vzusunda y\u0131\u011f\u0131ncaq ke\u00e7irilib. ARANTV.AZ trend-\u0259 istinad\u0259n x\u0259b\u0259r verir ki, y\u0131\u011f\u0131ncaqda AH\u0130K-in s\u0259dri, mill\u0259t v\u0259kili S\u0259ttar M\u00f6hbal\u0131yev \u00e7\u0131x\u0131\u015f ed\u0259r\u0259k \u00f6lk\u0259 \u0259halisinin ya\u015fay\u0131\u015f s\u0259viyy\u0259sinin v\u0259 sosial rifah\u0131n\u0131n y\u00fcks\u0259ldilm\u0259sinin h\u0259r zaman Prezident \u0130lham \u018fliyevin apard\u0131\u011f\u0131&hellip;","_links":{"self":[{"href":"https:\/\/arantv.az\/index.php?rest_route=\/wp\/v2\/posts\/43390"}],"collection":[{"href":"https:\/\/arantv.az\/index.php?rest_route=\/wp\/v2\/posts"}],"about":[{"href":"https:\/\/arantv.az\/index.php?rest_route=\/wp\/v2\/types\/post"}],"author":[{"embeddable":true,"href":"https:\/\/arantv.az\/index.php?rest_route=\/wp\/v2\/users\/2"}],"replies":[{"embeddable":true,"href":"https:\/\/arantv.az\/index.php?rest_route=%2Fwp%2Fv2%2Fcomments&post=43390"}],"version-history":[{"count":0,"href":"https:\/\/arantv.az\/index.php?rest_route=\/wp\/v2\/posts\/43390\/revisions"}],"wp:featuredmedia":[{"embeddable":true,"href":"https:\/\/arantv.az\/index.php?rest_route=\/wp\/v2\/media\/43391"}],"wp:attachment":[{"href":"https:\/\/arantv.az\/index.php?rest_route=%2Fwp%2Fv2%2Fmedia&parent=43390"}],"wp:term":[{"taxonomy":"category","embeddable":true,"href":"https:\/\/arantv.az\/index.php?rest_route=%2Fwp%2Fv2%2Fcategories&post=43390"},{"taxonomy":"post_tag","embeddable":true,"href":"https:\/\/arantv.az\/index.php?rest_route=%2Fwp%2Fv2%2Ftags&post=43390"}],"curies":[{"name":"wp","href":"https:\/\/api.w.org\/{rel}","templated":true}]}}