{"id":43394,"date":"2019-03-06T15:00:42","date_gmt":"2019-03-06T12:00:42","guid":{"rendered":"http:\/\/arantv.az\/?p=43394"},"modified":"2019-03-06T15:00:42","modified_gmt":"2019-03-06T12:00:42","slug":"sentop-turkiy%c9%99-il%c9%99-az%c9%99rbaycan-q%c9%99d%c9%99r-bir-birin%c9%99-yaxin-olan-dovl%c9%99t-yoxdur","status":"publish","type":"post","link":"https:\/\/arantv.az\/?p=43394","title":{"rendered":"\u015eentop: T\u00fcrkiy\u0259 il\u0259 Az\u0259rbaycan q\u0259d\u0259r bir-birin\u0259 yax\u0131n olan d\u00f6vl\u0259t yoxdur"},"content":{"rendered":"<p>Milli M\u0259clisin (MM) s\u0259dri Oqtay \u018fs\u0259dov mart\u0131n 6-da T\u00fcrkiy\u0259 B\u00f6y\u00fck Mill\u0259t M\u0259clisinin\u00a0(TBMM) s\u0259dri Mustafa \u015eentopun r\u0259hb\u0259rlik etdiyi n\u00fcmay\u0259nd\u0259 hey\u0259ti il\u0259 g\u00f6r\u00fc\u015f\u00fcb.<\/p>\n<p><strong>ARANTV.AZ\u00a0\u00a0<\/strong>x\u0259b\u0259r verir ki,\u00a0g\u00f6r\u00fc\u015fd\u0259 Az\u0259rbaycan-T\u00fcrkiy\u0259 \u0259laq\u0259l\u0259rinin y\u00fcks\u0259k strateji \u0259m\u0259kda\u015fl\u0131q s\u0259viyy\u0259sind\u0259 oldu\u011funu s\u00f6yl\u0259y\u0259n O.\u018fs\u0259dov bildirib ki, m\u00fcnasib\u0259tl\u0259rimizin bu c\u00fcr inki\u015faf etm\u0259sind\u0259 d\u00f6vl\u0259tl\u0259rimizin ba\u015f\u00e7\u0131lar\u0131n\u0131n qar\u015f\u0131l\u0131ql\u0131 s\u0259f\u0259rl\u0259rinin b\u00f6y\u00fck rolu var.<\/p>\n<p>Spiker Az\u0259rbaycan-T\u00fcrkiy\u0259 m\u00fcnasib\u0259tl\u0259rinin m\u00f6hk\u0259m h\u00fcquqi bazas\u0131n\u0131n yarad\u0131ld\u0131\u011f\u0131n\u0131 bildir\u0259r\u0259k, deyib ki, \u00f6t\u0259n d\u00f6vr \u0259rzind\u0259 qarda\u015f \u00f6lk\u0259l\u0259rimiz aras\u0131nda 230-a yax\u0131n s\u0259n\u0259d imzalan\u0131b, 30 s\u0259n\u0259d is\u0259 haz\u0131rlanma m\u0259rh\u0259l\u0259sind\u0259dir.<\/p>\n<div id=\"AdributorNativeVideo0\" class=\"AdributorNativeVideo\"><\/div>\n<p>\u0130qtisadi \u0259laq\u0259l\u0259rd\u0259n dan\u0131\u015fan O.\u018fs\u0259dov diqq\u0259t\u0259 \u00e7atd\u0131r\u0131b ki, 2017-ci ild\u0259 T\u00fcrkiy\u0259 v\u0259 Az\u0259rbaycan aras\u0131nda ticar\u0259t d\u00f6vriyy\u0259si iki milyard alt\u0131 y\u00fcz milyon dollar idis\u0259, 2018-ci ild\u0259 bu g\u00f6st\u0259rici \u00fc\u00e7 milyard be\u015f y\u00fcz milyon dollar olub:<\/p>\n<p>\u201c\u018fsas h\u0259d\u0259fimiz ticar\u0259t d\u00f6vriyy\u0259sinin h\u0259cmini on milyard dollara \u00e7atd\u0131rmaqd\u0131r. Dig\u0259r sevindirici hal is\u0259 Az\u0259rbaycan\u0131n T\u00fcrkiy\u0259d\u0259 \u0259sas s\u0259rmay\u0259\u00e7il\u0259rd\u0259n biri olmas\u0131d\u0131r. \u00d6lk\u0259l\u0259rimiz birg\u0259 regional layih\u0259l\u0259r h\u0259yata ke\u00e7irirl\u0259r. Bu layih\u0259l\u0259r g\u0259l\u0259c\u0259kd\u0259 Avropan\u0131n enerji x\u0259rit\u0259sini d\u0259yi\u015fm\u0259k iqtidar\u0131ndad\u0131r\u201d.<\/p>\n<p>Parlamentl\u0259r aras\u0131nda \u0259laq\u0259l\u0259rin davaml\u0131 olaraq geni\u015fl\u0259ndiyini s\u00f6yl\u0259y\u0259n O.\u018fs\u0259dov qeyd edib ki, n\u00fcmay\u0259nd\u0259 hey\u0259tl\u0259rimiz beyn\u0259lxalq t\u0259\u015fkilatlarda da daim bir-birl\u0259rini d\u0259st\u0259kl\u0259yirl\u0259r.<\/p>\n<p>TBMM-in s\u0259dri M.\u015eentop is\u0259 Az\u0259rbaycan\u0131n T\u00fcrkiy\u0259 \u00fc\u00e7\u00fcn \u0259n etibarl\u0131 strateji t\u0259r\u0259fda\u015f oldu\u011funu qeyd ed\u0259r\u0259k deyib ki, d\u00fcnyada qarda\u015f \u00f6lk\u0259l\u0259rimiz q\u0259d\u0259r bir-birin\u0259 yax\u0131n olan d\u00f6vl\u0259tl\u0259r yoxdur.<\/p>\n<p>M. \u015eentop parlamentl\u0259rin dostluq qruplar\u0131n\u0131n qar\u015f\u0131l\u0131ql\u0131 s\u0259f\u0259rl\u0259rinin \u00f6lk\u0259l\u0259rimiz aras\u0131ndak\u0131 \u0259laq\u0259l\u0259rin inki\u015faf\u0131 bax\u0131m\u0131ndan \u00f6n\u0259mini vur\u011fulay\u0131b.oxu.az<\/p>\n","protected":false},"excerpt":{"rendered":"<p>Milli M\u0259clisin (MM) s\u0259dri Oqtay \u018fs\u0259dov mart\u0131n 6-da T\u00fcrkiy\u0259 B\u00f6y\u00fck Mill\u0259t M\u0259clisinin\u00a0(TBMM) s\u0259dri Mustafa \u015eentopun r\u0259hb\u0259rlik etdiyi n\u00fcmay\u0259nd\u0259 hey\u0259ti il\u0259 g\u00f6r\u00fc\u015f\u00fcb. ARANTV.AZ\u00a0\u00a0x\u0259b\u0259r verir ki,\u00a0g\u00f6r\u00fc\u015fd\u0259 Az\u0259rbaycan-T\u00fcrkiy\u0259 \u0259laq\u0259l\u0259rinin y\u00fcks\u0259k strateji \u0259m\u0259kda\u015fl\u0131q s\u0259viyy\u0259sind\u0259 oldu\u011funu s\u00f6yl\u0259y\u0259n O.\u018fs\u0259dov bildirib ki, m\u00fcnasib\u0259tl\u0259rimizin bu c\u00fcr inki\u015faf etm\u0259sind\u0259 d\u00f6vl\u0259tl\u0259rimizin ba\u015f\u00e7\u0131lar\u0131n\u0131n qar\u015f\u0131l\u0131ql\u0131 s\u0259f\u0259rl\u0259rinin b\u00f6y\u00fck rolu var. Spiker Az\u0259rbaycan-T\u00fcrkiy\u0259 m\u00fcnasib\u0259tl\u0259rinin m\u00f6hk\u0259m h\u00fcquqi bazas\u0131n\u0131n yarad\u0131ld\u0131\u011f\u0131n\u0131 bildir\u0259r\u0259k, deyib ki, \u00f6t\u0259n d\u00f6vr \u0259rzind\u0259 qarda\u015f \u00f6lk\u0259l\u0259rimiz aras\u0131nda 230-a yax\u0131n s\u0259n\u0259d imzalan\u0131b, 30 s\u0259n\u0259d is\u0259 haz\u0131rlanma m\u0259rh\u0259l\u0259sind\u0259dir. \u0130qtisadi \u0259laq\u0259l\u0259rd\u0259n dan\u0131\u015fan O.\u018fs\u0259dov diqq\u0259t\u0259 \u00e7atd\u0131r\u0131b ki, 2017-ci ild\u0259 T\u00fcrkiy\u0259 v\u0259 Az\u0259rbaycan aras\u0131nda ticar\u0259t d\u00f6vriyy\u0259si iki milyard alt\u0131&hellip;<\/p>\n","protected":false},"author":2,"featured_media":43395,"comment_status":"closed","ping_status":"closed","sticky":false,"template":"","format":"standard","meta":{"om_disable_all_campaigns":false,"_monsterinsights_skip_tracking":false,"_monsterinsights_sitenote_active":false,"_monsterinsights_sitenote_note":"","_monsterinsights_sitenote_category":0},"categories":[4],"tags":[],"aioseo_notices":[],"gutentor_comment":0,"rttpg_featured_image_url":{"full":["https:\/\/arantv.az\/wp-content\/uploads\/2019\/03\/sentop-ilyaaaaa.jpg",620,319,false],"landscape":["https:\/\/arantv.az\/wp-content\/uploads\/2019\/03\/sentop-ilyaaaaa.jpg",620,319,false],"portraits":["https:\/\/arantv.az\/wp-content\/uploads\/2019\/03\/sentop-ilyaaaaa.jpg",620,319,false],"thumbnail":["https:\/\/arantv.az\/wp-content\/uploads\/2019\/03\/sentop-ilyaaaaa-150x150.jpg",150,150,true],"medium":["https:\/\/arantv.az\/wp-content\/uploads\/2019\/03\/sentop-ilyaaaaa-300x154.jpg",300,154,true],"large":["https:\/\/arantv.az\/wp-content\/uploads\/2019\/03\/sentop-ilyaaaaa.jpg",620,319,false],"1536x1536":["https:\/\/arantv.az\/wp-content\/uploads\/2019\/03\/sentop-ilyaaaaa.jpg",620,319,false],"2048x2048":["https:\/\/arantv.az\/wp-content\/uploads\/2019\/03\/sentop-ilyaaaaa.jpg",620,319,false],"post-thumbnail":["https:\/\/arantv.az\/wp-content\/uploads\/2019\/03\/sentop-ilyaaaaa-240x172.jpg",240,172,true],"advps-thumb-one":["https:\/\/arantv.az\/wp-content\/uploads\/2019\/03\/sentop-ilyaaaaa.jpg",620,319,false]},"rttpg_author":{"display_name":"V\u00fcsal Rafiqo\u011flu","author_link":"https:\/\/arantv.az\/?author=2"},"rttpg_comment":0,"rttpg_category":"<a href=\"https:\/\/arantv.az\/?cat=4\" rel=\"category\">Siyas\u0259t<\/a>","rttpg_excerpt":"Milli M\u0259clisin (MM) s\u0259dri Oqtay \u018fs\u0259dov mart\u0131n 6-da T\u00fcrkiy\u0259 B\u00f6y\u00fck Mill\u0259t M\u0259clisinin\u00a0(TBMM) s\u0259dri Mustafa \u015eentopun r\u0259hb\u0259rlik etdiyi n\u00fcmay\u0259nd\u0259 hey\u0259ti il\u0259 g\u00f6r\u00fc\u015f\u00fcb. ARANTV.AZ\u00a0\u00a0x\u0259b\u0259r verir ki,\u00a0g\u00f6r\u00fc\u015fd\u0259 Az\u0259rbaycan-T\u00fcrkiy\u0259 \u0259laq\u0259l\u0259rinin y\u00fcks\u0259k strateji \u0259m\u0259kda\u015fl\u0131q s\u0259viyy\u0259sind\u0259 oldu\u011funu s\u00f6yl\u0259y\u0259n O.\u018fs\u0259dov bildirib ki, m\u00fcnasib\u0259tl\u0259rimizin bu c\u00fcr inki\u015faf etm\u0259sind\u0259 d\u00f6vl\u0259tl\u0259rimizin ba\u015f\u00e7\u0131lar\u0131n\u0131n qar\u015f\u0131l\u0131ql\u0131 s\u0259f\u0259rl\u0259rinin b\u00f6y\u00fck rolu var. Spiker Az\u0259rbaycan-T\u00fcrkiy\u0259 m\u00fcnasib\u0259tl\u0259rinin m\u00f6hk\u0259m h\u00fcquqi bazas\u0131n\u0131n yarad\u0131ld\u0131\u011f\u0131n\u0131 bildir\u0259r\u0259k,&hellip;","_links":{"self":[{"href":"https:\/\/arantv.az\/index.php?rest_route=\/wp\/v2\/posts\/43394"}],"collection":[{"href":"https:\/\/arantv.az\/index.php?rest_route=\/wp\/v2\/posts"}],"about":[{"href":"https:\/\/arantv.az\/index.php?rest_route=\/wp\/v2\/types\/post"}],"author":[{"embeddable":true,"href":"https:\/\/arantv.az\/index.php?rest_route=\/wp\/v2\/users\/2"}],"replies":[{"embeddable":true,"href":"https:\/\/arantv.az\/index.php?rest_route=%2Fwp%2Fv2%2Fcomments&post=43394"}],"version-history":[{"count":0,"href":"https:\/\/arantv.az\/index.php?rest_route=\/wp\/v2\/posts\/43394\/revisions"}],"wp:featuredmedia":[{"embeddable":true,"href":"https:\/\/arantv.az\/index.php?rest_route=\/wp\/v2\/media\/43395"}],"wp:attachment":[{"href":"https:\/\/arantv.az\/index.php?rest_route=%2Fwp%2Fv2%2Fmedia&parent=43394"}],"wp:term":[{"taxonomy":"category","embeddable":true,"href":"https:\/\/arantv.az\/index.php?rest_route=%2Fwp%2Fv2%2Fcategories&post=43394"},{"taxonomy":"post_tag","embeddable":true,"href":"https:\/\/arantv.az\/index.php?rest_route=%2Fwp%2Fv2%2Ftags&post=43394"}],"curies":[{"name":"wp","href":"https:\/\/api.w.org\/{rel}","templated":true}]}}