{"id":43414,"date":"2019-03-06T16:28:15","date_gmt":"2019-03-06T13:28:15","guid":{"rendered":"http:\/\/arantv.az\/?p=43414"},"modified":"2019-03-06T16:28:15","modified_gmt":"2019-03-06T13:28:15","slug":"oqtay-%c9%99s%c9%99dov-turkiy%c9%99-parlamentinin-s%c9%99drini-t%c9%99brik-etdi","status":"publish","type":"post","link":"https:\/\/arantv.az\/?p=43414","title":{"rendered":"Oqtay \u018fs\u0259dov T\u00fcrkiy\u0259 parlamentinin s\u0259drini t\u0259brik etdi"},"content":{"rendered":"<div class=\"spot\">Milli M\u0259clisin (MM) s\u0259dri Oqtay \u018fs\u0259dov T\u00fcrkiy\u0259 B\u00f6y\u00fck Mill\u0259t M\u0259clisinin s\u0259dri Mustafa \u015eentopun r\u0259hb\u0259rlik etdiyi n\u00fcmay\u0259nd\u0259 hey\u0259ti il\u0259 g\u00f6r\u00fc\u015f\u00fcb.<\/div>\n<p><strong>ARANTV.AZ<\/strong>-\u0131n x\u0259b\u0259rin\u0259 g\u00f6r\u0259, O.\u018fs\u0259dov T\u00fcrkiy\u0259 B\u00f6y\u00fck Mill\u0259t M\u0259clisinin s\u0259dri se\u00e7ilm\u0259si m\u00fcnasib\u0259til\u0259 Mustafa \u015eentopu t\u0259brik edib.<\/p>\n<p>Az\u0259rbaycan-T\u00fcrkiy\u0259 \u0259laq\u0259l\u0259rinin y\u00fcks\u0259k strateji \u0259m\u0259kda\u015fl\u0131q s\u0259viyy\u0259sind\u0259 oldu\u011funu dey\u0259n parlament s\u0259dri bildirib ki, m\u00fcnasib\u0259tl\u0259rin bu c\u00fcr inki\u015faf etm\u0259sind\u0259 d\u00f6vl\u0259t ba\u015f\u00e7\u0131lar\u0131n\u0131n qar\u015f\u0131l\u0131ql\u0131 s\u0259f\u0259rl\u0259rinin b\u00f6y\u00fck rolu var.<\/p>\n<p>O.\u018fs\u0259dov Az\u0259rbaycan-T\u00fcrkiy\u0259 m\u00fcnasib\u0259tl\u0259rinin m\u00f6hk\u0259m h\u00fcquqi bazas\u0131n\u0131n yarad\u0131ld\u0131\u011f\u0131n\u0131 bildir\u0259r\u0259k deyib ki, \u00f6t\u0259n d\u00f6vr \u0259rzind\u0259 \u00f6lk\u0259l\u0259r aras\u0131nda 230-a yax\u0131n s\u0259n\u0259d imzalan\u0131b, 30 s\u0259n\u0259d is\u0259 haz\u0131rlanma m\u0259rh\u0259l\u0259sind\u0259dir.<\/p>\n<p>Parlamentin s\u0259dri qeyd edib ki, 2017-ci ild\u0259 T\u00fcrkiy\u0259 v\u0259 Az\u0259rbaycan aras\u0131nda ticar\u0259t d\u00f6vriyy\u0259si iki milyard alt\u0131 y\u00fcz milyon dollar idis\u0259, 2018-ci ild\u0259 bu g\u00f6st\u0259rici \u00fc\u00e7 milyard be\u015f y\u00fcz milyon dollar olub: \u201c\u018fsas h\u0259d\u0259fimiz ticar\u0259t d\u00f6vriyy\u0259sinin h\u0259cmini on milyard dollara \u00e7atd\u0131rmaqd\u0131r. Dig\u0259r sevindirici hal is\u0259 Az\u0259rbaycan\u0131n T\u00fcrkiy\u0259d\u0259 \u0259sas s\u0259rmay\u0259\u00e7il\u0259rd\u0259n biri olmas\u0131d\u0131r. \u00d6lk\u0259l\u0259rimiz birg\u0259 regional layih\u0259l\u0259r h\u0259yata ke\u00e7irirl\u0259r. Bu layih\u0259l\u0259r g\u0259l\u0259c\u0259kd\u0259 Avropan\u0131n enerji x\u0259rit\u0259sini d\u0259yi\u015fm\u0259k iqtidar\u0131ndad\u0131r\u201d.<\/p>\n<div id=\"AdributorNativeVideo0\" class=\"AdributorNativeVideo\"><\/div>\n<p>Parlamentl\u0259r aras\u0131nda \u0259laq\u0259l\u0259rin davaml\u0131 olaraq geni\u015fl\u0259ndiyini bildir\u0259n O.\u018fs\u0259dov qeyd edib ki, n\u00fcmay\u0259nd\u0259 hey\u0259tl\u0259ri beyn\u0259lxalq t\u0259\u015fkilatlarda da daim bir-birl\u0259rini d\u0259st\u0259kl\u0259yirl\u0259r.<\/p>\n<p>T\u00fcrkiy\u0259 B\u00f6y\u00fck Mill\u0259t M\u0259clisinin s\u0259dri Mustafa \u015eentop bu v\u0259zif\u0259y\u0259 se\u00e7ilm\u0259sind\u0259n sonra ilk s\u0259f\u0259rini Az\u0259rbaycana etm\u0259sind\u0259n m\u0259mnunlu\u011funu bildirib. Az\u0259rbaycan\u0131n T\u00fcrkiy\u0259 \u00fc\u00e7\u00fcn \u0259n etibarl\u0131 strateji t\u0259r\u0259fda\u015f oldu\u011funu qeyd ed\u0259n Mustafa \u015eentop deyib ki, d\u00fcnyada qarda\u015f \u00f6lk\u0259l\u0259rimiz q\u0259d\u0259r bir-birin\u0259 yax\u0131n olan d\u00f6vl\u0259tl\u0259r yoxdur.<\/p>\n<p>Mustafa \u015eentop parlamentl\u0259rin dostluq qruplar\u0131n\u0131n qar\u015f\u0131l\u0131ql\u0131 s\u0259f\u0259rl\u0259rinin \u00f6lk\u0259l\u0259r aras\u0131ndak\u0131 \u0259laq\u0259l\u0259rin inki\u015faf\u0131 bax\u0131m\u0131ndan \u00f6n\u0259mini vur\u011fulay\u0131b.<\/p>\n<p><em>\u00d6lk\u0259.Az<\/em><\/p>\n","protected":false},"excerpt":{"rendered":"<p>Milli M\u0259clisin (MM) s\u0259dri Oqtay \u018fs\u0259dov T\u00fcrkiy\u0259 B\u00f6y\u00fck Mill\u0259t M\u0259clisinin s\u0259dri Mustafa \u015eentopun r\u0259hb\u0259rlik etdiyi n\u00fcmay\u0259nd\u0259 hey\u0259ti il\u0259 g\u00f6r\u00fc\u015f\u00fcb. ARANTV.AZ-\u0131n x\u0259b\u0259rin\u0259 g\u00f6r\u0259, O.\u018fs\u0259dov T\u00fcrkiy\u0259 B\u00f6y\u00fck Mill\u0259t M\u0259clisinin s\u0259dri se\u00e7ilm\u0259si m\u00fcnasib\u0259til\u0259 Mustafa \u015eentopu t\u0259brik edib. Az\u0259rbaycan-T\u00fcrkiy\u0259 \u0259laq\u0259l\u0259rinin y\u00fcks\u0259k strateji \u0259m\u0259kda\u015fl\u0131q s\u0259viyy\u0259sind\u0259 oldu\u011funu dey\u0259n parlament s\u0259dri bildirib ki, m\u00fcnasib\u0259tl\u0259rin bu c\u00fcr inki\u015faf etm\u0259sind\u0259 d\u00f6vl\u0259t ba\u015f\u00e7\u0131lar\u0131n\u0131n qar\u015f\u0131l\u0131ql\u0131 s\u0259f\u0259rl\u0259rinin b\u00f6y\u00fck rolu var. O.\u018fs\u0259dov Az\u0259rbaycan-T\u00fcrkiy\u0259 m\u00fcnasib\u0259tl\u0259rinin m\u00f6hk\u0259m h\u00fcquqi bazas\u0131n\u0131n yarad\u0131ld\u0131\u011f\u0131n\u0131 bildir\u0259r\u0259k deyib ki, \u00f6t\u0259n d\u00f6vr \u0259rzind\u0259 \u00f6lk\u0259l\u0259r aras\u0131nda 230-a yax\u0131n s\u0259n\u0259d imzalan\u0131b, 30 s\u0259n\u0259d is\u0259 haz\u0131rlanma m\u0259rh\u0259l\u0259sind\u0259dir. Parlamentin s\u0259dri qeyd edib ki, 2017-ci ild\u0259 T\u00fcrkiy\u0259&hellip;<\/p>\n","protected":false},"author":2,"featured_media":43415,"comment_status":"closed","ping_status":"closed","sticky":false,"template":"","format":"standard","meta":{"om_disable_all_campaigns":false,"_monsterinsights_skip_tracking":false,"_monsterinsights_sitenote_active":false,"_monsterinsights_sitenote_note":"","_monsterinsights_sitenote_category":0},"categories":[4],"tags":[],"aioseo_notices":[],"gutentor_comment":0,"rttpg_featured_image_url":{"full":["https:\/\/arantv.az\/wp-content\/uploads\/2019\/03\/oqtayes.jpg",620,375,false],"landscape":["https:\/\/arantv.az\/wp-content\/uploads\/2019\/03\/oqtayes.jpg",620,375,false],"portraits":["https:\/\/arantv.az\/wp-content\/uploads\/2019\/03\/oqtayes.jpg",620,375,false],"thumbnail":["https:\/\/arantv.az\/wp-content\/uploads\/2019\/03\/oqtayes-150x150.jpg",150,150,true],"medium":["https:\/\/arantv.az\/wp-content\/uploads\/2019\/03\/oqtayes-300x181.jpg",300,181,true],"large":["https:\/\/arantv.az\/wp-content\/uploads\/2019\/03\/oqtayes.jpg",620,375,false],"1536x1536":["https:\/\/arantv.az\/wp-content\/uploads\/2019\/03\/oqtayes.jpg",620,375,false],"2048x2048":["https:\/\/arantv.az\/wp-content\/uploads\/2019\/03\/oqtayes.jpg",620,375,false],"post-thumbnail":["https:\/\/arantv.az\/wp-content\/uploads\/2019\/03\/oqtayes-240x172.jpg",240,172,true],"advps-thumb-one":["https:\/\/arantv.az\/wp-content\/uploads\/2019\/03\/oqtayes.jpg",620,375,false]},"rttpg_author":{"display_name":"V\u00fcsal Rafiqo\u011flu","author_link":"https:\/\/arantv.az\/?author=2"},"rttpg_comment":0,"rttpg_category":"<a href=\"https:\/\/arantv.az\/?cat=4\" rel=\"category\">Siyas\u0259t<\/a>","rttpg_excerpt":"Milli M\u0259clisin (MM) s\u0259dri Oqtay \u018fs\u0259dov T\u00fcrkiy\u0259 B\u00f6y\u00fck Mill\u0259t M\u0259clisinin s\u0259dri Mustafa \u015eentopun r\u0259hb\u0259rlik etdiyi n\u00fcmay\u0259nd\u0259 hey\u0259ti il\u0259 g\u00f6r\u00fc\u015f\u00fcb. ARANTV.AZ-\u0131n x\u0259b\u0259rin\u0259 g\u00f6r\u0259, O.\u018fs\u0259dov T\u00fcrkiy\u0259 B\u00f6y\u00fck Mill\u0259t M\u0259clisinin s\u0259dri se\u00e7ilm\u0259si m\u00fcnasib\u0259til\u0259 Mustafa \u015eentopu t\u0259brik edib. Az\u0259rbaycan-T\u00fcrkiy\u0259 \u0259laq\u0259l\u0259rinin y\u00fcks\u0259k strateji \u0259m\u0259kda\u015fl\u0131q s\u0259viyy\u0259sind\u0259 oldu\u011funu dey\u0259n parlament s\u0259dri bildirib ki, m\u00fcnasib\u0259tl\u0259rin bu c\u00fcr inki\u015faf etm\u0259sind\u0259 d\u00f6vl\u0259t ba\u015f\u00e7\u0131lar\u0131n\u0131n qar\u015f\u0131l\u0131ql\u0131 s\u0259f\u0259rl\u0259rinin&hellip;","_links":{"self":[{"href":"https:\/\/arantv.az\/index.php?rest_route=\/wp\/v2\/posts\/43414"}],"collection":[{"href":"https:\/\/arantv.az\/index.php?rest_route=\/wp\/v2\/posts"}],"about":[{"href":"https:\/\/arantv.az\/index.php?rest_route=\/wp\/v2\/types\/post"}],"author":[{"embeddable":true,"href":"https:\/\/arantv.az\/index.php?rest_route=\/wp\/v2\/users\/2"}],"replies":[{"embeddable":true,"href":"https:\/\/arantv.az\/index.php?rest_route=%2Fwp%2Fv2%2Fcomments&post=43414"}],"version-history":[{"count":0,"href":"https:\/\/arantv.az\/index.php?rest_route=\/wp\/v2\/posts\/43414\/revisions"}],"wp:featuredmedia":[{"embeddable":true,"href":"https:\/\/arantv.az\/index.php?rest_route=\/wp\/v2\/media\/43415"}],"wp:attachment":[{"href":"https:\/\/arantv.az\/index.php?rest_route=%2Fwp%2Fv2%2Fmedia&parent=43414"}],"wp:term":[{"taxonomy":"category","embeddable":true,"href":"https:\/\/arantv.az\/index.php?rest_route=%2Fwp%2Fv2%2Fcategories&post=43414"},{"taxonomy":"post_tag","embeddable":true,"href":"https:\/\/arantv.az\/index.php?rest_route=%2Fwp%2Fv2%2Ftags&post=43414"}],"curies":[{"name":"wp","href":"https:\/\/api.w.org\/{rel}","templated":true}]}}