{"id":43466,"date":"2019-03-07T09:15:36","date_gmt":"2019-03-07T06:15:36","guid":{"rendered":"http:\/\/arantv.az\/?p=43466"},"modified":"2019-03-07T09:15:36","modified_gmt":"2019-03-07T06:15:36","slug":"zakir-h%c9%99s%c9%99novdan-8-mart-t%c9%99briki-s%c9%99hid-xanimlari-da-andi","status":"publish","type":"post","link":"https:\/\/arantv.az\/?p=43466","title":{"rendered":"Zakir H\u0259s\u0259novdan 8 Mart t\u0259briki &#8211; \u015e\u0259hid xan\u0131mlar\u0131 da and\u0131"},"content":{"rendered":"<p>M\u00fcdafi\u0259 naziri, general-polkovnik Zakir H\u0259s\u0259nov 8 Mart &#8211; Beyn\u0259lxalq Qad\u0131nlar G\u00fcn\u00fc m\u00fcnasib\u0259til\u0259 Az\u0259rbaycan qad\u0131nlar\u0131n\u0131\u00a0<a href=\"https:\/\/mod.gov.az\/az\/news\/8-mart-beynelxalq-qadinlar-gunu-munasibetile-azerbaycan-respublikasi-mudafie-nazirinin-tebriki-26002.html\" target=\"_blank\" rel=\"noopener\">t\u0259brik edib<\/a>.<\/p>\n<p>T\u0259brikd\u0259 deyilir:<\/p>\n<p>\u201c\u018fziz xan\u0131mlar!<\/p>\n<p>Sizi 8 Mart &#8211; Beyn\u0259lxalq Qad\u0131nlar G\u00fcn\u00fc m\u00fcnasib\u0259til\u0259 t\u0259brik edir, h\u0259r biriniz\u0259 \u0259n xo\u015f arzular\u0131m\u0131 bildirir\u0259m.<\/p>\n<p>Az\u0259rbaycan qad\u0131n\u0131 tarix boyu m\u00fcq\u0259dd\u0259s ana ad\u0131n\u0131 uca tutmaqla m\u00fcdrikliyi, i\u015fg\u00fczarl\u0131\u011f\u0131, safl\u0131\u011f\u0131 v\u0259 m\u00fcbarizliyi il\u0259 ke\u00e7mi\u015fimiz\u0259 parlaq s\u0259hif\u0259l\u0259r yaz\u0131b. \u00d6lk\u0259mizin ictimai-siyasi, m\u0259d\u0259ni h\u0259yat\u0131nda f\u0259al i\u015ftirak edib, V\u0259t\u0259nin m\u00fcdafi\u0259sind\u0259 v\u0259 d\u00f6vl\u0259tin idar\u0259 olunmas\u0131nda f\u0259dakarl\u0131q n\u00fcmayi\u015f etdirm\u0259kl\u0259 yana\u015f\u0131, d\u00f6y\u00fc\u015fl\u0259rd\u0259 \u015f\u00fcca\u0259t g\u00f6st\u0259rib.<\/p>\n<p>\u00d6t\u0259n il 100 illiyini qeyd etdiyimiz Az\u0259rbaycan Xalq C\u00fcmhuriyy\u0259tinin ilk q\u0259rarlar\u0131ndan &#8211; qad\u0131nlara se\u00e7m\u0259k v\u0259 se\u00e7ilm\u0259k h\u00fcququnun verilm\u0259si c\u0259miyy\u0259timizd\u0259 qad\u0131nlara x\u00fcsusi h\u00f6rm\u0259t v\u0259 ehtiram\u0131n t\u0259zah\u00fcr\u00fcd\u00fcr.<\/p>\n<p>D\u00f6vl\u0259t m\u00fcst\u0259qilliyimizin b\u0259rpas\u0131ndan sonra da Az\u0259rbaycan qad\u0131n\u0131 milli d\u00f6vl\u0259t quruculu\u011fu prosesind\u0259, \u00f6lk\u0259mizin sosial-iqtisadi v\u0259 m\u0259d\u0259ni potensial\u0131n\u0131n art\u0131r\u0131lmas\u0131nda f\u0259al i\u015ftirak\u0131 onun intellektual s\u0259viyy\u0259sinin y\u00fcks\u0259k olmas\u0131n\u0131n bariz n\u00fcmun\u0259sidir.<\/p>\n<p>Da\u011fl\u0131q Qaraba\u011fda, Erm\u0259nistanla h\u0259ms\u0259rh\u0259d rayonlarda ged\u0259n d\u00f6y\u00fc\u015fl\u0259rd\u0259 qad\u0131nlar da i\u015ftirak edib. V\u0259t\u0259n u\u011frunda ne\u00e7\u0259 qad\u0131n \u015f\u0259hid olub, iki\u00a0n\u0259f\u0259ri is\u0259 Az\u0259rbaycan\u0131n Milli Q\u0259hr\u0259man\u0131 ad\u0131na layiq g\u00f6r\u00fcl\u00fcb. Az\u0259rbaycan qad\u0131n\u0131 g\u0259nc n\u0259slin v\u0259t\u0259np\u0259rv\u0259rlik ruhunda t\u0259rbiy\u0259 olunmas\u0131 v\u0259 onlar\u0131n xalqa, c\u0259miyy\u0259t\u0259 layiqli \u00f6vlad kimi formala\u015fmas\u0131nda da \u0259sl v\u0259t\u0259nda\u015f kimi \u00e7al\u0131\u015f\u0131r.<\/p>\n<p>Birinci vitse-prezident\u00a0Mehriban xan\u0131m \u018fliyevan\u0131n r\u0259hb\u0259rliyi il\u0259 milli maraqlar\u0131m\u0131za xidm\u0259t ed\u0259n v\u0259 \u0259n\u0259n\u0259l\u0259rimizi ya\u015fadan \u00e7ox sayda b\u00f6y\u00fck layih\u0259l\u0259rin u\u011furla icra olunmas\u0131nda, el\u0259c\u0259 d\u0259, \u00f6lk\u0259mizin m\u00fcdafi\u0259 q\u00fcdr\u0259tinin art\u0131r\u0131lmas\u0131nda v\u0259 \u0259razi b\u00fct\u00f6vl\u00fcy\u00fcm\u00fcz\u00fcn b\u0259rpa edilm\u0259sind\u0259 Az\u0259rbaycan qad\u0131n\u0131 da yax\u0131ndan i\u015ftirak edir.<\/p>\n<p>M\u0259rh\u0259m\u0259ti v\u0259 xeyirxahl\u0131\u011f\u0131, z\u0259ngin m\u0259n\u0259vi-intellektual s\u0259viyy\u0259si il\u0259 f\u0259rql\u0259n\u0259n qad\u0131nlar\u0131m\u0131z ordu quruculu\u011funda da yax\u0131ndan i\u015ftirak edirl\u0259r. Az\u0259rbaycan Ordusunun b\u00fct\u00fcn qo\u015fun n\u00f6vl\u0259rind\u0259, x\u00fcsusi t\u0259yinatl\u0131 t\u0259hsil m\u00fc\u0259ssis\u0259l\u0259rind\u0259, h\u0259rbi tibb ocaqlar\u0131nda v\u0259 dig\u0259r sah\u0259l\u0259rd\u0259 xidm\u0259t ed\u0259n y\u00fczl\u0259rl\u0259 qad\u0131n V\u0259t\u0259n qar\u015f\u0131s\u0131nda v\u0259zif\u0259 borclar\u0131n\u0131 \u015f\u0259r\u0259f v\u0259 l\u0259yaq\u0259tl\u0259 yerin\u0259 yetirirl\u0259r. M\u00fclki i\u015fl\u0259rd\u0259 \u00e7al\u0131\u015fan qad\u0131nlar\u0131m\u0131z\u0131n da \u0259m\u0259yi y\u00fcks\u0259k qiym\u0259tl\u0259ndirilir.<\/p>\n<p>Az\u0259rbaycan\u0131n suverenliyi, torpaqlar\u0131m\u0131z\u0131n m\u00fcdafi\u0259si zaman\u0131 \u015f\u0259hid olmu\u015f qad\u0131nlar\u0131m\u0131z\u0131n \u0259ziz xatir\u0259sini ehtiramla yad edir, \u015f\u0259hid analar\u0131na, \u0259razi b\u00fct\u00f6vl\u00fcy\u00fcm\u00fcz u\u011frunda ged\u0259n d\u00f6y\u00fc\u015fl\u0259rd\u0259 sa\u011flaml\u0131\u011f\u0131n\u0131 itir\u0259n h\u0259rbi qulluq\u00e7ular\u0131n \u00f6m\u00fcr-g\u00fcn yolda\u015flar\u0131na, \u0259sg\u0259r analar\u0131na bayram t\u0259brikl\u0259rimi \u00e7atd\u0131r\u0131r, y\u00fcks\u0259k h\u00f6rm\u0259t v\u0259 ehtiram\u0131m\u0131 bildirir\u0259m.<\/p>\n<p>\u0130nan\u0131ram ki, b\u00fct\u00fcn qad\u0131nlar kimi, ordu quruculu\u011funda xidm\u0259t ed\u0259n v\u0259 m\u00fclki i\u015fl\u0259rd\u0259 \u00e7al\u0131\u015fan qad\u0131nlar bundan sonra da \u00f6lk\u0259 r\u0259hb\u0259rliyinin etimad\u0131n\u0131 do\u011fruldacaq, g\u00f6st\u0259ril\u0259n diqq\u0259t v\u0259 qay\u011f\u0131ya cavab olaraq V\u0259t\u0259n\u0259, xalqa, d\u00f6vl\u0259t\u0259 s\u0259daq\u0259t g\u00f6st\u0259r\u0259c\u0259kl\u0259r.<\/p>\n<p>Bayram\u0131n\u0131z m\u00fcbar\u0259k, \u0259ziz xan\u0131mlar!\u201d<\/p>\n","protected":false},"excerpt":{"rendered":"<p>M\u00fcdafi\u0259 naziri, general-polkovnik Zakir H\u0259s\u0259nov 8 Mart &#8211; Beyn\u0259lxalq Qad\u0131nlar G\u00fcn\u00fc m\u00fcnasib\u0259til\u0259 Az\u0259rbaycan qad\u0131nlar\u0131n\u0131\u00a0t\u0259brik edib. T\u0259brikd\u0259 deyilir: \u201c\u018fziz xan\u0131mlar! Sizi 8 Mart &#8211; Beyn\u0259lxalq Qad\u0131nlar G\u00fcn\u00fc m\u00fcnasib\u0259til\u0259 t\u0259brik edir, h\u0259r biriniz\u0259 \u0259n xo\u015f arzular\u0131m\u0131 bildirir\u0259m. Az\u0259rbaycan qad\u0131n\u0131 tarix boyu m\u00fcq\u0259dd\u0259s ana ad\u0131n\u0131 uca tutmaqla m\u00fcdrikliyi, i\u015fg\u00fczarl\u0131\u011f\u0131, safl\u0131\u011f\u0131 v\u0259 m\u00fcbarizliyi il\u0259 ke\u00e7mi\u015fimiz\u0259 parlaq s\u0259hif\u0259l\u0259r yaz\u0131b. \u00d6lk\u0259mizin ictimai-siyasi, m\u0259d\u0259ni h\u0259yat\u0131nda f\u0259al i\u015ftirak edib, V\u0259t\u0259nin m\u00fcdafi\u0259sind\u0259 v\u0259 d\u00f6vl\u0259tin idar\u0259 olunmas\u0131nda f\u0259dakarl\u0131q n\u00fcmayi\u015f etdirm\u0259kl\u0259 yana\u015f\u0131, d\u00f6y\u00fc\u015fl\u0259rd\u0259 \u015f\u00fcca\u0259t g\u00f6st\u0259rib. \u00d6t\u0259n il 100 illiyini qeyd etdiyimiz Az\u0259rbaycan Xalq C\u00fcmhuriyy\u0259tinin ilk q\u0259rarlar\u0131ndan &#8211; qad\u0131nlara se\u00e7m\u0259k v\u0259 se\u00e7ilm\u0259k&hellip;<\/p>\n","protected":false},"author":2,"featured_media":43467,"comment_status":"closed","ping_status":"closed","sticky":false,"template":"","format":"standard","meta":{"om_disable_all_campaigns":false,"_monsterinsights_skip_tracking":false,"_monsterinsights_sitenote_active":false,"_monsterinsights_sitenote_note":"","_monsterinsights_sitenote_category":0},"categories":[19],"tags":[],"aioseo_notices":[],"gutentor_comment":0,"rttpg_featured_image_url":{"full":["https:\/\/arantv.az\/wp-content\/uploads\/2019\/03\/fFM4slDiE6CHka1UBxUjQPFnChXPiV.jpg",620,413,false],"landscape":["https:\/\/arantv.az\/wp-content\/uploads\/2019\/03\/fFM4slDiE6CHka1UBxUjQPFnChXPiV.jpg",620,413,false],"portraits":["https:\/\/arantv.az\/wp-content\/uploads\/2019\/03\/fFM4slDiE6CHka1UBxUjQPFnChXPiV.jpg",620,413,false],"thumbnail":["https:\/\/arantv.az\/wp-content\/uploads\/2019\/03\/fFM4slDiE6CHka1UBxUjQPFnChXPiV-150x150.jpg",150,150,true],"medium":["https:\/\/arantv.az\/wp-content\/uploads\/2019\/03\/fFM4slDiE6CHka1UBxUjQPFnChXPiV-300x200.jpg",300,200,true],"large":["https:\/\/arantv.az\/wp-content\/uploads\/2019\/03\/fFM4slDiE6CHka1UBxUjQPFnChXPiV.jpg",620,413,false],"1536x1536":["https:\/\/arantv.az\/wp-content\/uploads\/2019\/03\/fFM4slDiE6CHka1UBxUjQPFnChXPiV.jpg",620,413,false],"2048x2048":["https:\/\/arantv.az\/wp-content\/uploads\/2019\/03\/fFM4slDiE6CHka1UBxUjQPFnChXPiV.jpg",620,413,false],"post-thumbnail":["https:\/\/arantv.az\/wp-content\/uploads\/2019\/03\/fFM4slDiE6CHka1UBxUjQPFnChXPiV-240x172.jpg",240,172,true],"advps-thumb-one":["https:\/\/arantv.az\/wp-content\/uploads\/2019\/03\/fFM4slDiE6CHka1UBxUjQPFnChXPiV.jpg",620,413,false]},"rttpg_author":{"display_name":"V\u00fcsal Rafiqo\u011flu","author_link":"https:\/\/arantv.az\/?author=2"},"rttpg_comment":0,"rttpg_category":"<a href=\"https:\/\/arantv.az\/?cat=19\" rel=\"category\">G\u00fcnd\u0259m<\/a>","rttpg_excerpt":"M\u00fcdafi\u0259 naziri, general-polkovnik Zakir H\u0259s\u0259nov 8 Mart &#8211; Beyn\u0259lxalq Qad\u0131nlar G\u00fcn\u00fc m\u00fcnasib\u0259til\u0259 Az\u0259rbaycan qad\u0131nlar\u0131n\u0131\u00a0t\u0259brik edib. T\u0259brikd\u0259 deyilir: \u201c\u018fziz xan\u0131mlar! Sizi 8 Mart &#8211; Beyn\u0259lxalq Qad\u0131nlar G\u00fcn\u00fc m\u00fcnasib\u0259til\u0259 t\u0259brik edir, h\u0259r biriniz\u0259 \u0259n xo\u015f arzular\u0131m\u0131 bildirir\u0259m. Az\u0259rbaycan qad\u0131n\u0131 tarix boyu m\u00fcq\u0259dd\u0259s ana ad\u0131n\u0131 uca tutmaqla m\u00fcdrikliyi, i\u015fg\u00fczarl\u0131\u011f\u0131, safl\u0131\u011f\u0131 v\u0259 m\u00fcbarizliyi il\u0259 ke\u00e7mi\u015fimiz\u0259 parlaq s\u0259hif\u0259l\u0259r yaz\u0131b. \u00d6lk\u0259mizin&hellip;","_links":{"self":[{"href":"https:\/\/arantv.az\/index.php?rest_route=\/wp\/v2\/posts\/43466"}],"collection":[{"href":"https:\/\/arantv.az\/index.php?rest_route=\/wp\/v2\/posts"}],"about":[{"href":"https:\/\/arantv.az\/index.php?rest_route=\/wp\/v2\/types\/post"}],"author":[{"embeddable":true,"href":"https:\/\/arantv.az\/index.php?rest_route=\/wp\/v2\/users\/2"}],"replies":[{"embeddable":true,"href":"https:\/\/arantv.az\/index.php?rest_route=%2Fwp%2Fv2%2Fcomments&post=43466"}],"version-history":[{"count":0,"href":"https:\/\/arantv.az\/index.php?rest_route=\/wp\/v2\/posts\/43466\/revisions"}],"wp:featuredmedia":[{"embeddable":true,"href":"https:\/\/arantv.az\/index.php?rest_route=\/wp\/v2\/media\/43467"}],"wp:attachment":[{"href":"https:\/\/arantv.az\/index.php?rest_route=%2Fwp%2Fv2%2Fmedia&parent=43466"}],"wp:term":[{"taxonomy":"category","embeddable":true,"href":"https:\/\/arantv.az\/index.php?rest_route=%2Fwp%2Fv2%2Fcategories&post=43466"},{"taxonomy":"post_tag","embeddable":true,"href":"https:\/\/arantv.az\/index.php?rest_route=%2Fwp%2Fv2%2Ftags&post=43466"}],"curies":[{"name":"wp","href":"https:\/\/api.w.org\/{rel}","templated":true}]}}