{"id":43481,"date":"2019-03-07T09:42:02","date_gmt":"2019-03-07T06:42:02","guid":{"rendered":"http:\/\/arantv.az\/?p=43481"},"modified":"2019-03-07T09:42:02","modified_gmt":"2019-03-07T06:42:02","slug":"xin-danisiqlarin-formatini-at%c9%99t-uzvu-olk%c9%99l%c9%99rin-konsensus-q%c9%99rari-olmadan-d%c9%99yism%c9%99k-qeyri-mumkundur","status":"publish","type":"post","link":"https:\/\/arantv.az\/?p=43481","title":{"rendered":"X\u0130N: &#8220;Dan\u0131\u015f\u0131qlar\u0131n format\u0131n\u0131 AT\u018fT \u00fczv\u00fc \u00f6lk\u0259l\u0259rin konsensus q\u0259rar\u0131 olmadan d\u0259yi\u015fm\u0259k qeyri-m\u00fcmk\u00fcnd\u00fcr&#8221;"},"content":{"rendered":"<p><strong>ARANTV.AZ<\/strong> x\u0259b\u0259r verir ki, Erm\u0259nistan Ba\u015f nazirinin Erm\u0259nistan-Az\u0259rbaycan Da\u011fl\u0131q Qaraba\u011f m\u00fcnaqi\u015f\u0259si \u00fczr\u0259 apar\u0131lan dan\u0131\u015f\u0131qlar\u0131n format\u0131n\u0131 d\u0259yi\u015fm\u0259k arzusu AT\u018fT-in Minsk Qrupunun, x\u00fcsusil\u0259 d\u0259 onun Rusiya, AB\u015e v\u0259 Fransadan olan h\u0259ms\u0259drl\u0259rinin f\u0259aliyy\u0259tini m\u0259hv etm\u0259k kimi n\u0259z\u0259rd\u0259n ke\u00e7iril\u0259 bil\u0259r.<\/p>\n<p>Xarici \u0130\u015fl\u0259r Nazirliyinin m\u0259tbuat xidm\u0259tinin r\u0259hb\u0259ri Leyla Abdullayeva bu fikri s\u0259sl\u0259ndirib. O, vur\u011fulay\u0131b ki, dan\u0131\u015f\u0131qlar\u0131n AT\u018fT-in 1992-ci il Helsinki Nazirl\u0259r \u015euras\u0131n\u0131n q\u0259rar\u0131 il\u0259 t\u0259sdiq olunmu\u015f format\u0131n\u0131 AT\u018fT \u00fczv\u00fc \u00f6lk\u0259l\u0259rinin konsensus q\u0259rar\u0131 olmadan d\u0259yi\u015fm\u0259k qeyri-m\u00fcmk\u00fcnd\u00fcr.<\/p>\n<p>Bu q\u0259rara \u0259sas\u0259n, Erm\u0259nistan v\u0259 Az\u0259rbaycan m\u00fcnaqi\u015f\u0259nin t\u0259r\u0259fl\u0259ri, Da\u011fl\u0131q Qaraba\u011f\u0131n erm\u0259ni v\u0259 az\u0259rbaycanl\u0131 icmalar\u0131 is\u0259 maraql\u0131 t\u0259r\u0259fl\u0259r qismind\u0259 \u00e7\u0131x\u0131\u015f edirl\u0259r:\u00a0\u201cYax\u015f\u0131 olard\u0131 ki, Erm\u0259nistan r\u0259hb\u0259rliyi m\u00fcnaqi\u015f\u0259nin s\u00fclh yolu il\u0259 h\u0259llinin yeni t\u0259fsirini axtarmaq \u00fc\u00e7\u00fcn l\u00fc\u011f\u0259t improvizasiyalar\u0131na vaxt\u0131n\u0131 s\u0259rf etm\u0259sin. \u0130ll\u0259r \u0259rzind\u0259 Erm\u0259nistan-Az\u0259rbaycan Da\u011fl\u0131q Qaraba\u011f m\u00fcnaqi\u015f\u0259sinin h\u0259lli prosesin\u0259 daxil olan h\u0259r bir k\u0259s m\u00fcnaqi\u015f\u0259nin h\u0259lli plan\u0131n\u0131n ayd\u0131n \u015f\u0259kild\u0259 m\u00fc\u0259yy\u0259n olundu\u011funu bilir v\u0259 bunu q\u0259bul edir\u201d<\/p>\n","protected":false},"excerpt":{"rendered":"<p>ARANTV.AZ x\u0259b\u0259r verir ki, Erm\u0259nistan Ba\u015f nazirinin Erm\u0259nistan-Az\u0259rbaycan Da\u011fl\u0131q Qaraba\u011f m\u00fcnaqi\u015f\u0259si \u00fczr\u0259 apar\u0131lan dan\u0131\u015f\u0131qlar\u0131n format\u0131n\u0131 d\u0259yi\u015fm\u0259k arzusu AT\u018fT-in Minsk Qrupunun, x\u00fcsusil\u0259 d\u0259 onun Rusiya, AB\u015e v\u0259 Fransadan olan h\u0259ms\u0259drl\u0259rinin f\u0259aliyy\u0259tini m\u0259hv etm\u0259k kimi n\u0259z\u0259rd\u0259n ke\u00e7iril\u0259 bil\u0259r. Xarici \u0130\u015fl\u0259r Nazirliyinin m\u0259tbuat xidm\u0259tinin r\u0259hb\u0259ri Leyla Abdullayeva bu fikri s\u0259sl\u0259ndirib. O, vur\u011fulay\u0131b ki, dan\u0131\u015f\u0131qlar\u0131n AT\u018fT-in 1992-ci il Helsinki Nazirl\u0259r \u015euras\u0131n\u0131n q\u0259rar\u0131 il\u0259 t\u0259sdiq olunmu\u015f format\u0131n\u0131 AT\u018fT \u00fczv\u00fc \u00f6lk\u0259l\u0259rinin konsensus q\u0259rar\u0131 olmadan d\u0259yi\u015fm\u0259k qeyri-m\u00fcmk\u00fcnd\u00fcr. Bu q\u0259rara \u0259sas\u0259n, Erm\u0259nistan v\u0259 Az\u0259rbaycan m\u00fcnaqi\u015f\u0259nin t\u0259r\u0259fl\u0259ri, Da\u011fl\u0131q Qaraba\u011f\u0131n erm\u0259ni v\u0259 az\u0259rbaycanl\u0131 icmalar\u0131 is\u0259 maraql\u0131 t\u0259r\u0259fl\u0259r qismind\u0259 \u00e7\u0131x\u0131\u015f edirl\u0259r:\u00a0\u201cYax\u015f\u0131&hellip;<\/p>\n","protected":false},"author":2,"featured_media":43482,"comment_status":"closed","ping_status":"closed","sticky":false,"template":"","format":"standard","meta":{"om_disable_all_campaigns":false,"_monsterinsights_skip_tracking":false,"_monsterinsights_sitenote_active":false,"_monsterinsights_sitenote_note":"","_monsterinsights_sitenote_category":0},"categories":[4],"tags":[],"aioseo_notices":[],"gutentor_comment":0,"rttpg_featured_image_url":{"full":["https:\/\/arantv.az\/wp-content\/uploads\/2019\/03\/5pq3vtq84jk3s0adeen3tq65a2la.jpg",415,260,false],"landscape":["https:\/\/arantv.az\/wp-content\/uploads\/2019\/03\/5pq3vtq84jk3s0adeen3tq65a2la.jpg",415,260,false],"portraits":["https:\/\/arantv.az\/wp-content\/uploads\/2019\/03\/5pq3vtq84jk3s0adeen3tq65a2la.jpg",415,260,false],"thumbnail":["https:\/\/arantv.az\/wp-content\/uploads\/2019\/03\/5pq3vtq84jk3s0adeen3tq65a2la-150x150.jpg",150,150,true],"medium":["https:\/\/arantv.az\/wp-content\/uploads\/2019\/03\/5pq3vtq84jk3s0adeen3tq65a2la-300x188.jpg",300,188,true],"large":["https:\/\/arantv.az\/wp-content\/uploads\/2019\/03\/5pq3vtq84jk3s0adeen3tq65a2la.jpg",415,260,false],"1536x1536":["https:\/\/arantv.az\/wp-content\/uploads\/2019\/03\/5pq3vtq84jk3s0adeen3tq65a2la.jpg",415,260,false],"2048x2048":["https:\/\/arantv.az\/wp-content\/uploads\/2019\/03\/5pq3vtq84jk3s0adeen3tq65a2la.jpg",415,260,false],"post-thumbnail":["https:\/\/arantv.az\/wp-content\/uploads\/2019\/03\/5pq3vtq84jk3s0adeen3tq65a2la-240x172.jpg",240,172,true],"advps-thumb-one":["https:\/\/arantv.az\/wp-content\/uploads\/2019\/03\/5pq3vtq84jk3s0adeen3tq65a2la.jpg",415,260,false]},"rttpg_author":{"display_name":"V\u00fcsal Rafiqo\u011flu","author_link":"https:\/\/arantv.az\/?author=2"},"rttpg_comment":0,"rttpg_category":"<a href=\"https:\/\/arantv.az\/?cat=4\" rel=\"category\">Siyas\u0259t<\/a>","rttpg_excerpt":"ARANTV.AZ x\u0259b\u0259r verir ki, Erm\u0259nistan Ba\u015f nazirinin Erm\u0259nistan-Az\u0259rbaycan Da\u011fl\u0131q Qaraba\u011f m\u00fcnaqi\u015f\u0259si \u00fczr\u0259 apar\u0131lan dan\u0131\u015f\u0131qlar\u0131n format\u0131n\u0131 d\u0259yi\u015fm\u0259k arzusu AT\u018fT-in Minsk Qrupunun, x\u00fcsusil\u0259 d\u0259 onun Rusiya, AB\u015e v\u0259 Fransadan olan h\u0259ms\u0259drl\u0259rinin f\u0259aliyy\u0259tini m\u0259hv etm\u0259k kimi n\u0259z\u0259rd\u0259n ke\u00e7iril\u0259 bil\u0259r. Xarici \u0130\u015fl\u0259r Nazirliyinin m\u0259tbuat xidm\u0259tinin r\u0259hb\u0259ri Leyla Abdullayeva bu fikri s\u0259sl\u0259ndirib. O, vur\u011fulay\u0131b ki, dan\u0131\u015f\u0131qlar\u0131n AT\u018fT-in 1992-ci il Helsinki&hellip;","_links":{"self":[{"href":"https:\/\/arantv.az\/index.php?rest_route=\/wp\/v2\/posts\/43481"}],"collection":[{"href":"https:\/\/arantv.az\/index.php?rest_route=\/wp\/v2\/posts"}],"about":[{"href":"https:\/\/arantv.az\/index.php?rest_route=\/wp\/v2\/types\/post"}],"author":[{"embeddable":true,"href":"https:\/\/arantv.az\/index.php?rest_route=\/wp\/v2\/users\/2"}],"replies":[{"embeddable":true,"href":"https:\/\/arantv.az\/index.php?rest_route=%2Fwp%2Fv2%2Fcomments&post=43481"}],"version-history":[{"count":0,"href":"https:\/\/arantv.az\/index.php?rest_route=\/wp\/v2\/posts\/43481\/revisions"}],"wp:featuredmedia":[{"embeddable":true,"href":"https:\/\/arantv.az\/index.php?rest_route=\/wp\/v2\/media\/43482"}],"wp:attachment":[{"href":"https:\/\/arantv.az\/index.php?rest_route=%2Fwp%2Fv2%2Fmedia&parent=43481"}],"wp:term":[{"taxonomy":"category","embeddable":true,"href":"https:\/\/arantv.az\/index.php?rest_route=%2Fwp%2Fv2%2Fcategories&post=43481"},{"taxonomy":"post_tag","embeddable":true,"href":"https:\/\/arantv.az\/index.php?rest_route=%2Fwp%2Fv2%2Ftags&post=43481"}],"curies":[{"name":"wp","href":"https:\/\/api.w.org\/{rel}","templated":true}]}}