{"id":43487,"date":"2019-03-07T09:49:34","date_gmt":"2019-03-07T06:49:34","guid":{"rendered":"http:\/\/arantv.az\/?p=43487"},"modified":"2019-03-07T09:49:34","modified_gmt":"2019-03-07T06:49:34","slug":"nazir-sair%c9%99-yuks%c9%99k-v%c9%99zif%c9%99-verdi-yeni-t%c9%99yinat","status":"publish","type":"post","link":"https:\/\/arantv.az\/?p=43487","title":{"rendered":"Nazir \u015fair\u0259 y\u00fcks\u0259k v\u0259zif\u0259 verdi \u2013 YEN\u0130 T\u018fY\u0130NAT"},"content":{"rendered":"<p>\u018fm\u0259k v\u0259 \u018fhalinin Sosial M\u00fcdafi\u0259si Naziri Sahil Babayev 9 sayl\u0131 region \u00fczr\u0259 (L\u0259nk\u0259ran, Astara, Lerik) D\u00f6vl\u0259t \u018fm\u0259k M\u00fcf\u0259tti\u015fliyin\u0259 yeni r\u0259is t\u0259yin edib.<\/p>\n<div id=\"AdributorNativeVideo0\" class=\"AdributorNativeVideo\"><\/div>\n<p><b>ARANTV.AZ\u00a0<\/b> unikal.org-a istinad\u0259n x\u0259b\u0259r verir ki, S.Babayevin m\u00fcvafiq \u0259mri il\u0259, 9 sayl\u0131 region \u00fczr\u0259 D\u00f6vl\u0259t \u018fm\u0259k M\u00fcf\u0259tti\u015fliyin\u0259 Etibar Babal\u0131 o\u011flu V\u0259liyev t\u0259yinat al\u0131b.<br \/>\n<ins><\/ins><\/p>\n<div id=\"beacon_934b74a6e1\"><img loading=\"lazy\" src=\"https:\/\/ads2.newmedia.az\/www\/delivery\/lg.php?bannerid=0&amp;campaignid=0&amp;zoneid=975&amp;loc=https%3A%2F%2Fbig.az%2F346941-nazir_saire_yuksek_vezife_verdi_yeni_teyinat.html&amp;referer=https%3A%2F%2Fbig.az%2F&amp;cb=934b74a6e1\" alt=\"\" width=\"0\" height=\"0\" \/><\/div>\n<p>Qeyd ed\u0259k ki, E.V\u0259liyev Az\u0259rbaycan Yaz\u0131\u00e7\u0131lar v\u0259 Jurnalistl\u0259r Birliyinin \u00fczv\u00fc, Prezident m\u00fckafa\u00e7\u0131s\u0131, tan\u0131nm\u0131\u015f \u015fair-publisistdir. O, h\u0259m\u00e7inin 20 ildir 9 sayl\u0131 region \u00fczr\u0259 m\u00fcf\u0259tti\u015f v\u0259zif\u0259sind\u0259 \u00e7al\u0131\u015f\u0131b.<br \/>\n<img class=\"imgbcodecent\" src=\"https:\/\/upload.az\/foto\/arxiv\/1_31551941014.jpg\" alt=\"Nazir \u015fair\u0259 y\u00fcks\u0259k v\u0259zif\u0259 verdi \u2013 YEN\u0130 T\u018fY\u0130NAT\" \/><\/p>\n<p>&nbsp;<\/p>\n","protected":false},"excerpt":{"rendered":"<p>\u018fm\u0259k v\u0259 \u018fhalinin Sosial M\u00fcdafi\u0259si Naziri Sahil Babayev 9 sayl\u0131 region \u00fczr\u0259 (L\u0259nk\u0259ran, Astara, Lerik) D\u00f6vl\u0259t \u018fm\u0259k M\u00fcf\u0259tti\u015fliyin\u0259 yeni r\u0259is t\u0259yin edib. ARANTV.AZ\u00a0 unikal.org-a istinad\u0259n x\u0259b\u0259r verir ki, S.Babayevin m\u00fcvafiq \u0259mri il\u0259, 9 sayl\u0131 region \u00fczr\u0259 D\u00f6vl\u0259t \u018fm\u0259k M\u00fcf\u0259tti\u015fliyin\u0259 Etibar Babal\u0131 o\u011flu V\u0259liyev t\u0259yinat al\u0131b. Qeyd ed\u0259k ki, E.V\u0259liyev Az\u0259rbaycan Yaz\u0131\u00e7\u0131lar v\u0259 Jurnalistl\u0259r Birliyinin \u00fczv\u00fc, Prezident m\u00fckafa\u00e7\u0131s\u0131, tan\u0131nm\u0131\u015f \u015fair-publisistdir. O, h\u0259m\u00e7inin 20 ildir 9 sayl\u0131 region \u00fczr\u0259 m\u00fcf\u0259tti\u015f v\u0259zif\u0259sind\u0259 \u00e7al\u0131\u015f\u0131b. &nbsp;<\/p>\n","protected":false},"author":2,"featured_media":43488,"comment_status":"closed","ping_status":"closed","sticky":false,"template":"","format":"standard","meta":{"om_disable_all_campaigns":false,"_monsterinsights_skip_tracking":false,"_monsterinsights_sitenote_active":false,"_monsterinsights_sitenote_note":"","_monsterinsights_sitenote_category":0},"categories":[1],"tags":[],"aioseo_notices":[],"gutentor_comment":0,"rttpg_featured_image_url":{"full":["https:\/\/arantv.az\/wp-content\/uploads\/2019\/03\/1_51551940986.jpg",600,400,false],"landscape":["https:\/\/arantv.az\/wp-content\/uploads\/2019\/03\/1_51551940986.jpg",600,400,false],"portraits":["https:\/\/arantv.az\/wp-content\/uploads\/2019\/03\/1_51551940986.jpg",600,400,false],"thumbnail":["https:\/\/arantv.az\/wp-content\/uploads\/2019\/03\/1_51551940986-150x150.jpg",150,150,true],"medium":["https:\/\/arantv.az\/wp-content\/uploads\/2019\/03\/1_51551940986-300x200.jpg",300,200,true],"large":["https:\/\/arantv.az\/wp-content\/uploads\/2019\/03\/1_51551940986.jpg",600,400,false],"1536x1536":["https:\/\/arantv.az\/wp-content\/uploads\/2019\/03\/1_51551940986.jpg",600,400,false],"2048x2048":["https:\/\/arantv.az\/wp-content\/uploads\/2019\/03\/1_51551940986.jpg",600,400,false],"post-thumbnail":["https:\/\/arantv.az\/wp-content\/uploads\/2019\/03\/1_51551940986-240x172.jpg",240,172,true],"advps-thumb-one":["https:\/\/arantv.az\/wp-content\/uploads\/2019\/03\/1_51551940986.jpg",600,400,false]},"rttpg_author":{"display_name":"V\u00fcsal Rafiqo\u011flu","author_link":"https:\/\/arantv.az\/?author=2"},"rttpg_comment":0,"rttpg_category":"<a href=\"https:\/\/arantv.az\/?cat=1\" rel=\"category\">C\u0259miyy\u0259t<\/a>","rttpg_excerpt":"\u018fm\u0259k v\u0259 \u018fhalinin Sosial M\u00fcdafi\u0259si Naziri Sahil Babayev 9 sayl\u0131 region \u00fczr\u0259 (L\u0259nk\u0259ran, Astara, Lerik) D\u00f6vl\u0259t \u018fm\u0259k M\u00fcf\u0259tti\u015fliyin\u0259 yeni r\u0259is t\u0259yin edib. ARANTV.AZ\u00a0 unikal.org-a istinad\u0259n x\u0259b\u0259r verir ki, S.Babayevin m\u00fcvafiq \u0259mri il\u0259, 9 sayl\u0131 region \u00fczr\u0259 D\u00f6vl\u0259t \u018fm\u0259k M\u00fcf\u0259tti\u015fliyin\u0259 Etibar Babal\u0131 o\u011flu V\u0259liyev t\u0259yinat al\u0131b. Qeyd ed\u0259k ki, E.V\u0259liyev Az\u0259rbaycan Yaz\u0131\u00e7\u0131lar v\u0259 Jurnalistl\u0259r Birliyinin \u00fczv\u00fc,&hellip;","_links":{"self":[{"href":"https:\/\/arantv.az\/index.php?rest_route=\/wp\/v2\/posts\/43487"}],"collection":[{"href":"https:\/\/arantv.az\/index.php?rest_route=\/wp\/v2\/posts"}],"about":[{"href":"https:\/\/arantv.az\/index.php?rest_route=\/wp\/v2\/types\/post"}],"author":[{"embeddable":true,"href":"https:\/\/arantv.az\/index.php?rest_route=\/wp\/v2\/users\/2"}],"replies":[{"embeddable":true,"href":"https:\/\/arantv.az\/index.php?rest_route=%2Fwp%2Fv2%2Fcomments&post=43487"}],"version-history":[{"count":0,"href":"https:\/\/arantv.az\/index.php?rest_route=\/wp\/v2\/posts\/43487\/revisions"}],"wp:featuredmedia":[{"embeddable":true,"href":"https:\/\/arantv.az\/index.php?rest_route=\/wp\/v2\/media\/43488"}],"wp:attachment":[{"href":"https:\/\/arantv.az\/index.php?rest_route=%2Fwp%2Fv2%2Fmedia&parent=43487"}],"wp:term":[{"taxonomy":"category","embeddable":true,"href":"https:\/\/arantv.az\/index.php?rest_route=%2Fwp%2Fv2%2Fcategories&post=43487"},{"taxonomy":"post_tag","embeddable":true,"href":"https:\/\/arantv.az\/index.php?rest_route=%2Fwp%2Fv2%2Ftags&post=43487"}],"curies":[{"name":"wp","href":"https:\/\/api.w.org\/{rel}","templated":true}]}}