{"id":43505,"date":"2019-03-07T10:06:28","date_gmt":"2019-03-07T07:06:28","guid":{"rendered":"http:\/\/arantv.az\/?p=43505"},"modified":"2019-03-07T10:06:28","modified_gmt":"2019-03-07T07:06:28","slug":"rusiyada-d%c9%99hs%c9%99tli-q%c9%99zada-ol%c9%99n-az%c9%99rbaycanlilarin-c%c9%99naz%c9%99si-bu-gun-az%c9%99rbaycana-g%c9%99tiril%c9%99c%c9%99k","status":"publish","type":"post","link":"https:\/\/arantv.az\/?p=43505","title":{"rendered":"Rusiyada d\u0259h\u015f\u0259tli q\u0259zada \u00f6l\u0259n az\u0259rbaycanl\u0131lar\u0131n c\u0259naz\u0259si bu g\u00fcn Az\u0259rbaycana g\u0259tiril\u0259c\u0259k"},"content":{"rendered":"<p><strong>Mart\u0131n 6-da Bak\u0131dan Moskvaya ged\u0259n mikroavtobusun Rusiyan\u0131n Stavropol \u015f\u0259h\u0259rind\u0259 q\u0259zaya u\u011framas\u0131 n\u0259tic\u0259sind\u0259 h\u0259lak olan 6 az\u0259rbaycanl\u0131n\u0131n c\u0259naz\u0259si bu g\u00fcn Az\u0259rbaycana g\u00f6nd\u0259ril\u0259c\u0259k.<\/strong><\/p>\n<p>Bu bar\u0259d\u0259 Trend-\u0259 a\u00e7\u0131qlamas\u0131nda Stavropoldak\u0131 Az\u0259rbaycan diasporunun r\u0259hb\u0259ri F\u0259xr\u0259ddin Yar\u0131yev deyib.<\/p>\n<p>Onun s\u00f6zl\u0259rin\u0259 g\u00f6r\u0259, art\u0131q c\u0259naz\u0259l\u0259rin g\u00f6nd\u0259rilm\u0259si il\u0259 ba\u011fl\u0131 b\u00fct\u00fcn s\u0259n\u0259dl\u0259\u015fm\u0259 i\u015fl\u0259ri ba\u015fa \u00e7atmaq \u00fczr\u0259dir: &#8220;Bu g\u00fcn Moskva vaxt\u0131 il\u0259 saat 10:00-da c\u0259naz\u0259l\u0259r \u00f6l\u00fcxanadan t\u0259hvil al\u0131nacaq. D\u00fcnyas\u0131n\u0131 d\u0259yi\u015f\u0259nl\u0259rin \u0259ks\u0259riyy\u0259tinin yax\u0131nlar\u0131 da g\u0259libl\u0259r. G\u00fcn \u0259rzind\u0259 b\u00fct\u00fcn i\u015fl\u0259r ba\u015fa \u00e7atd\u0131r\u0131lacaq v\u0259 c\u0259naz\u0259l\u0259r Az\u0259rbaycana yola sal\u0131nacaq&#8221;.<\/p>\n<p>F. Yar\u0131yev bildirib ki, hadis\u0259 n\u0259tic\u0259sind\u0259 x\u0259sar\u0259t alan 3 az\u0259rbaycanl\u0131dan birinin v\u0259ziyy\u0259ti a\u011f\u0131rd\u0131r: &#8220;Dig\u0259r iki az\u0259rbaycanl\u0131n\u0131n v\u0259ziyy\u0259ti stabildir. Yaral\u0131lar Nevinnom\u0131sk x\u0259st\u0259xanas\u0131n\u0131n reanimasiya \u015f\u00f6b\u0259sin\u0259 yerl\u0259\u015fdirilibl\u0259r&#8221;.<\/p>\n<p>Xat\u0131rladaq ki, mart\u0131n 6-da Bak\u0131dan Moskvaya ged\u0259n mikroavtobusun Rusiyan\u0131n Stavropol \u015f\u0259h\u0259rind\u0259 q\u0259zaya u\u011fray\u0131b. Hadis\u0259 n\u0259tic\u0259sind\u0259 mikroavtobusda olan A\u011fcab\u0259di rayon sakinl\u0259ri, 1962-ci il t\u0259v\u0259ll\u00fcdl\u00fc Namiq Tohid o\u011flu \u018fhm\u0259dov, 1969-cu il t\u0259v\u0259ll\u00fcdl\u00fc \u018fl\u0259mdar Niftal\u0131 o\u011flu Abdullayev, 1975-ci il t\u0259v\u0259ll\u00fcdl\u00fc R\u0259sul \u018fnv\u0259r o\u011flu H\u0259s\u0259nov, 1983-c\u00fc il t\u0259v\u0259ll\u00fcdl\u00fc \u015e\u0259msi Tanr\u0131verdi o\u011flu \u0130smay\u0131lov, 1984-c\u00fc il t\u0259v\u0259ll\u00fcdl\u00fc V\u00fcsal Al\u0131 o\u011flu Quliyev v\u0259 1988-ci il t\u0259v\u0259ll\u00fcdl\u00fc X\u0259yal Hamlet o\u011flu \u015eirinov d\u00fcnyas\u0131n\u0131 d\u0259yi\u015fib, 3 az\u0259rbaycanl\u0131 is\u0259 x\u0259sar\u0259t al\u0131blar.<\/p>\n","protected":false},"excerpt":{"rendered":"<p>Mart\u0131n 6-da Bak\u0131dan Moskvaya ged\u0259n mikroavtobusun Rusiyan\u0131n Stavropol \u015f\u0259h\u0259rind\u0259 q\u0259zaya u\u011framas\u0131 n\u0259tic\u0259sind\u0259 h\u0259lak olan 6 az\u0259rbaycanl\u0131n\u0131n c\u0259naz\u0259si bu g\u00fcn Az\u0259rbaycana g\u00f6nd\u0259ril\u0259c\u0259k. Bu bar\u0259d\u0259 Trend-\u0259 a\u00e7\u0131qlamas\u0131nda Stavropoldak\u0131 Az\u0259rbaycan diasporunun r\u0259hb\u0259ri F\u0259xr\u0259ddin Yar\u0131yev deyib. Onun s\u00f6zl\u0259rin\u0259 g\u00f6r\u0259, art\u0131q c\u0259naz\u0259l\u0259rin g\u00f6nd\u0259rilm\u0259si il\u0259 ba\u011fl\u0131 b\u00fct\u00fcn s\u0259n\u0259dl\u0259\u015fm\u0259 i\u015fl\u0259ri ba\u015fa \u00e7atmaq \u00fczr\u0259dir: &#8220;Bu g\u00fcn Moskva vaxt\u0131 il\u0259 saat 10:00-da c\u0259naz\u0259l\u0259r \u00f6l\u00fcxanadan t\u0259hvil al\u0131nacaq. D\u00fcnyas\u0131n\u0131 d\u0259yi\u015f\u0259nl\u0259rin \u0259ks\u0259riyy\u0259tinin yax\u0131nlar\u0131 da g\u0259libl\u0259r. G\u00fcn \u0259rzind\u0259 b\u00fct\u00fcn i\u015fl\u0259r ba\u015fa \u00e7atd\u0131r\u0131lacaq v\u0259 c\u0259naz\u0259l\u0259r Az\u0259rbaycana yola sal\u0131nacaq&#8221;. F. Yar\u0131yev bildirib ki, hadis\u0259 n\u0259tic\u0259sind\u0259 x\u0259sar\u0259t alan 3 az\u0259rbaycanl\u0131dan birinin v\u0259ziyy\u0259ti a\u011f\u0131rd\u0131r: &#8220;Dig\u0259r iki az\u0259rbaycanl\u0131n\u0131n&hellip;<\/p>\n","protected":false},"author":2,"featured_media":43506,"comment_status":"closed","ping_status":"closed","sticky":false,"template":"","format":"standard","meta":{"om_disable_all_campaigns":false,"_monsterinsights_skip_tracking":false,"_monsterinsights_sitenote_active":false,"_monsterinsights_sitenote_note":"","_monsterinsights_sitenote_category":0},"categories":[5],"tags":[],"aioseo_notices":[],"gutentor_comment":0,"rttpg_featured_image_url":{"full":["https:\/\/arantv.az\/wp-content\/uploads\/2019\/03\/cenaze.jpg",800,450,false],"landscape":["https:\/\/arantv.az\/wp-content\/uploads\/2019\/03\/cenaze.jpg",800,450,false],"portraits":["https:\/\/arantv.az\/wp-content\/uploads\/2019\/03\/cenaze.jpg",800,450,false],"thumbnail":["https:\/\/arantv.az\/wp-content\/uploads\/2019\/03\/cenaze-150x150.jpg",150,150,true],"medium":["https:\/\/arantv.az\/wp-content\/uploads\/2019\/03\/cenaze-300x169.jpg",300,169,true],"large":["https:\/\/arantv.az\/wp-content\/uploads\/2019\/03\/cenaze.jpg",640,360,false],"1536x1536":["https:\/\/arantv.az\/wp-content\/uploads\/2019\/03\/cenaze.jpg",800,450,false],"2048x2048":["https:\/\/arantv.az\/wp-content\/uploads\/2019\/03\/cenaze.jpg",800,450,false],"post-thumbnail":["https:\/\/arantv.az\/wp-content\/uploads\/2019\/03\/cenaze-240x172.jpg",240,172,true],"advps-thumb-one":["https:\/\/arantv.az\/wp-content\/uploads\/2019\/03\/cenaze.jpg",800,450,false]},"rttpg_author":{"display_name":"V\u00fcsal Rafiqo\u011flu","author_link":"https:\/\/arantv.az\/?author=2"},"rttpg_comment":0,"rttpg_category":"<a href=\"https:\/\/arantv.az\/?cat=5\" rel=\"category\">Hadis\u0259<\/a>","rttpg_excerpt":"Mart\u0131n 6-da Bak\u0131dan Moskvaya ged\u0259n mikroavtobusun Rusiyan\u0131n Stavropol \u015f\u0259h\u0259rind\u0259 q\u0259zaya u\u011framas\u0131 n\u0259tic\u0259sind\u0259 h\u0259lak olan 6 az\u0259rbaycanl\u0131n\u0131n c\u0259naz\u0259si bu g\u00fcn Az\u0259rbaycana g\u00f6nd\u0259ril\u0259c\u0259k. Bu bar\u0259d\u0259 Trend-\u0259 a\u00e7\u0131qlamas\u0131nda Stavropoldak\u0131 Az\u0259rbaycan diasporunun r\u0259hb\u0259ri F\u0259xr\u0259ddin Yar\u0131yev deyib. Onun s\u00f6zl\u0259rin\u0259 g\u00f6r\u0259, art\u0131q c\u0259naz\u0259l\u0259rin g\u00f6nd\u0259rilm\u0259si il\u0259 ba\u011fl\u0131 b\u00fct\u00fcn s\u0259n\u0259dl\u0259\u015fm\u0259 i\u015fl\u0259ri ba\u015fa \u00e7atmaq \u00fczr\u0259dir: &#8220;Bu g\u00fcn Moskva vaxt\u0131 il\u0259 saat 10:00-da c\u0259naz\u0259l\u0259r \u00f6l\u00fcxanadan&hellip;","_links":{"self":[{"href":"https:\/\/arantv.az\/index.php?rest_route=\/wp\/v2\/posts\/43505"}],"collection":[{"href":"https:\/\/arantv.az\/index.php?rest_route=\/wp\/v2\/posts"}],"about":[{"href":"https:\/\/arantv.az\/index.php?rest_route=\/wp\/v2\/types\/post"}],"author":[{"embeddable":true,"href":"https:\/\/arantv.az\/index.php?rest_route=\/wp\/v2\/users\/2"}],"replies":[{"embeddable":true,"href":"https:\/\/arantv.az\/index.php?rest_route=%2Fwp%2Fv2%2Fcomments&post=43505"}],"version-history":[{"count":0,"href":"https:\/\/arantv.az\/index.php?rest_route=\/wp\/v2\/posts\/43505\/revisions"}],"wp:featuredmedia":[{"embeddable":true,"href":"https:\/\/arantv.az\/index.php?rest_route=\/wp\/v2\/media\/43506"}],"wp:attachment":[{"href":"https:\/\/arantv.az\/index.php?rest_route=%2Fwp%2Fv2%2Fmedia&parent=43505"}],"wp:term":[{"taxonomy":"category","embeddable":true,"href":"https:\/\/arantv.az\/index.php?rest_route=%2Fwp%2Fv2%2Fcategories&post=43505"},{"taxonomy":"post_tag","embeddable":true,"href":"https:\/\/arantv.az\/index.php?rest_route=%2Fwp%2Fv2%2Ftags&post=43505"}],"curies":[{"name":"wp","href":"https:\/\/api.w.org\/{rel}","templated":true}]}}