{"id":435105,"date":"2022-02-05T07:55:30","date_gmt":"2022-02-05T04:55:30","guid":{"rendered":"http:\/\/arantv.az\/?p=435105"},"modified":"2022-02-05T07:55:30","modified_gmt":"2022-02-05T04:55:30","slug":"az%c9%99rbaycan-turkiy%c9%99-munasib%c9%99tl%c9%99rind%c9%99-yeni-inqilabi-addim","status":"publish","type":"post","link":"https:\/\/arantv.az\/?p=435105","title":{"rendered":"Az\u0259rbaycan-T\u00fcrkiy\u0259 m\u00fcnasib\u0259tl\u0259rind\u0259 yeni inqilabi add\u0131m"},"content":{"rendered":"<p>Az\u0259rbaycan-T\u00fcrkiy\u0259 dostluq v\u0259 qarda\u015fl\u0131q m\u00fcnasib\u0259tl\u0259rinin \u00e7ox y\u00fcks\u0259k s\u0259viyy\u0259d\u0259 olmas\u0131 \u00f6lk\u0259l\u0259rimizin daha da g\u00fccl\u0259nm\u0259sin\u0259, t\u0259r\u0259qqisin\u0259, el\u0259c\u0259 d\u0259 regionda sabitliyin, \u0259m\u0259kda\u015fl\u0131\u011f\u0131n v\u0259 t\u0259hl\u00fck\u0259sizliyin b\u0259rq\u0259rar olmas\u0131na m\u00fch\u00fcm t\u00f6hf\u0259l\u0259r verir. 44 g\u00fcnl\u00fck V\u0259t\u0259n m\u00fcharib\u0259si zaman\u0131 d\u00fcnya bir daha bunun \u015fahidi oldu. M\u00fcharib\u0259nin ilk g\u00fcnl\u0259rind\u0259n qarda\u015f T\u00fcrkiy\u0259 Az\u0259rbaycana siyasi-m\u0259n\u0259vi d\u0259st\u0259k verdi. T\u00fcrkiy\u0259 Prezidenti R\u0259c\u0259b Tayyib \u018frdo\u011fan a\u00e7\u0131q v\u0259 birm\u0259nal\u0131 b\u0259yanatlar s\u0259sl\u0259ndir\u0259r\u0259k, bu m\u00fcharib\u0259d\u0259 Az\u0259rbaycan\u0131n t\u0259k olmad\u0131\u011f\u0131n\u0131, T\u00fcrkiy\u0259nin h\u0259r zaman Az\u0259rbaycan\u0131n yan\u0131nda oldu\u011funu bildirdi.<\/p>\n<p>2021-ci il iyunun 15-d\u0259 \u015eu\u015fada Az\u0259rbaycan Respublikas\u0131n\u0131n Prezidenti \u0130lham \u018fliyevin v\u0259 T\u00fcrkiy\u0259 Respublikas\u0131n\u0131n Prezidenti R\u0259c\u0259b Tayyib \u018frdo\u011fan\u0131n t\u0259kb\u0259t\u0259k g\u00f6r\u00fc\u015f\u00fcnd\u0259n sonra Az\u0259rbaycan Respublikas\u0131 il\u0259 T\u00fcrkiy\u0259 Respublikas\u0131 aras\u0131nda m\u00fctt\u0259fiqlik m\u00fcnasib\u0259tl\u0259ri haqq\u0131nda \u015eu\u015fa B\u0259yannam\u0259sinin imzalanmas\u0131 bunun \u0259yani t\u0259sdiqidir. 1921-ci il tarixli Qars m\u00fcqavil\u0259sin\u0259 \u0259sas\u0259n Nax\u00e7\u0131van\u0131n t\u0259hl\u00fck\u0259sizliyinin t\u0259minat\u00e7\u0131s\u0131 olan T\u00fcrkiy\u0259 Respublikas\u0131 100 ild\u0259n sonra \u015eu\u015fa B\u0259yannam\u0259sin\u0259 imza atmaqla ilk n\u00f6vb\u0259d\u0259 Az\u0259rbaycan\u0131n v\u0259 \u00fcmumilikd\u0259 m\u00fcr\u0259kk\u0259b bir regionun t\u0259hl\u00fck\u0259sizliyin\u0259 qarant qismind\u0259 \u00e7\u0131x\u0131\u015f etdi. Qaraba\u011f\u0131n tac\u0131 \u015eu\u015fa \u015f\u0259h\u0259rind\u0259 iki dost aras\u0131nda m\u00fctt\u0259fiqlik m\u00fcnasib\u0259tl\u0259ri haqq\u0131nda B\u0259yannam\u0259nin imzalanmas\u0131 tarixi hadis\u0259 kimi yadda\u015flar\u0131m\u0131za h\u0259kk olundu. \u0130ki qarda\u015f \u00f6lk\u0259nin \u00fcmumi maraqlar\u0131n\u0131n qorunmas\u0131nda imkanlar\u0131n birl\u0259\u015fdirilm\u0259sin\u0259, el\u0259c\u0259 d\u0259 m\u00fc\u015ft\u0259r\u0259k maraq k\u0259sb ed\u0259n regional v\u0259 beyn\u0259lxalq strateji m\u0259s\u0259l\u0259l\u0259rd\u0259 f\u0259aliyy\u0259tl\u0259rinin qar\u015f\u0131l\u0131ql\u0131 \u015f\u0259kild\u0259 \u0259laq\u0259l\u0259ndirilm\u0259sin\u0259 istiqam\u0259tl\u0259n\u0259n sazi\u015f Az\u0259rbaycan v\u0259 T\u00fcrkiy\u0259nin liderliyi il\u0259 yeni regional geosiyasi konfiqurasiyan\u0131n qurulmas\u0131n\u0131n ba\u015flan\u011f\u0131c\u0131 kimi d\u0259y\u0259rl\u0259ndirilir.\u00a0\u00a0Bu tarixi s\u0259n\u0259dd\u0259 strateji \u0259h\u0259miyy\u0259t k\u0259sb ed\u0259n b\u00fct\u00fcn \u0259m\u0259kda\u015fl\u0131q istiqam\u0259tl\u0259ri \u0259hat\u0259 olunur.<\/p>\n<p>M\u00fch\u00fcm siyasi v\u0259 tarixi \u0259h\u0259miyy\u0259t\u0259 malik \u015eu\u015fa B\u0259yannam\u0259sind\u0259 qeyd olunur ki, Az\u0259rbaycan xalq\u0131n\u0131n \u00fcmummilli lideri Heyd\u0259r \u018fliyevin \u201cBir mill\u0259t, iki d\u00f6vl\u0259t\u201d v\u0259 T\u00fcrkiy\u0259 C\u00fcmhuriyy\u0259tinin qurucusu Mustafa Kamal Atat\u00fcrk\u00fcn \u201cAz\u0259rbaycan\u0131n sevinci bizim sevincimiz, k\u0259d\u0259ri bizim k\u0259d\u0259rimizdir\u201d m\u00fcdrik k\u0259lamlar\u0131 il\u0259 xarakteriz\u0259 olunan Az\u0259rbaycan-T\u00fcrkiy\u0259 m\u00fcnasib\u0259tl\u0259ri \u00f6z zirv\u0259sin\u0259 y\u00fcks\u0259lib v\u0259 keyfiyy\u0259tc\u0259 yeni bir m\u0259rh\u0259l\u0259y\u0259 q\u0259d\u0259m qoyub.<\/p>\n<p>\u015eu\u015fa B\u0259yannam\u0259sind\u0259 diqq\u0259ti \u00e7\u0259k\u0259n \u0259n vacib m\u0259qamlardan biri h\u0259rbi sah\u0259d\u0259 \u0259m\u0259kda\u015fl\u0131q v\u0259 m\u00fctt\u0259fiqlikl\u0259 ba\u011fl\u0131d\u0131r. Burada qeyd edilir ki, iki d\u00f6vl\u0259tin \u0259razi b\u00fct\u00f6vl\u00fcy\u00fcn\u0259, suverenliyin\u0259 \u00fc\u00e7\u00fcnc\u00fc d\u00f6vl\u0259t v\u0259 ya d\u00f6vl\u0259tl\u0259r t\u0259r\u0259find\u0259n t\u0259hdid v\u0259 ya t\u0259cav\u00fcz edildiyi t\u0259qdird\u0259, bir-birini qoruyacaqlar.\u00a0B\u0259yannam\u0259d\u0259 deyilir:\u00a0\u201cT\u0259r\u0259fl\u0259rd\u0259n h\u0259r hans\u0131 birinin fikrinc\u0259, onun m\u00fcst\u0259qilliyin\u0259, suverenliyin\u0259, \u0259razi b\u00fct\u00f6vl\u00fcy\u00fcn\u0259, beyn\u0259lxalq s\u0259viyy\u0259d\u0259 tan\u0131nm\u0131\u015f s\u0259rh\u0259dl\u0259rinin toxunulmazl\u0131\u011f\u0131na v\u0259 ya t\u0259hl\u00fck\u0259sizliyin\u0259 qar\u015f\u0131 \u00fc\u00e7\u00fcnc\u00fc d\u00f6vl\u0259t v\u0259 ya d\u00f6vl\u0259tl\u0259r t\u0259r\u0259find\u0259n t\u0259hdid v\u0259 ya t\u0259cav\u00fcz edildiyi t\u0259qdird\u0259, T\u0259r\u0259fl\u0259r birg\u0259 m\u0259sl\u0259h\u0259tl\u0259\u015fm\u0259l\u0259r aparacaq v\u0259 bu t\u0259hdid v\u0259 ya t\u0259cav\u00fcz\u00fcn aradan qald\u0131r\u0131lmas\u0131 m\u0259qs\u0259dil\u0259 BMT Nizamnam\u0259sinin m\u0259qs\u0259d v\u0259 prinsipl\u0259rin\u0259 m\u00fcvafiq t\u0259\u015f\u0259bb\u00fcs h\u0259yata ke\u00e7ir\u0259c\u0259k, bir-birin\u0259 BMT Nizamnam\u0259sin\u0259 uy\u011fun z\u0259ruri yard\u0131m g\u00f6st\u0259r\u0259c\u0259kl\u0259r. Bu yard\u0131m\u0131n h\u0259cmi v\u0259 formas\u0131 t\u0259xir\u0259 sal\u0131nmadan ke\u00e7iril\u0259n m\u00fczakir\u0259l\u0259r yolu il\u0259 m\u00fc\u0259yy\u0259n edil\u0259r\u0259k birg\u0259 t\u0259dbirl\u0259r g\u00f6r\u00fclm\u0259si \u00fc\u00e7\u00fcn m\u00fcdafi\u0259 ehtiyaclar\u0131n\u0131n \u00f6d\u0259nilm\u0259sin\u0259 q\u0259rar veril\u0259c\u0259k v\u0259 Silahl\u0131 Q\u00fcvv\u0259l\u0259rin g\u00fcc v\u0259 idar\u0259etm\u0259 strukturlar\u0131n\u0131n \u0259laq\u0259l\u0259ndirilmi\u015f f\u0259aliyy\u0259ti t\u0259\u015fkil olunacaqd\u0131r\u201d.<\/p>\n<p>B\u0259yannam\u0259nin imzalanmas\u0131 il\u0259 Az\u0259rbaycan v\u0259 T\u00fcrkiy\u0259 bir-biri il\u0259 ticar\u0259t-iqtisadi m\u00fcnasib\u0259tl\u0259rd\u0259 milli iqtisadiyyatlar\u0131n v\u0259 ixrac\u0131n \u015fax\u0259l\u0259ndirilm\u0259sin\u0259, mallar\u0131n s\u0259rb\u0259st h\u0259r\u0259k\u0259tinin t\u0259\u015fkilin\u0259 nail olacaq. \u0130qtisadi \u0130slahatlar\u0131n T\u0259hlili v\u0259 Kommunikasiya M\u0259rk\u0259zinin icra\u00e7\u0131 direktoru V\u00fcsal Qas\u0131ml\u0131n\u0131n fikrinc\u0259, \u015eu\u015fa B\u0259yannam\u0259si Az\u0259rbaycanda biznesin uzunm\u00fcdd\u0259tli g\u00f6zl\u0259ntil\u0259ri \u00fc\u00e7\u00fcn z\u0259min yarad\u0131r. Ekspert bildirir ki, x\u00fcsus\u0259n d\u0259 B\u0259yannam\u0259nin \u015eu\u015fada imzalanmas\u0131 Qaraba\u011fda investisiya m\u00fchitin\u0259 \u0259lav\u0259 qarant kimi qiym\u0259tl\u0259ndirilm\u0259lidir: \u201cB\u0259yannam\u0259 il\u0259 BP, \u201cSignify\u201d kimi qlobal \u015firk\u0259tl\u0259rin Qaraba\u011fda s\u0259rmay\u0259 yat\u0131rmaq niyy\u0259tl\u0259ri bir-birini tamamlay\u0131r, Qaraba\u011fda investor inam\u0131 indeksini y\u00fcks\u0259ldir. \u0130qtisadi \u0259laq\u0259l\u0259rin geni\u015fl\u0259ndirilm\u0259si \u00f6lk\u0259l\u0259r aras\u0131nda investisiya qoyulu\u015flar\u0131n\u0131 da art\u0131racaq. Haz\u0131rda T\u00fcrkiy\u0259 Az\u0259rbaycanda daha \u00e7ox qeyri-neft sektoruna, Az\u0259rbaycan is\u0259 T\u00fcrkiy\u0259d\u0259, \u0259sas\u0259n, energetika v\u0259 kimya sah\u0259l\u0259rin\u0259 kapital yat\u0131r\u0131r. T\u00fcrkiy\u0259d\u0259n Az\u0259rbaycana investisiya qoyulu\u015flar\u0131 12 milyard dollar, Az\u0259rbaycandan T\u00fcrkiy\u0259y\u0259 s\u0259rmay\u0259 yat\u0131r\u0131mlar\u0131 is\u0259 19,5 milyard dollar t\u0259\u015fkil edir\u201d.<\/p>\n<p>B\u0259yannam\u0259d\u0259 Z\u0259ng\u0259zur d\u0259hlizin\u0259 yer ayr\u0131lmas\u0131 h\u0259r iki \u00f6lk\u0259 \u00fc\u00e7\u00fcn \u0259h\u0259miyy\u0259tlidir. Ekspertl\u0259r bildirirl\u0259r ki, ixrac h\u0259cmini art\u0131rma\u011f\u0131 planla\u015fd\u0131ran T\u00fcrkiy\u0259 M\u0259rk\u0259zi Asiya v\u0259 \u00c7inl\u0259 iqtisadi \u0259laq\u0259l\u0259rd\u0259 Z\u0259ng\u0259zur d\u0259hlizind\u0259n istifad\u0259 ed\u0259c\u0259k. D\u0259hliz T\u00fcrkiy\u0259-Rusiya iqtisadi \u0259laq\u0259l\u0259rinin g\u00fccl\u0259nm\u0259sin\u0259 d\u0259 geni\u015f imkanlar a\u00e7acaq. \u0130xracy\u00f6n\u00fcml\u00fc T\u00fcrkiy\u0259 iqtisadiyyat\u0131 \u00fc\u00e7\u00fcn Z\u0259ng\u0259zur d\u0259hlizi ixrac mar\u015frutlar\u0131n\u0131n \u015fax\u0259l\u0259ndirilm\u0259si istiqam\u0259tind\u0259 m\u00fch\u00fcm rol oynayacaq.<\/p>\n<p>44 g\u00fcnl\u00fck V\u0259t\u0259n m\u00fcharib\u0259sinin u\u011furlu davam\u0131 olan \u015eu\u015fa B\u0259yannam\u0259si, h\u0259m\u00e7inin erm\u0259nil\u0259r\u0259 v\u0259 onlar\u0131n havadarlar\u0131na da tutarl\u0131 bir cavab oldu. Bununla da Qaraba\u011f m\u0259s\u0259l\u0259sinin ba\u015fa \u00e7atd\u0131\u011f\u0131, m\u00fcnaqi\u015f\u0259nin tamamil\u0259 h\u0259ll olundu\u011fu q\u0259til\u0259\u015fdirildi. Bu tarixi s\u0259n\u0259din imzalanmas\u0131 bir daha t\u0259sdiq etdi ki, tarixi dostluq, qar\u015f\u0131l\u0131ql\u0131 etimad, y\u00fcks\u0259k s\u0259viyy\u0259li \u0259m\u0259kda\u015fl\u0131q \u0259sas\u0131nda qurulan\u00a0Az\u0259rbaycan-T\u00fcrkiy\u0259\u00a0m\u00fcnasib\u0259tl\u0259ri \u00f6z\u00fcn\u00fcn \u0259n y\u00fcks\u0259k zirv\u0259sin\u0259 ucal\u0131b.<\/p>\n","protected":false},"excerpt":{"rendered":"<p>Az\u0259rbaycan-T\u00fcrkiy\u0259 dostluq v\u0259 qarda\u015fl\u0131q m\u00fcnasib\u0259tl\u0259rinin \u00e7ox y\u00fcks\u0259k s\u0259viyy\u0259d\u0259 olmas\u0131 \u00f6lk\u0259l\u0259rimizin daha da g\u00fccl\u0259nm\u0259sin\u0259, t\u0259r\u0259qqisin\u0259, el\u0259c\u0259 d\u0259 regionda sabitliyin, \u0259m\u0259kda\u015fl\u0131\u011f\u0131n v\u0259 t\u0259hl\u00fck\u0259sizliyin b\u0259rq\u0259rar olmas\u0131na m\u00fch\u00fcm t\u00f6hf\u0259l\u0259r verir. 44 g\u00fcnl\u00fck V\u0259t\u0259n m\u00fcharib\u0259si zaman\u0131 d\u00fcnya bir daha bunun \u015fahidi oldu. M\u00fcharib\u0259nin ilk g\u00fcnl\u0259rind\u0259n qarda\u015f T\u00fcrkiy\u0259 Az\u0259rbaycana siyasi-m\u0259n\u0259vi d\u0259st\u0259k verdi. T\u00fcrkiy\u0259 Prezidenti R\u0259c\u0259b Tayyib \u018frdo\u011fan a\u00e7\u0131q v\u0259 birm\u0259nal\u0131 b\u0259yanatlar s\u0259sl\u0259ndir\u0259r\u0259k, bu m\u00fcharib\u0259d\u0259 Az\u0259rbaycan\u0131n t\u0259k olmad\u0131\u011f\u0131n\u0131, T\u00fcrkiy\u0259nin h\u0259r zaman Az\u0259rbaycan\u0131n yan\u0131nda oldu\u011funu bildirdi. 2021-ci il iyunun 15-d\u0259 \u015eu\u015fada Az\u0259rbaycan Respublikas\u0131n\u0131n Prezidenti \u0130lham \u018fliyevin v\u0259 T\u00fcrkiy\u0259 Respublikas\u0131n\u0131n Prezidenti R\u0259c\u0259b Tayyib \u018frdo\u011fan\u0131n t\u0259kb\u0259t\u0259k g\u00f6r\u00fc\u015f\u00fcnd\u0259n sonra Az\u0259rbaycan Respublikas\u0131&hellip;<\/p>\n","protected":false},"author":2,"featured_media":435106,"comment_status":"closed","ping_status":"closed","sticky":false,"template":"","format":"standard","meta":{"om_disable_all_campaigns":false,"_monsterinsights_skip_tracking":false,"_monsterinsights_sitenote_active":false,"_monsterinsights_sitenote_note":"","_monsterinsights_sitenote_category":0},"categories":[4],"tags":[],"aioseo_notices":[],"gutentor_comment":0,"rttpg_featured_image_url":{"full":["https:\/\/arantv.az\/wp-content\/uploads\/2022\/02\/90cc440b163637634264001463910767536.jpg",975,540,false],"landscape":["https:\/\/arantv.az\/wp-content\/uploads\/2022\/02\/90cc440b163637634264001463910767536.jpg",975,540,false],"portraits":["https:\/\/arantv.az\/wp-content\/uploads\/2022\/02\/90cc440b163637634264001463910767536.jpg",975,540,false],"thumbnail":["https:\/\/arantv.az\/wp-content\/uploads\/2022\/02\/90cc440b163637634264001463910767536-500x280.jpg",500,280,true],"medium":["https:\/\/arantv.az\/wp-content\/uploads\/2022\/02\/90cc440b163637634264001463910767536-660x365.jpg",660,365,true],"large":["https:\/\/arantv.az\/wp-content\/uploads\/2022\/02\/90cc440b163637634264001463910767536-840x465.jpg",640,354,true],"1536x1536":["https:\/\/arantv.az\/wp-content\/uploads\/2022\/02\/90cc440b163637634264001463910767536.jpg",975,540,false],"2048x2048":["https:\/\/arantv.az\/wp-content\/uploads\/2022\/02\/90cc440b163637634264001463910767536.jpg",975,540,false],"post-thumbnail":["https:\/\/arantv.az\/wp-content\/uploads\/2022\/02\/90cc440b163637634264001463910767536-240x172.jpg",240,172,true],"advps-thumb-one":["https:\/\/arantv.az\/wp-content\/uploads\/2022\/02\/90cc440b163637634264001463910767536.jpg",975,540,false]},"rttpg_author":{"display_name":"V\u00fcsal Rafiqo\u011flu","author_link":"https:\/\/arantv.az\/?author=2"},"rttpg_comment":0,"rttpg_category":"<a href=\"https:\/\/arantv.az\/?cat=4\" rel=\"category\">Siyas\u0259t<\/a>","rttpg_excerpt":"Az\u0259rbaycan-T\u00fcrkiy\u0259 dostluq v\u0259 qarda\u015fl\u0131q m\u00fcnasib\u0259tl\u0259rinin \u00e7ox y\u00fcks\u0259k s\u0259viyy\u0259d\u0259 olmas\u0131 \u00f6lk\u0259l\u0259rimizin daha da g\u00fccl\u0259nm\u0259sin\u0259, t\u0259r\u0259qqisin\u0259, el\u0259c\u0259 d\u0259 regionda sabitliyin, \u0259m\u0259kda\u015fl\u0131\u011f\u0131n v\u0259 t\u0259hl\u00fck\u0259sizliyin b\u0259rq\u0259rar olmas\u0131na m\u00fch\u00fcm t\u00f6hf\u0259l\u0259r verir. 44 g\u00fcnl\u00fck V\u0259t\u0259n m\u00fcharib\u0259si zaman\u0131 d\u00fcnya bir daha bunun \u015fahidi oldu. M\u00fcharib\u0259nin ilk g\u00fcnl\u0259rind\u0259n qarda\u015f T\u00fcrkiy\u0259 Az\u0259rbaycana siyasi-m\u0259n\u0259vi d\u0259st\u0259k verdi. T\u00fcrkiy\u0259 Prezidenti R\u0259c\u0259b Tayyib \u018frdo\u011fan a\u00e7\u0131q v\u0259 birm\u0259nal\u0131 b\u0259yanatlar&hellip;","_links":{"self":[{"href":"https:\/\/arantv.az\/index.php?rest_route=\/wp\/v2\/posts\/435105"}],"collection":[{"href":"https:\/\/arantv.az\/index.php?rest_route=\/wp\/v2\/posts"}],"about":[{"href":"https:\/\/arantv.az\/index.php?rest_route=\/wp\/v2\/types\/post"}],"author":[{"embeddable":true,"href":"https:\/\/arantv.az\/index.php?rest_route=\/wp\/v2\/users\/2"}],"replies":[{"embeddable":true,"href":"https:\/\/arantv.az\/index.php?rest_route=%2Fwp%2Fv2%2Fcomments&post=435105"}],"version-history":[{"count":0,"href":"https:\/\/arantv.az\/index.php?rest_route=\/wp\/v2\/posts\/435105\/revisions"}],"wp:featuredmedia":[{"embeddable":true,"href":"https:\/\/arantv.az\/index.php?rest_route=\/wp\/v2\/media\/435106"}],"wp:attachment":[{"href":"https:\/\/arantv.az\/index.php?rest_route=%2Fwp%2Fv2%2Fmedia&parent=435105"}],"wp:term":[{"taxonomy":"category","embeddable":true,"href":"https:\/\/arantv.az\/index.php?rest_route=%2Fwp%2Fv2%2Fcategories&post=435105"},{"taxonomy":"post_tag","embeddable":true,"href":"https:\/\/arantv.az\/index.php?rest_route=%2Fwp%2Fv2%2Ftags&post=435105"}],"curies":[{"name":"wp","href":"https:\/\/api.w.org\/{rel}","templated":true}]}}