{"id":435108,"date":"2022-02-05T07:56:52","date_gmt":"2022-02-05T04:56:52","guid":{"rendered":"http:\/\/arantv.az\/?p=435108"},"modified":"2022-02-05T07:56:52","modified_gmt":"2022-02-05T04:56:52","slug":"multikulturalizm-termin-kimi-yenidir-amma","status":"publish","type":"post","link":"https:\/\/arantv.az\/?p=435108","title":{"rendered":"Multikulturalizm termin kimi yenidir, amma\u2026"},"content":{"rendered":"<p>Az\u0259rbaycanda uzun ill\u0259rdir ki, b\u00fct\u00fcn d\u00fcnyaya n\u00fcmun\u0259 ola bil\u0259c\u0259k bir birg\u0259ya\u015fay\u0131\u015f formas\u0131 b\u0259rq\u0259rar olub. Bu g\u00fcn Az\u0259rbaycan d\u00fcnya birliyind\u0259 humanizm, tolerantl\u0131q v\u0259 multikulturalizm prinsipl\u0259rin\u0259 sadiq d\u00f6vl\u0259t kimi tan\u0131n\u0131r. Multikulturalizmin Az\u0259rbaycan modelin\u0259 g\u0259ldikd\u0259 is\u0259 \u0259minlikl\u0259 dey\u0259 bil\u0259rik ki, bu model humanizm prinsipl\u0259rin\u0259 \u0259saslan\u0131r. \u00d6lk\u0259mizin \u00e7oxsayl\u0131 beyn\u0259lxalq s\u0259viyy\u0259li toplant\u0131lar\u0131n, konfrans v\u0259 forumlar\u0131n ke\u00e7irildiyi m\u0259kan kimi tan\u0131nmas\u0131, he\u00e7 \u015f\u00fcbh\u0259siz ki, burada m\u00f6vcud olan tolerantl\u0131\u011f\u0131n, multikulturalizmin v\u0259 sabitliyin g\u00f6st\u0259ricisidir.<\/p>\n<p>Z\u0259ngin tarixi ke\u00e7mi\u015fimiz\u0259 n\u0259z\u0259r yetir\u0259nd\u0259 d\u0259 s\u00fcbut olunur ki, Az\u0259rbaycan xalq\u0131 q\u0259dim d\u00f6vl\u0259t\u00e7ilik \u0259n\u0259n\u0259l\u0259rin\u0259 malikdir. Tarixin b\u00fct\u00fcn d\u00f6vrl\u0259rind\u0259 xalq\u0131m\u0131z multikultural d\u0259y\u0259rl\u0259r\u0259 b\u00f6y\u00fck \u00f6n\u0259m verib. Az\u0259rbaycan torpaqlar\u0131nda m\u00fcxt\u0259lif dinl\u0259rin v\u0259 mill\u0259tl\u0259rin n\u00fcmay\u0259nd\u0259l\u0259ri b\u00fct\u00fcn d\u00f6vrl\u0259rd\u0259 mehriban \u015f\u0259raitd\u0259 ya\u015fay\u0131blar. Sovet rejiminin s\u00fcqutu il\u0259 bu regionda bir m\u00fcdd\u0259t xaos h\u00f6km s\u00fcrs\u0259 d\u0259, Az\u0259rbaycan xalq\u0131n\u0131n \u00fcmummilli lideri Heyd\u0259r \u018fliyevin uzaqg\u00f6r\u0259n siyas\u0259ti, b\u00f6y\u00fck d\u00f6vl\u0259t\u00e7ilik t\u0259cr\u00fcb\u0259si il\u0259 h\u0259yata ke\u00e7irdiyi t\u0259dbirl\u0259r n\u0259tic\u0259sind\u0259 \u00f6lk\u0259mizd\u0259 tolerantl\u0131q m\u00fchiti qoruna bildi, b\u00fct\u00fcn xalqlar aras\u0131ndak\u0131 y\u00fcz ill\u0259r\u0259 s\u00f6yk\u0259n\u0259n dostluq v\u0259 birg\u0259ya\u015fay\u0131\u015f m\u00fcnasib\u0259tl\u0259rinin ritminin pozulmas\u0131na imkan verilm\u0259di. Son 18 ild\u0259 Prezident \u0130lham \u018fliyev is\u0259 Ulu \u00d6nd\u0259rin t\u00f6vsiy\u0259l\u0259rini h\u0259yata ke\u00e7irdi v\u0259 tolerantl\u0131q \u0259n\u0259n\u0259l\u0259rini dahada inki\u015faf etdir\u0259r\u0259k d\u00f6vl\u0259t siyas\u0259tin\u0259 \u00e7evirdi. Onu da qeyd etm\u0259k laz\u0131md\u0131r ki, Az\u0259rbaycan\u0131n tolerantl\u0131q siyas\u0259ti yaln\u0131z \u00f6lk\u0259nin h\u00fcdudlar\u0131 il\u0259 m\u0259hdudla\u015fm\u0131r. Bu sah\u0259d\u0259 \u00f6lk\u0259mizin Birinci vitse-prezidenti, Heyd\u0259r \u018fliyev Fondunun prezidenti Mehriban xan\u0131m \u018fliyevan\u0131n g\u00f6rd\u00fcy\u00fc i\u015fl\u0259r misilsizdir. N\u0259inki \u015e\u0259rqd\u0259, habel\u0259 Avropa \u00f6lk\u0259l\u0259rind\u0259 kils\u0259 v\u0259 dini abid\u0259l\u0259rin, muzeyl\u0259rin b\u0259rpa v\u0259 t\u0259mir olunmas\u0131 sah\u0259sind\u0259 Mehriban xan\u0131m \u018fliyevan\u0131n g\u00f6rd\u00fcy\u00fc i\u015fl\u0259r ist\u0259r multikulturalizmin Az\u0259rbaycan modelinin, ist\u0259rs\u0259 d\u0259 milli-m\u0259n\u0259vi v\u0259 m\u0259d\u0259ni d\u0259y\u0259rl\u0259rimizin t\u0259bli\u011fi bax\u0131m\u0131ndan d\u00fcnyaya \u0259sl n\u00fcmun\u0259dir. Bu, h\u0259m d\u0259 Az\u0259rbaycan xalq\u0131n\u0131n v\u0259 h\u00f6kum\u0259tinin d\u00fcnya m\u0259d\u0259ni irsin\u0259 v\u0259 dini, milli-m\u0259d\u0259ni d\u0259y\u0259rl\u0259r\u0259 verdiyi \u0259n m\u00fch\u00fcm t\u00f6hf\u0259l\u0259rd\u0259ndir.<\/p>\n<p>\u0130kinci Qaraba\u011f sava\u015f\u0131 \u0259r\u0259f\u0259sind\u0259 Az\u0259rbaycan\u0131n u\u011furlar\u0131na q\u0131sqancl\u0131qla yana\u015fan a\u00e7\u0131q v\u0259 gizli d\u00fc\u015fm\u0259nl\u0259rimiz \u00a0\u00fcmid edirdil\u0259r ki, h\u0259rbi \u0259m\u0259liyyatlar\u0131n ba\u015flayaca\u011f\u0131 t\u0259qdird\u0259 \u00f6lk\u0259mizd\u0259 ya\u015fayan milli v\u0259 dini azl\u0131qlar V\u0259t\u0259n m\u00fcharib\u0259sind\u0259 i\u015ftirak etm\u0259kd\u0259n boyun qa\u00e7\u0131racaqlar. N\u0259tic\u0259d\u0259 \u00f6lk\u0259mizd\u0259 Birinci Qaraba\u011f m\u00fcharib\u0259si d\u00f6vr\u00fcnd\u0259, el\u0259c\u0259 d\u0259 ondan sonrak\u0131 q\u0131sa bir zamanda oldu\u011fu kimi, \u00e7axna\u015fma, milli-dini qar\u015f\u0131durma ya\u015fanacaq. Lakin 44 g\u00fcnl\u00fck sava\u015f \u0259rzind\u0259 a\u00e7\u0131q v\u0259 gizli d\u00fc\u015fm\u0259nl\u0259rimiz bunun tamamil\u0259 \u0259ksinin \u015fahidi oldular. D\u00f6y\u00fc\u015fl\u0259rd\u0259 y\u00fczl\u0259rl\u0259 Az\u0259rbaycan v\u0259t\u0259nda\u015f\u0131 olan etnik azl\u0131qlar, y\u0259hudil\u0259r, xristianlar f\u0259dakarl\u0131q n\u00fcmayi\u015f etdirdil\u0259r. Onlar q\u0259hr\u0259man Az\u0259rbaycan v\u0259t\u0259nda\u015f\u0131 kimi \u00f6z canlar\u0131n\u0131 V\u0259t\u0259n namin\u0259, \u00f6lk\u0259nin suverenliyi \u00fc\u00e7\u00fcn qurban verdil\u0259r. \u00a0N\u0259tic\u0259d\u0259 ayl\u0131, ulduzlu \u00fc\u00e7r\u0259ngli bayra\u011f\u0131m\u0131z \u015eu\u015fada v\u0259 dig\u0259r i\u015f\u011faldan azad edilmi\u015f \u0259razil\u0259rimizd\u0259 dal\u011faland\u0131.<\/p>\n<p>Fevral\u0131n 2-d\u0259 G\u0259ncl\u0259r G\u00fcn\u00fcn\u00fcn 25 illiyin\u0259 h\u0259sr olunan G\u0259ncl\u0259r Forumunda Prezident \u0130lham \u018fliyev\u0259 zalda \u0259yl\u0259\u015f\u0259n g\u0259ncl\u0259r t\u0259r\u0259find\u0259n \u00e7oxsayl\u0131 suallar \u00fcnvanland\u0131. \u00d6lk\u0259 ba\u015f\u00e7\u0131s\u0131 \u0130lham \u018fliyev Az\u0259rbaycan D\u00f6vl\u0259t Neft v\u0259 S\u0259naye Universitetinin d\u00f6rd\u00fcnc\u00fc kurs t\u0259l\u0259b\u0259si, eyni zamanda, \u00a0Da\u011f Y\u0259hudi \u0130cmas\u0131n\u0131n n\u00fcmay\u0259nd\u0259si Rolan Yusupovun sual\u0131n\u0131 cavabland\u0131rark\u0259n b\u0259yan etdi ki, Az\u0259rbaycan h\u0259mi\u015f\u0259 \u00e7oxmill\u0259tli, \u00e7oxkonfessiyal\u0131 diyar olub v\u0259 bu da bizim \u0259n\u0259n\u0259mizdir: \u201c \u018fsrl\u0259r boyu m\u00fcxt\u0259lif xalqlar burada ya\u015fam\u0131\u015f, yaratm\u0131\u015f, qarda\u015f olmu\u015fdur, bu g\u00fcn d\u0259 bel\u0259dir. Multikulturalizm termin kimi yenidir, amma anlay\u0131\u015f kimi bu, h\u0259mi\u015f\u0259 olub v\u0259 h\u0259mi\u015f\u0259 olmal\u0131d\u0131r. M\u0259nim d\u0259 siz\u0259 s\u00f6z\u00fcm odur ki, siz bu d\u0259y\u0259ri daim qoruyun. \u00c7\u00fcnki bizim g\u00fcc\u00fcm\u00fcz birliyimizd\u0259 v\u0259 m\u00fcxt\u0259lifliyimizd\u0259dir. Az\u0259rbaycan \u00e7oxkonfessiyal\u0131, bir \u00e7ox etnik qruplar\u0131n birg\u0259 ya\u015fad\u0131\u011f\u0131 unikal bir m\u0259kand\u0131r. Bu, b\u00f6y\u00fck s\u0259rv\u0259timizdir. M\u0259n bunu yen\u0259 d\u0259 deyir\u0259m, sad\u0259c\u0259, xo\u015f s\u00f6z dem\u0259k namin\u0259 demir\u0259m. M\u0259n daxil\u0259n 100 faiz buna \u0259min\u0259m ki, ancaq birlikd\u0259, b\u00fct\u00fcn xalqlar\u0131n birg\u0259 ya\u015famas\u0131 bizi u\u011fura, q\u0259l\u0259b\u0259y\u0259 g\u0259tir\u0259c\u0259k v\u0259 g\u0259tirib. \u0130kinci Qaraba\u011f m\u00fcharib\u0259sind\u0259 b\u00fct\u00fcn xalqlar\u0131n n\u00fcmay\u0259nd\u0259l\u0259ri bir \u0259sg\u0259r kimi vuru\u015fdular, qan t\u00f6kd\u00fcl\u0259r, \u015f\u0259hid oldular. V\u0259t\u0259n u\u011frunda, Qaraba\u011f u\u011frunda, Az\u0259rbaycan u\u011frunda vuru\u015fdular. Bu Q\u0259l\u0259b\u0259 v\u0259 bu m\u00fcharib\u0259 Az\u0259rbaycanda ya\u015fayan b\u00fct\u00fcn xalqlar\u0131 daha da birl\u0259\u015fdirdi. \u201cD\u0259mir yumruq\u201d, sad\u0259c\u0259, g\u00fcc deyil, bu, birlikdir. Bizd\u0259 bu g\u00fcn olan birlik, hesab edir\u0259m ki, h\u0259r bir \u00f6lk\u0259 \u00fc\u00e7\u00fcn, multikonfessional v\u0259 \u00e7oxmill\u0259tli \u00f6lk\u0259 \u00fc\u00e7\u00fcn n\u00fcmun\u0259 ola bil\u0259r. Siz g\u0259ncl\u0259r, bax, bu ideyalar\u0131 qorumal\u0131s\u0131n\u0131z. \u00c7\u00fcnki bu siyas\u0259tin u\u011furlu olmas\u0131 t\u0259kc\u0259 d\u00f6vl\u0259td\u0259n as\u0131l\u0131 deyil, h\u0259r bir v\u0259t\u0259nda\u015fdan as\u0131l\u0131d\u0131r. H\u0259r bir v\u0259t\u0259nda\u015f \u00f6z davran\u0131\u015f\u0131 il\u0259 bu ideyalar\u0131 t\u0259r\u0259nn\u00fcm etm\u0259lidir. Bel\u0259 olan halda, Az\u0259rbaycanda ya\u015fayan b\u00fct\u00fcn xalqlar, Az\u0259rbaycan v\u0259t\u0259nda\u015flar\u0131 daim s\u00fclh \u015f\u0259raitind\u0259, \u0259min-amanl\u0131q, qarda\u015fl\u0131q \u015f\u0259raitind\u0259 ya\u015fayacaqlar. \u018fmin\u0259m ki, bu, bel\u0259 olacaq\u201d.<\/p>\n","protected":false},"excerpt":{"rendered":"<p>Az\u0259rbaycanda uzun ill\u0259rdir ki, b\u00fct\u00fcn d\u00fcnyaya n\u00fcmun\u0259 ola bil\u0259c\u0259k bir birg\u0259ya\u015fay\u0131\u015f formas\u0131 b\u0259rq\u0259rar olub. Bu g\u00fcn Az\u0259rbaycan d\u00fcnya birliyind\u0259 humanizm, tolerantl\u0131q v\u0259 multikulturalizm prinsipl\u0259rin\u0259 sadiq d\u00f6vl\u0259t kimi tan\u0131n\u0131r. Multikulturalizmin Az\u0259rbaycan modelin\u0259 g\u0259ldikd\u0259 is\u0259 \u0259minlikl\u0259 dey\u0259 bil\u0259rik ki, bu model humanizm prinsipl\u0259rin\u0259 \u0259saslan\u0131r. \u00d6lk\u0259mizin \u00e7oxsayl\u0131 beyn\u0259lxalq s\u0259viyy\u0259li toplant\u0131lar\u0131n, konfrans v\u0259 forumlar\u0131n ke\u00e7irildiyi m\u0259kan kimi tan\u0131nmas\u0131, he\u00e7 \u015f\u00fcbh\u0259siz ki, burada m\u00f6vcud olan tolerantl\u0131\u011f\u0131n, multikulturalizmin v\u0259 sabitliyin g\u00f6st\u0259ricisidir. Z\u0259ngin tarixi ke\u00e7mi\u015fimiz\u0259 n\u0259z\u0259r yetir\u0259nd\u0259 d\u0259 s\u00fcbut olunur ki, Az\u0259rbaycan xalq\u0131 q\u0259dim d\u00f6vl\u0259t\u00e7ilik \u0259n\u0259n\u0259l\u0259rin\u0259 malikdir. Tarixin b\u00fct\u00fcn d\u00f6vrl\u0259rind\u0259 xalq\u0131m\u0131z multikultural d\u0259y\u0259rl\u0259r\u0259 b\u00f6y\u00fck \u00f6n\u0259m verib. Az\u0259rbaycan&hellip;<\/p>\n","protected":false},"author":2,"featured_media":435109,"comment_status":"closed","ping_status":"closed","sticky":false,"template":"","format":"standard","meta":{"om_disable_all_campaigns":false,"_monsterinsights_skip_tracking":false,"_monsterinsights_sitenote_active":false,"_monsterinsights_sitenote_note":"","_monsterinsights_sitenote_category":0},"categories":[4],"tags":[],"aioseo_notices":[],"gutentor_comment":0,"rttpg_featured_image_url":{"full":["https:\/\/arantv.az\/wp-content\/uploads\/2022\/02\/9f44e956157193184478575487410426641.jpg",975,540,false],"landscape":["https:\/\/arantv.az\/wp-content\/uploads\/2022\/02\/9f44e956157193184478575487410426641.jpg",975,540,false],"portraits":["https:\/\/arantv.az\/wp-content\/uploads\/2022\/02\/9f44e956157193184478575487410426641.jpg",975,540,false],"thumbnail":["https:\/\/arantv.az\/wp-content\/uploads\/2022\/02\/9f44e956157193184478575487410426641-500x280.jpg",500,280,true],"medium":["https:\/\/arantv.az\/wp-content\/uploads\/2022\/02\/9f44e956157193184478575487410426641-660x365.jpg",660,365,true],"large":["https:\/\/arantv.az\/wp-content\/uploads\/2022\/02\/9f44e956157193184478575487410426641-840x465.jpg",640,354,true],"1536x1536":["https:\/\/arantv.az\/wp-content\/uploads\/2022\/02\/9f44e956157193184478575487410426641.jpg",975,540,false],"2048x2048":["https:\/\/arantv.az\/wp-content\/uploads\/2022\/02\/9f44e956157193184478575487410426641.jpg",975,540,false],"post-thumbnail":["https:\/\/arantv.az\/wp-content\/uploads\/2022\/02\/9f44e956157193184478575487410426641-240x172.jpg",240,172,true],"advps-thumb-one":["https:\/\/arantv.az\/wp-content\/uploads\/2022\/02\/9f44e956157193184478575487410426641.jpg",975,540,false]},"rttpg_author":{"display_name":"V\u00fcsal Rafiqo\u011flu","author_link":"https:\/\/arantv.az\/?author=2"},"rttpg_comment":0,"rttpg_category":"<a href=\"https:\/\/arantv.az\/?cat=4\" rel=\"category\">Siyas\u0259t<\/a>","rttpg_excerpt":"Az\u0259rbaycanda uzun ill\u0259rdir ki, b\u00fct\u00fcn d\u00fcnyaya n\u00fcmun\u0259 ola bil\u0259c\u0259k bir birg\u0259ya\u015fay\u0131\u015f formas\u0131 b\u0259rq\u0259rar olub. Bu g\u00fcn Az\u0259rbaycan d\u00fcnya birliyind\u0259 humanizm, tolerantl\u0131q v\u0259 multikulturalizm prinsipl\u0259rin\u0259 sadiq d\u00f6vl\u0259t kimi tan\u0131n\u0131r. Multikulturalizmin Az\u0259rbaycan modelin\u0259 g\u0259ldikd\u0259 is\u0259 \u0259minlikl\u0259 dey\u0259 bil\u0259rik ki, bu model humanizm prinsipl\u0259rin\u0259 \u0259saslan\u0131r. \u00d6lk\u0259mizin \u00e7oxsayl\u0131 beyn\u0259lxalq s\u0259viyy\u0259li toplant\u0131lar\u0131n, konfrans v\u0259 forumlar\u0131n ke\u00e7irildiyi m\u0259kan kimi tan\u0131nmas\u0131, he\u00e7&hellip;","_links":{"self":[{"href":"https:\/\/arantv.az\/index.php?rest_route=\/wp\/v2\/posts\/435108"}],"collection":[{"href":"https:\/\/arantv.az\/index.php?rest_route=\/wp\/v2\/posts"}],"about":[{"href":"https:\/\/arantv.az\/index.php?rest_route=\/wp\/v2\/types\/post"}],"author":[{"embeddable":true,"href":"https:\/\/arantv.az\/index.php?rest_route=\/wp\/v2\/users\/2"}],"replies":[{"embeddable":true,"href":"https:\/\/arantv.az\/index.php?rest_route=%2Fwp%2Fv2%2Fcomments&post=435108"}],"version-history":[{"count":0,"href":"https:\/\/arantv.az\/index.php?rest_route=\/wp\/v2\/posts\/435108\/revisions"}],"wp:featuredmedia":[{"embeddable":true,"href":"https:\/\/arantv.az\/index.php?rest_route=\/wp\/v2\/media\/435109"}],"wp:attachment":[{"href":"https:\/\/arantv.az\/index.php?rest_route=%2Fwp%2Fv2%2Fmedia&parent=435108"}],"wp:term":[{"taxonomy":"category","embeddable":true,"href":"https:\/\/arantv.az\/index.php?rest_route=%2Fwp%2Fv2%2Fcategories&post=435108"},{"taxonomy":"post_tag","embeddable":true,"href":"https:\/\/arantv.az\/index.php?rest_route=%2Fwp%2Fv2%2Ftags&post=435108"}],"curies":[{"name":"wp","href":"https:\/\/api.w.org\/{rel}","templated":true}]}}