{"id":435117,"date":"2022-02-05T07:58:59","date_gmt":"2022-02-05T04:58:59","guid":{"rendered":"http:\/\/arantv.az\/?p=435117"},"modified":"2022-02-05T07:58:59","modified_gmt":"2022-02-05T04:58:59","slug":"z%c9%99ngilan-beyn%c9%99lxalq-hava-limani-bolg%c9%99-ucun-%c9%99h%c9%99miyy%c9%99tli-layih%c9%99dir-video","status":"publish","type":"post","link":"https:\/\/arantv.az\/?p=435117","title":{"rendered":"Z\u0259ngilan Beyn\u0259lxalq Hava Liman\u0131 b\u00f6lg\u0259 \u00fc\u00e7\u00fcn \u0259h\u0259miyy\u0259tli layih\u0259dir &#8211; V\u0130DEO"},"content":{"rendered":"<div class=\"content lead font-weight-normal\">\n<p>Bu il istifad\u0259y\u0259 veril\u0259c\u0259k Z\u0259ngilan Beyn\u0259lxalq Hava Liman\u0131 h\u0259m beyn\u0259lxaq, h\u0259m iqtisadi, h\u0259m d\u0259 strateji bax\u0131mdan \u0259n vacib layih\u0259l\u0259rd\u0259n biridir. Bu hava liman\u0131 yaln\u0131z yerli deyil, ad\u0131ndan da g\u00f6r\u00fcnd\u00fcy\u00fc kimi beyn\u0259lxalq u\u00e7u\u015flar\u0131 da yerin\u0259 yetir\u0259c\u0259k.<\/p>\n<p><strong>ARANTV.AZ x\u0259b\u0259r verir ki,<\/strong>\u00a0bunu deputat V\u00fcqar Bayramov deyib.<\/p>\n<p>Onun s\u00f6zl\u0259rin\u0259 g\u00f6r\u0259, Z\u0259ngilan iqtisadi v\u0259 turizm bax\u0131m\u0131ndan b\u00f6y\u00fck potensiala malik rayondur. Burada istehsal olunan m\u0259hsullar \u00f6lk\u0259mizd\u0259 istifad\u0259 olunmaqla yana\u015f\u0131, birba\u015fa xarici \u00f6lk\u0259l\u0259r\u0259 \u00e7\u0131xar\u0131la bil\u0259c\u0259k.<\/p>\n<p>V\u00fcqar Bayramov deyib ki, Z\u0259ngilan Beyn\u0259lxaq Hava Liman\u0131 yax\u0131n g\u0259l\u0259c\u0259kd\u0259 istifad\u0259y\u0259 veril\u0259c\u0259k Z\u0259ng\u0259zur d\u0259hlizin\u0259 inteqrasiya olunacaq.Bundan sonra hava liman\u0131 \u015f\u0259rq-q\u0259rb,\u015fimal-c\u0259nub n\u0259qliyyat d\u0259hlizl\u0259rinin d\u0259 elementin\u0259 \u00e7evril\u0259c\u0259k. Bu da Z\u0259ngilan daxil olmaqla h\u0259min \u0259razil\u0259rimiz vasit\u0259si il\u0259 da\u015f\u0131nan beyn\u0259lxaq y\u00fckl\u0259rin h\u0259cminin artmas\u0131na v\u0259 Az\u0259rbaycan\u0131n daha \u00e7ox g\u0259lir \u0259ld\u0259 etm\u0259sin\u0259 imkan ver\u0259c\u0259k.<\/p>\n<p>Mill\u0259t v\u0259kili bildirib ki, Z\u0259ngilan\u0131n turizm potensial\u0131 y\u00fcks\u0259k oldu\u011fundan bu hava liman\u0131n\u0131n tikilm\u0259si yerli v\u0259 beyn\u0259lxalq u\u00e7u\u015flar bax\u0131m\u0131ndan \u0259h\u0259miy\u0259tlidir.<\/p>\n<p>Qeyd ed\u0259k ki, m\u00fcasir standartlar \u0259sas\u0131nda in\u015fa edil\u0259c\u0259k Z\u0259ngilan Beyn\u0259lxalq Hava Liman\u0131 b\u00fct\u00fcn n\u00f6v t\u0259yyar\u0259l\u0259ri, o c\u00fcml\u0259d\u0259n a\u011f\u0131r y\u00fck t\u0259yyar\u0259l\u0259rini q\u0259bul ed\u0259 bil\u0259c\u0259k. Bununla da Z\u0259ngilan erm\u0259nil\u0259rin xarabal\u0131\u011fa \u00e7evirdiyi rayondan beyn\u0259lxalq n\u0259qliyyat-logistika m\u0259rk\u0259zin\u0259 \u00e7evril\u0259c\u0259k.<\/p>\n<p><iframe loading=\"lazy\" src=\"https:\/\/daytube.az\/az\/embed\/123997\" width=\"670\" height=\"400\" frameborder=\"0\" allowfullscreen=\"allowfullscreen\" data-mce-fragment=\"1\"><\/iframe><\/p>\n<\/div>\n<div class=\"sharing my-2 row no-gutters d-print-none\">\n<div class=\"col-md-3\"><\/div>\n<\/div>\n","protected":false},"excerpt":{"rendered":"<p>Bu il istifad\u0259y\u0259 veril\u0259c\u0259k Z\u0259ngilan Beyn\u0259lxalq Hava Liman\u0131 h\u0259m beyn\u0259lxaq, h\u0259m iqtisadi, h\u0259m d\u0259 strateji bax\u0131mdan \u0259n vacib layih\u0259l\u0259rd\u0259n biridir. Bu hava liman\u0131 yaln\u0131z yerli deyil, ad\u0131ndan da g\u00f6r\u00fcnd\u00fcy\u00fc kimi beyn\u0259lxalq u\u00e7u\u015flar\u0131 da yerin\u0259 yetir\u0259c\u0259k. ARANTV.AZ x\u0259b\u0259r verir ki,\u00a0bunu deputat V\u00fcqar Bayramov deyib. Onun s\u00f6zl\u0259rin\u0259 g\u00f6r\u0259, Z\u0259ngilan iqtisadi v\u0259 turizm bax\u0131m\u0131ndan b\u00f6y\u00fck potensiala malik rayondur. Burada istehsal olunan m\u0259hsullar \u00f6lk\u0259mizd\u0259 istifad\u0259 olunmaqla yana\u015f\u0131, birba\u015fa xarici \u00f6lk\u0259l\u0259r\u0259 \u00e7\u0131xar\u0131la bil\u0259c\u0259k. V\u00fcqar Bayramov deyib ki, Z\u0259ngilan Beyn\u0259lxaq Hava Liman\u0131 yax\u0131n g\u0259l\u0259c\u0259kd\u0259 istifad\u0259y\u0259 veril\u0259c\u0259k Z\u0259ng\u0259zur d\u0259hlizin\u0259 inteqrasiya olunacaq.Bundan sonra hava liman\u0131 \u015f\u0259rq-q\u0259rb,\u015fimal-c\u0259nub n\u0259qliyyat d\u0259hlizl\u0259rinin&hellip;<\/p>\n","protected":false},"author":2,"featured_media":435118,"comment_status":"closed","ping_status":"closed","sticky":false,"template":"","format":"standard","meta":{"om_disable_all_campaigns":false,"_monsterinsights_skip_tracking":false,"_monsterinsights_sitenote_active":false,"_monsterinsights_sitenote_note":"","_monsterinsights_sitenote_category":0},"categories":[1],"tags":[],"aioseo_notices":[],"gutentor_comment":0,"rttpg_featured_image_url":{"full":["https:\/\/arantv.az\/wp-content\/uploads\/2022\/02\/5f5c19fa164399604381738842710287863.jpg",975,540,false],"landscape":["https:\/\/arantv.az\/wp-content\/uploads\/2022\/02\/5f5c19fa164399604381738842710287863.jpg",975,540,false],"portraits":["https:\/\/arantv.az\/wp-content\/uploads\/2022\/02\/5f5c19fa164399604381738842710287863.jpg",975,540,false],"thumbnail":["https:\/\/arantv.az\/wp-content\/uploads\/2022\/02\/5f5c19fa164399604381738842710287863-500x280.jpg",500,280,true],"medium":["https:\/\/arantv.az\/wp-content\/uploads\/2022\/02\/5f5c19fa164399604381738842710287863-660x365.jpg",660,365,true],"large":["https:\/\/arantv.az\/wp-content\/uploads\/2022\/02\/5f5c19fa164399604381738842710287863-840x465.jpg",640,354,true],"1536x1536":["https:\/\/arantv.az\/wp-content\/uploads\/2022\/02\/5f5c19fa164399604381738842710287863.jpg",975,540,false],"2048x2048":["https:\/\/arantv.az\/wp-content\/uploads\/2022\/02\/5f5c19fa164399604381738842710287863.jpg",975,540,false],"post-thumbnail":["https:\/\/arantv.az\/wp-content\/uploads\/2022\/02\/5f5c19fa164399604381738842710287863-240x172.jpg",240,172,true],"advps-thumb-one":["https:\/\/arantv.az\/wp-content\/uploads\/2022\/02\/5f5c19fa164399604381738842710287863.jpg",975,540,false]},"rttpg_author":{"display_name":"V\u00fcsal Rafiqo\u011flu","author_link":"https:\/\/arantv.az\/?author=2"},"rttpg_comment":0,"rttpg_category":"<a href=\"https:\/\/arantv.az\/?cat=1\" rel=\"category\">C\u0259miyy\u0259t<\/a>","rttpg_excerpt":"Bu il istifad\u0259y\u0259 veril\u0259c\u0259k Z\u0259ngilan Beyn\u0259lxalq Hava Liman\u0131 h\u0259m beyn\u0259lxaq, h\u0259m iqtisadi, h\u0259m d\u0259 strateji bax\u0131mdan \u0259n vacib layih\u0259l\u0259rd\u0259n biridir. Bu hava liman\u0131 yaln\u0131z yerli deyil, ad\u0131ndan da g\u00f6r\u00fcnd\u00fcy\u00fc kimi beyn\u0259lxalq u\u00e7u\u015flar\u0131 da yerin\u0259 yetir\u0259c\u0259k. ARANTV.AZ x\u0259b\u0259r verir ki,\u00a0bunu deputat V\u00fcqar Bayramov deyib. Onun s\u00f6zl\u0259rin\u0259 g\u00f6r\u0259, Z\u0259ngilan iqtisadi v\u0259 turizm bax\u0131m\u0131ndan b\u00f6y\u00fck potensiala malik rayondur.&hellip;","_links":{"self":[{"href":"https:\/\/arantv.az\/index.php?rest_route=\/wp\/v2\/posts\/435117"}],"collection":[{"href":"https:\/\/arantv.az\/index.php?rest_route=\/wp\/v2\/posts"}],"about":[{"href":"https:\/\/arantv.az\/index.php?rest_route=\/wp\/v2\/types\/post"}],"author":[{"embeddable":true,"href":"https:\/\/arantv.az\/index.php?rest_route=\/wp\/v2\/users\/2"}],"replies":[{"embeddable":true,"href":"https:\/\/arantv.az\/index.php?rest_route=%2Fwp%2Fv2%2Fcomments&post=435117"}],"version-history":[{"count":0,"href":"https:\/\/arantv.az\/index.php?rest_route=\/wp\/v2\/posts\/435117\/revisions"}],"wp:featuredmedia":[{"embeddable":true,"href":"https:\/\/arantv.az\/index.php?rest_route=\/wp\/v2\/media\/435118"}],"wp:attachment":[{"href":"https:\/\/arantv.az\/index.php?rest_route=%2Fwp%2Fv2%2Fmedia&parent=435117"}],"wp:term":[{"taxonomy":"category","embeddable":true,"href":"https:\/\/arantv.az\/index.php?rest_route=%2Fwp%2Fv2%2Fcategories&post=435117"},{"taxonomy":"post_tag","embeddable":true,"href":"https:\/\/arantv.az\/index.php?rest_route=%2Fwp%2Fv2%2Ftags&post=435117"}],"curies":[{"name":"wp","href":"https:\/\/api.w.org\/{rel}","templated":true}]}}