{"id":43512,"date":"2019-03-07T10:22:19","date_gmt":"2019-03-07T07:22:19","guid":{"rendered":"http:\/\/arantv.az\/?p=43512"},"modified":"2019-03-07T10:22:19","modified_gmt":"2019-03-07T07:22:19","slug":"asan-xidm%c9%99t-v%c9%99-asan-kommunalda-sabah-qeyri-is-gunudur","status":"publish","type":"post","link":"https:\/\/arantv.az\/?p=43512","title":{"rendered":"&#8220;ASAN xidm\u0259t&#8221; v\u0259 &#8220;ASAN Kommunal&#8221;da sabah qeyri-i\u015f g\u00fcn\u00fcd\u00fcr"},"content":{"rendered":"<p>Mart\u0131n 8-d\u0259 Beyn\u0259lxalq Qad\u0131nlar G\u00fcn\u00fc il\u0259 \u0259laq\u0259dar \u201cASAN xidm\u0259t\u201d v\u0259 \u201cASAN Kommunal\u201d m\u0259rk\u0259zl\u0259rind\u0259 qeyri &#8211; i\u015f g\u00fcn\u00fc olacaq.<\/p>\n<p><b>ARANTV.AZ\u00a0<\/b> x\u0259b\u0259r verir ki, bu bar\u0259d\u0259 report-a Az\u0259rbaycan Respublikas\u0131n\u0131n Prezidenti yan\u0131nda V\u0259t\u0259nda\u015flara Xidm\u0259t v\u0259 Sosial \u0130nnovasiyalar \u00fczr\u0259 D\u00f6vl\u0259t Agentliyinin \u0130ctimaiyy\u0259tl\u0259 \u0259laq\u0259l\u0259r \u015f\u00f6b\u0259sind\u0259n m\u0259lumat verilib.<\/p>\n<div id=\"AdributorNativeVideo0\" class=\"AdributorNativeVideo\"><\/div>\n<p><ins><\/ins><\/p>\n<div id=\"beacon_124f387237\"><img loading=\"lazy\" src=\"https:\/\/ads2.newmedia.az\/www\/delivery\/lg.php?bannerid=0&amp;campaignid=0&amp;zoneid=975&amp;loc=https%3A%2F%2Fbig.az%2F346949-asan_xidmet_ve_asan_kommunalda_sabah_qeyri-is_gunudur.html&amp;referer=https%3A%2F%2Fbig.az%2F&amp;cb=124f387237\" alt=\"\" width=\"0\" height=\"0\" \/><\/div>\n<p>Bildirilib ki, mart\u0131n 9-dan etibar\u0259n is\u0259 v\u0259t\u0259nda\u015flar m\u0259rk\u0259zl\u0259r\u0259 m\u00fcraci\u0259t etm\u0259kl\u0259 m\u00fcvafiq xidm\u0259tl\u0259rd\u0259n yararlana bil\u0259rl\u0259r. Haz\u0131rda 15 \u201cASAN xidm\u0259t\u201d m\u0259rk\u0259zi f\u0259aliyy\u0259t g\u00f6st\u0259rir. Onlardan 5-i paytaxtda olmaqla, dig\u0259rl\u0259ri Sumqay\u0131t, G\u0259nc\u0259, Sabirabad, B\u0259rd\u0259, Q\u0259b\u0259l\u0259, Masall\u0131, Quba, Ming\u0259\u00e7evir, \u0130mi\u015fli v\u0259 \u015e\u0259kid\u0259dir.<\/p>\n<p>M\u0259lumatda xat\u0131rlad\u0131l\u0131b ki, Bak\u0131 \u015f\u0259h\u0259rind\u0259 \u0259haliy\u0259 kommunal sah\u0259d\u0259 xidm\u0259tl\u0259r g\u00f6st\u0259r\u0259n 2 \u201cASAN Kommunal\u201d m\u0259rk\u0259zi f\u0259aliyy\u0259td\u0259dir.<\/p>\n<p>&nbsp;<\/p>\n","protected":false},"excerpt":{"rendered":"<p>Mart\u0131n 8-d\u0259 Beyn\u0259lxalq Qad\u0131nlar G\u00fcn\u00fc il\u0259 \u0259laq\u0259dar \u201cASAN xidm\u0259t\u201d v\u0259 \u201cASAN Kommunal\u201d m\u0259rk\u0259zl\u0259rind\u0259 qeyri &#8211; i\u015f g\u00fcn\u00fc olacaq. ARANTV.AZ\u00a0 x\u0259b\u0259r verir ki, bu bar\u0259d\u0259 report-a Az\u0259rbaycan Respublikas\u0131n\u0131n Prezidenti yan\u0131nda V\u0259t\u0259nda\u015flara Xidm\u0259t v\u0259 Sosial \u0130nnovasiyalar \u00fczr\u0259 D\u00f6vl\u0259t Agentliyinin \u0130ctimaiyy\u0259tl\u0259 \u0259laq\u0259l\u0259r \u015f\u00f6b\u0259sind\u0259n m\u0259lumat verilib. Bildirilib ki, mart\u0131n 9-dan etibar\u0259n is\u0259 v\u0259t\u0259nda\u015flar m\u0259rk\u0259zl\u0259r\u0259 m\u00fcraci\u0259t etm\u0259kl\u0259 m\u00fcvafiq xidm\u0259tl\u0259rd\u0259n yararlana bil\u0259rl\u0259r. Haz\u0131rda 15 \u201cASAN xidm\u0259t\u201d m\u0259rk\u0259zi f\u0259aliyy\u0259t g\u00f6st\u0259rir. Onlardan 5-i paytaxtda olmaqla, dig\u0259rl\u0259ri Sumqay\u0131t, G\u0259nc\u0259, Sabirabad, B\u0259rd\u0259, Q\u0259b\u0259l\u0259, Masall\u0131, Quba, Ming\u0259\u00e7evir, \u0130mi\u015fli v\u0259 \u015e\u0259kid\u0259dir. M\u0259lumatda xat\u0131rlad\u0131l\u0131b ki, Bak\u0131 \u015f\u0259h\u0259rind\u0259 \u0259haliy\u0259 kommunal sah\u0259d\u0259 xidm\u0259tl\u0259r g\u00f6st\u0259r\u0259n 2&hellip;<\/p>\n","protected":false},"author":2,"featured_media":43513,"comment_status":"closed","ping_status":"closed","sticky":false,"template":"","format":"standard","meta":{"om_disable_all_campaigns":false,"_monsterinsights_skip_tracking":false,"_monsterinsights_sitenote_active":false,"_monsterinsights_sitenote_note":"","_monsterinsights_sitenote_category":0},"categories":[1],"tags":[],"aioseo_notices":[],"gutentor_comment":0,"rttpg_featured_image_url":{"full":["https:\/\/arantv.az\/wp-content\/uploads\/2019\/03\/Clipboard01_31551942552.jpg",620,381,false],"landscape":["https:\/\/arantv.az\/wp-content\/uploads\/2019\/03\/Clipboard01_31551942552.jpg",620,381,false],"portraits":["https:\/\/arantv.az\/wp-content\/uploads\/2019\/03\/Clipboard01_31551942552.jpg",620,381,false],"thumbnail":["https:\/\/arantv.az\/wp-content\/uploads\/2019\/03\/Clipboard01_31551942552-150x150.jpg",150,150,true],"medium":["https:\/\/arantv.az\/wp-content\/uploads\/2019\/03\/Clipboard01_31551942552-300x184.jpg",300,184,true],"large":["https:\/\/arantv.az\/wp-content\/uploads\/2019\/03\/Clipboard01_31551942552.jpg",620,381,false],"1536x1536":["https:\/\/arantv.az\/wp-content\/uploads\/2019\/03\/Clipboard01_31551942552.jpg",620,381,false],"2048x2048":["https:\/\/arantv.az\/wp-content\/uploads\/2019\/03\/Clipboard01_31551942552.jpg",620,381,false],"post-thumbnail":["https:\/\/arantv.az\/wp-content\/uploads\/2019\/03\/Clipboard01_31551942552-240x172.jpg",240,172,true],"advps-thumb-one":["https:\/\/arantv.az\/wp-content\/uploads\/2019\/03\/Clipboard01_31551942552.jpg",620,381,false]},"rttpg_author":{"display_name":"V\u00fcsal Rafiqo\u011flu","author_link":"https:\/\/arantv.az\/?author=2"},"rttpg_comment":0,"rttpg_category":"<a href=\"https:\/\/arantv.az\/?cat=1\" rel=\"category\">C\u0259miyy\u0259t<\/a>","rttpg_excerpt":"Mart\u0131n 8-d\u0259 Beyn\u0259lxalq Qad\u0131nlar G\u00fcn\u00fc il\u0259 \u0259laq\u0259dar \u201cASAN xidm\u0259t\u201d v\u0259 \u201cASAN Kommunal\u201d m\u0259rk\u0259zl\u0259rind\u0259 qeyri &#8211; i\u015f g\u00fcn\u00fc olacaq. ARANTV.AZ\u00a0 x\u0259b\u0259r verir ki, bu bar\u0259d\u0259 report-a Az\u0259rbaycan Respublikas\u0131n\u0131n Prezidenti yan\u0131nda V\u0259t\u0259nda\u015flara Xidm\u0259t v\u0259 Sosial \u0130nnovasiyalar \u00fczr\u0259 D\u00f6vl\u0259t Agentliyinin \u0130ctimaiyy\u0259tl\u0259 \u0259laq\u0259l\u0259r \u015f\u00f6b\u0259sind\u0259n m\u0259lumat verilib. Bildirilib ki, mart\u0131n 9-dan etibar\u0259n is\u0259 v\u0259t\u0259nda\u015flar m\u0259rk\u0259zl\u0259r\u0259 m\u00fcraci\u0259t etm\u0259kl\u0259 m\u00fcvafiq xidm\u0259tl\u0259rd\u0259n yararlana&hellip;","_links":{"self":[{"href":"https:\/\/arantv.az\/index.php?rest_route=\/wp\/v2\/posts\/43512"}],"collection":[{"href":"https:\/\/arantv.az\/index.php?rest_route=\/wp\/v2\/posts"}],"about":[{"href":"https:\/\/arantv.az\/index.php?rest_route=\/wp\/v2\/types\/post"}],"author":[{"embeddable":true,"href":"https:\/\/arantv.az\/index.php?rest_route=\/wp\/v2\/users\/2"}],"replies":[{"embeddable":true,"href":"https:\/\/arantv.az\/index.php?rest_route=%2Fwp%2Fv2%2Fcomments&post=43512"}],"version-history":[{"count":0,"href":"https:\/\/arantv.az\/index.php?rest_route=\/wp\/v2\/posts\/43512\/revisions"}],"wp:featuredmedia":[{"embeddable":true,"href":"https:\/\/arantv.az\/index.php?rest_route=\/wp\/v2\/media\/43513"}],"wp:attachment":[{"href":"https:\/\/arantv.az\/index.php?rest_route=%2Fwp%2Fv2%2Fmedia&parent=43512"}],"wp:term":[{"taxonomy":"category","embeddable":true,"href":"https:\/\/arantv.az\/index.php?rest_route=%2Fwp%2Fv2%2Fcategories&post=43512"},{"taxonomy":"post_tag","embeddable":true,"href":"https:\/\/arantv.az\/index.php?rest_route=%2Fwp%2Fv2%2Ftags&post=43512"}],"curies":[{"name":"wp","href":"https:\/\/api.w.org\/{rel}","templated":true}]}}