{"id":435123,"date":"2022-02-05T08:01:04","date_gmt":"2022-02-05T05:01:04","guid":{"rendered":"http:\/\/arantv.az\/?p=435123"},"modified":"2022-02-05T08:01:04","modified_gmt":"2022-02-05T05:01:04","slug":"az%c9%99rbaycan-g%c9%99ncl%c9%99ri-v%c9%99t%c9%99np%c9%99rv%c9%99r-v%c9%99-milli-ruhdadir","status":"publish","type":"post","link":"https:\/\/arantv.az\/?p=435123","title":{"rendered":"Az\u0259rbaycan g\u0259ncl\u0259ri v\u0259t\u0259np\u0259rv\u0259r v\u0259 milli ruhdad\u0131r"},"content":{"rendered":"<p>\u00d6lk\u0259mizd\u0259 g\u0259ncl\u0259rl\u0259 i\u015f sah\u0259sind\u0259 at\u0131lan add\u0131mlardan \u0259n \u00f6n\u0259mlisi 1997-ci il fevral\u0131n ikisind\u0259 ulu \u00f6nd\u0259r Heyd\u0259r \u018fliyevin imzalad\u0131\u011f\u0131 m\u00fcvafiq F\u0259rmanla Az\u0259rbaycan G\u0259ncl\u0259r g\u00fcn\u00fcn\u00fc t\u0259sis olunmas\u0131 oldu. M\u00fcst\u0259qilliyini yenic\u0259 qazanm\u0131\u015f Az\u0259rbaycan\u0131n bu t\u0259\u015f\u0259bb\u00fcs\u00fc d\u00fcnyan\u0131n \u0259ks\u0259r \u00f6lk\u0259l\u0259r t\u0259r\u0259find\u0259n d\u0259st\u0259k ald\u0131. Bundan iki il sonra is\u0259 BMT Beyn\u0259lxalq g\u0259ncl\u0259r g\u00fcn\u00fcn\u00fc elan etdi. Bu il g\u0259ncl\u0259r g\u00fcn\u00fcn\u00fcn 25 illiyi m\u00fcnasib\u0259ti il\u0259 \u00f6lk\u0259mizin h\u0259r bir gu\u015f\u0259sind\u0259 x\u00fcsusi olaraq t\u0259nt\u0259n\u0259li \u015f\u0259kild\u0259 qeyd olunur. 2 fevral 2022-ci il tarixind\u0259 ke\u00e7iril\u0259n Az\u0259rbaycan G\u0259ncl\u0259ri G\u00fcn\u00fcn\u00fcn 25 illiyin\u0259 h\u0259sr olunmu\u015f G\u0259ncl\u0259r Forumunda i\u015ftirak ed\u0259nl\u0259r paytaxt Bak\u0131 il\u0259 yana\u015f\u0131 regionlar\u0131n da t\u0259msil\u00e7il\u0259ri olan g\u0259ncl\u0259r idi. Forumda \u00e7\u0131x\u0131\u015f ed\u0259n Prezident c\u0259nab \u0130lham \u018fliyev \u00f6t\u0259n d\u00f6vr\u00fcn m\u0259nz\u0259r\u0259sini tarixi faktlara g\u0259ncl\u0259rin diqq\u0259tin\u0259 \u00e7atd\u0131raraq qeyd etdi ki, m\u00fcst\u0259qilliyini yeni qazanan Az\u0259rbaycanda m\u00fcharib\u0259nin ba\u015f verm\u0259si kimi \u00e7ox b\u00f6y\u00fck ciddi probleml\u0259rin m\u00f6vcud olmas\u0131na baxmayaraq Ulu \u00d6nd\u0259r Heyd\u0259r \u018fliyev g\u0259ncl\u0259ri d\u0259 unutmad\u0131, onlar \u00fc\u00e7\u00fcn \u0259lam\u0259tdar tarixi t\u0259sis etdi. \u00dcmummilli lider Heyd\u0259r \u018fliyev g\u0259ncl\u0259r siyas\u0259tinin u\u011furla h\u0259yata ke\u00e7irilm\u0259si m\u0259qs\u0259di il\u0259 bu sah\u0259nin z\u0259ruri qanunvericilik bazas\u0131n\u0131n formala\u015fd\u0131r\u0131lmas\u0131n\u0131 t\u0259min etdi. G\u0259ncl\u0259rin sosial, iqtisadi v\u0259 s. probleml\u0259rinin h\u0259llin\u0259 y\u00f6n\u0259ldil\u0259n, onlar\u0131n \u00f6z qabiliyy\u0259tl\u0259rinin inki\u015faf etdirm\u0259l\u0259rin\u0259 k\u00f6m\u0259k ed\u0259n f\u0259rman v\u0259 s\u0259r\u0259ncamlar, d\u00f6vl\u0259t proqramlar\u0131 bu q\u0259bild\u0259ndir.\u00a0 Prezident \u0130lham \u018fliyev Ulu \u00d6nd\u0259rin g\u0259ncl\u0259r siyas\u0259tin\u0259 sadiqliyini \u00f6z q\u0259rarlar\u0131 il\u0259 t\u0259sdiq edir. G\u0259ncl\u0259rin m\u0259n\u0259vi inki\u015faf\u0131, v\u0259t\u0259np\u0259rv\u0259rlik t\u0259rbiy\u0259si, xarici \u00f6lk\u0259l\u0259rd\u0259 t\u0259hsili, sosial m\u00fcdafi\u0259y\u0259 ehtiyac\u0131 olanlar\u0131n probleml\u0259rinin h\u0259lli istiqam\u0259tind\u0259 g\u00f6r\u00fcl\u0259n i\u015fl\u0259r, g\u0259ncl\u0259r t\u0259\u015fkilatlar\u0131n\u0131n formala\u015fmas\u0131 v\u0259 inki\u015faf\u0131 \u00fc\u00e7\u00fcn yarad\u0131lan \u015f\u0259rait v\u0259 imkan bu sah\u0259y\u0259 b\u00f6y\u00fck diqq\u0259tin n\u0259tic\u0259sidir. G\u0259ncl\u0259rl\u0259 ba\u011fl\u0131 i\u015f Az\u0259rbaycanda d\u00f6vl\u0259t siyas\u0259tin\u0259 \u00e7evrilib, g\u0259cl\u0259rin inki\u015faf\u0131, d\u00fcnyaya inteqrasiyas\u0131 \u00fc\u00e7\u00fcn h\u0259r c\u00fcr \u015f\u0259rait yarad\u0131l\u0131b.<\/p>\n<p>Forumda g\u0259ncl\u0259r c\u0259nab Prezident\u0259 \u00fcnvanland\u0131\u011f\u0131 suallarla yaln\u0131z g\u0259ncl\u0259r \u00fc\u00e7\u00fcn deyil \u00fcmumilikd\u0259 b\u00fct\u00fcn sosial qruplar, kateqoriyalar \u00fc\u00e7\u00fcn maraql\u0131 olan m\u00f6vzulara toxundu. Fikir vers\u0259k g\u00f6r\u0259rik ki, s\u0259sl\u0259n\u0259n suallar\u0131n bir \u00e7oxu da m\u0259hz V\u0259t\u0259n m\u00fcharib\u0259si il\u0259, Qaraba\u011fla, i\u015f\u011faldan azad olunmu\u015f torpaqlarla ba\u011fl\u0131 idi. Bu da t\u0259sad\u00fcfi deyildir. \u00c7\u00fcnki ill\u0259rdir h\u0259r birimizin q\u0259lbi Qaraba\u011f s\u0259mas\u0131nda yenid\u0259n Az\u0259rbaycan bayra\u011f\u0131n\u0131n dal\u011falanmas\u0131, yenid\u0259n o torpaqlara: el-obam\u0131za qay\u0131tmaq sevdas\u0131 il\u0259 ya\u015fay\u0131rd\u0131. Bu sevdan\u0131 ya\u015fadan da d\u00f6vl\u0259timizin g\u0259ncl\u0259r siyas\u0259ti v\u0259 bu siyas\u0259tin ilk prioriteti: v\u0259t\u0259np\u0259rv\u0259rlik idi. C\u0259nab Prezidentin m\u00fc\u0259yy\u0259nl\u0259\u015fdirdiyi siyas\u0259t \u00e7\u0259r\u00e7iv\u0259sind\u0259 v\u0259t\u0259np\u0259rv\u0259rlik daima b\u00fct\u00fcn t\u0259dbirl\u0259rd\u0259, proqramlarda \u0259n vacib, \u0259n \u00f6nd\u0259 ged\u0259n prioritet olaraq g\u00f6t\u00fcr\u00fclm\u00fc\u015fd\u00fc.\u00a0 B\u00fct\u00fcn bunlar g\u00f6st\u0259rir ki, Az\u0259rbaycanda g\u0259nclik h\u0259r\u0259kat\u0131 s\u00f6z\u00fcn \u0259sil m\u0259nas\u0131nda \u00f6z\u00fcn\u00fcn q\u0131z\u0131l d\u00f6vr\u00fcn\u00fc ya\u015fay\u0131r. \u00d6lk\u0259mizd\u0259 h\u0259yata ke\u00e7iril\u0259n g\u0259ncl\u0259r siyas\u0259ti \u00f6z b\u0259hr\u0259l\u0259rini verm\u0259kd\u0259dir. V\u0259t\u0259np\u0259rv\u0259rlik ruhu il\u0259 b\u00f6y\u00fcy\u0259n g\u0259nc n\u0259sil 44 g\u00fcnl\u00fck V\u0259t\u0259n m\u00fcharib\u0259sind\u0259ki z\u0259f\u0259r yolumuzda ba\u015fl\u0131ca rol oynad\u0131. V\u0259zif\u0259sind\u0259n, sosial statusundan, milli-etnik v\u0259 dini m\u0259nsubiyy\u0259tind\u0259n as\u0131l\u0131 olmayaraq b\u00f6y\u00fckd\u0259n ki\u00e7iy\u0259 q\u0259d\u0259r h\u0259r bir v\u0259t\u0259nda\u015f Prezident \u0130lham \u018fliyevin \u0259traf\u0131nda s\u0259f\u0259rb\u0259r olaraq milli h\u0259mr\u0259yliy n\u00fcmayi\u015f etdirdi. Bununla bel\u0259 m\u00fcharib\u0259nin \u0259sas a\u011f\u0131rl\u0131\u011f\u0131 is\u0259 \u0259ld\u0259 silah d\u00fc\u015fm\u0259ni torpaqlar\u0131m\u0131zdan qovan Az\u0259rbaycan \u0259sg\u0259rinin-Az\u0259rbaycan g\u0259ncinin \u00fcz\u0259rin\u0259 d\u00fc\u015fd\u00fc. Tarixi \u0259dal\u0259tin b\u0259rpas\u0131 zaman\u0131 d\u00fcnya Az\u0259rbaycan g\u0259ncliyinin, g\u0259ncl\u0259rinin g\u00fcc\u00fcn\u00fc, birliyini, milli-m\u0259n\u0259vi d\u0259y\u0259rl\u0259r\u0259 sahibliyini g\u00f6rd\u00fc. \u00c7\u0131x\u0131\u015f\u0131 zaman\u0131 c\u0259nab Prezidentin d\u0259 qeyd etdiyi kimi, Az\u0259rbaycan g\u0259ncliyi \u00f6z m\u0259rdliyini, \u015f\u00fcca\u0259tini, q\u0259hr\u0259manl\u0131\u011f\u0131n\u0131 m\u0259hz 44 g\u00fcnl\u00fck V\u0259t\u0259n m\u00fcharib\u0259sind\u0259 b\u00fct\u00fcn d\u00fcnyaya g\u00f6st\u0259rmi\u015f oldu. \u018flb\u0259tt\u0259, d\u00f6y\u00fc\u015f meydan\u0131nda vuru\u015fan \u0259sg\u0259r v\u0259 zabitl\u0259rimiz son ill\u0259rd\u0259 yeti\u015f\u0259n g\u0259ncl\u0259rdir. Hans\u0131 ki, onlar\u0131n \u0259ks\u0259riyy\u0259ti d\u00fcnyaya g\u0259l\u0259rk\u0259n torpaqlar\u0131m\u0131z i\u015f\u011fala m\u0259ruz qalm\u0131\u015fd\u0131. H\u0259min g\u0259ncl\u0259r Prezident \u0130lham \u018fliyevin r\u0259hb\u0259rliyi alt\u0131nda formala\u015fm\u0131\u015f g\u0259ncl\u0259rdir ki, d\u00fcnyaya n\u00fcmun\u0259 olacaq v\u0259t\u0259np\u0259rv\u0259rlik ruhunda yeti\u015fibl\u0259r. M\u00fcz\u0259ff\u0259r Ali Ba\u015f Komandan\u0131n q\u0259tiyy\u0259ti v\u0259 uzaqg\u00f6r\u0259n r\u0259hb\u0259rliyi, r\u0259\u015fad\u0259tli Az\u0259rbaycan Ordusunun pe\u015f\u0259karl\u0131\u011f\u0131 v\u0259 q\u0259l\u0259b\u0259 \u0259zmi say\u0259sind\u0259 torpaqlar\u0131m\u0131z d\u00fc\u015fm\u0259n i\u015f\u011fal\u0131ndan azad edilib. V\u0259 indi h\u0259r bir az\u0259rbaycanl\u0131n\u0131n, Az\u0259rbaycan g\u0259ncliyinin qar\u015f\u0131s\u0131nda h\u0259m d\u0259 erm\u0259ni barbarl\u0131\u011f\u0131n\u0131n, vandall\u0131\u011f\u0131n\u0131n qurban\u0131 olmu\u015f yurd-yuvam\u0131z\u0131n, Qaraba\u011f\u0131n b\u0259rpas\u0131, abadla\u015fd\u0131r\u0131lmas\u0131, dir\u00e7\u0259li\u015fi missiyas\u0131 durur.\u00a030 illik Qaraba\u011f h\u0259sr\u0259tind\u0259n sonra buran\u0131n dir\u00e7\u0259ldilm\u0259sind\u0259 ki\u00e7ik bir pay\u0131m\u0131z\u0131n olmas\u0131 indi h\u0259r birimizin arzusudur.<\/p>\n<p><img src=\"https:\/\/ikisahil.az\/upload\/\/2022\/02\/04\/\/-5a570102164398831838614775210982517.jpg\" alt=\"\" \/><\/p>\n<p><strong>Xumar\u0259 Familli,<\/strong><br \/>\n<em>Pirallah\u0131 Rayon \u0130cra Hakimiyy\u0259ti ba\u015f\u00e7\u0131s\u0131 Aparat\u0131n\u0131n \u0259m\u0259kda\u015f\u0131<\/em><\/p>\n","protected":false},"excerpt":{"rendered":"<p>\u00d6lk\u0259mizd\u0259 g\u0259ncl\u0259rl\u0259 i\u015f sah\u0259sind\u0259 at\u0131lan add\u0131mlardan \u0259n \u00f6n\u0259mlisi 1997-ci il fevral\u0131n ikisind\u0259 ulu \u00f6nd\u0259r Heyd\u0259r \u018fliyevin imzalad\u0131\u011f\u0131 m\u00fcvafiq F\u0259rmanla Az\u0259rbaycan G\u0259ncl\u0259r g\u00fcn\u00fcn\u00fc t\u0259sis olunmas\u0131 oldu. M\u00fcst\u0259qilliyini yenic\u0259 qazanm\u0131\u015f Az\u0259rbaycan\u0131n bu t\u0259\u015f\u0259bb\u00fcs\u00fc d\u00fcnyan\u0131n \u0259ks\u0259r \u00f6lk\u0259l\u0259r t\u0259r\u0259find\u0259n d\u0259st\u0259k ald\u0131. Bundan iki il sonra is\u0259 BMT Beyn\u0259lxalq g\u0259ncl\u0259r g\u00fcn\u00fcn\u00fc elan etdi. Bu il g\u0259ncl\u0259r g\u00fcn\u00fcn\u00fcn 25 illiyi m\u00fcnasib\u0259ti il\u0259 \u00f6lk\u0259mizin h\u0259r bir gu\u015f\u0259sind\u0259 x\u00fcsusi olaraq t\u0259nt\u0259n\u0259li \u015f\u0259kild\u0259 qeyd olunur. 2 fevral 2022-ci il tarixind\u0259 ke\u00e7iril\u0259n Az\u0259rbaycan G\u0259ncl\u0259ri G\u00fcn\u00fcn\u00fcn 25 illiyin\u0259 h\u0259sr olunmu\u015f G\u0259ncl\u0259r Forumunda i\u015ftirak ed\u0259nl\u0259r paytaxt Bak\u0131 il\u0259 yana\u015f\u0131 regionlar\u0131n da t\u0259msil\u00e7il\u0259ri&hellip;<\/p>\n","protected":false},"author":2,"featured_media":435124,"comment_status":"closed","ping_status":"closed","sticky":false,"template":"","format":"standard","meta":{"om_disable_all_campaigns":false,"_monsterinsights_skip_tracking":false,"_monsterinsights_sitenote_active":false,"_monsterinsights_sitenote_note":"","_monsterinsights_sitenote_category":0},"categories":[1],"tags":[],"aioseo_notices":[],"gutentor_comment":0,"rttpg_featured_image_url":{"full":["https:\/\/arantv.az\/wp-content\/uploads\/2022\/02\/334467d4161224356088046644410088914-1.jpg",975,540,false],"landscape":["https:\/\/arantv.az\/wp-content\/uploads\/2022\/02\/334467d4161224356088046644410088914-1.jpg",975,540,false],"portraits":["https:\/\/arantv.az\/wp-content\/uploads\/2022\/02\/334467d4161224356088046644410088914-1.jpg",975,540,false],"thumbnail":["https:\/\/arantv.az\/wp-content\/uploads\/2022\/02\/334467d4161224356088046644410088914-1-500x280.jpg",500,280,true],"medium":["https:\/\/arantv.az\/wp-content\/uploads\/2022\/02\/334467d4161224356088046644410088914-1-660x365.jpg",660,365,true],"large":["https:\/\/arantv.az\/wp-content\/uploads\/2022\/02\/334467d4161224356088046644410088914-1-840x465.jpg",640,354,true],"1536x1536":["https:\/\/arantv.az\/wp-content\/uploads\/2022\/02\/334467d4161224356088046644410088914-1.jpg",975,540,false],"2048x2048":["https:\/\/arantv.az\/wp-content\/uploads\/2022\/02\/334467d4161224356088046644410088914-1.jpg",975,540,false],"post-thumbnail":["https:\/\/arantv.az\/wp-content\/uploads\/2022\/02\/334467d4161224356088046644410088914-1-240x172.jpg",240,172,true],"advps-thumb-one":["https:\/\/arantv.az\/wp-content\/uploads\/2022\/02\/334467d4161224356088046644410088914-1.jpg",975,540,false]},"rttpg_author":{"display_name":"V\u00fcsal Rafiqo\u011flu","author_link":"https:\/\/arantv.az\/?author=2"},"rttpg_comment":0,"rttpg_category":"<a href=\"https:\/\/arantv.az\/?cat=1\" rel=\"category\">C\u0259miyy\u0259t<\/a>","rttpg_excerpt":"\u00d6lk\u0259mizd\u0259 g\u0259ncl\u0259rl\u0259 i\u015f sah\u0259sind\u0259 at\u0131lan add\u0131mlardan \u0259n \u00f6n\u0259mlisi 1997-ci il fevral\u0131n ikisind\u0259 ulu \u00f6nd\u0259r Heyd\u0259r \u018fliyevin imzalad\u0131\u011f\u0131 m\u00fcvafiq F\u0259rmanla Az\u0259rbaycan G\u0259ncl\u0259r g\u00fcn\u00fcn\u00fc t\u0259sis olunmas\u0131 oldu. M\u00fcst\u0259qilliyini yenic\u0259 qazanm\u0131\u015f Az\u0259rbaycan\u0131n bu t\u0259\u015f\u0259bb\u00fcs\u00fc d\u00fcnyan\u0131n \u0259ks\u0259r \u00f6lk\u0259l\u0259r t\u0259r\u0259find\u0259n d\u0259st\u0259k ald\u0131. Bundan iki il sonra is\u0259 BMT Beyn\u0259lxalq g\u0259ncl\u0259r g\u00fcn\u00fcn\u00fc elan etdi. Bu il g\u0259ncl\u0259r g\u00fcn\u00fcn\u00fcn 25 illiyi m\u00fcnasib\u0259ti&hellip;","_links":{"self":[{"href":"https:\/\/arantv.az\/index.php?rest_route=\/wp\/v2\/posts\/435123"}],"collection":[{"href":"https:\/\/arantv.az\/index.php?rest_route=\/wp\/v2\/posts"}],"about":[{"href":"https:\/\/arantv.az\/index.php?rest_route=\/wp\/v2\/types\/post"}],"author":[{"embeddable":true,"href":"https:\/\/arantv.az\/index.php?rest_route=\/wp\/v2\/users\/2"}],"replies":[{"embeddable":true,"href":"https:\/\/arantv.az\/index.php?rest_route=%2Fwp%2Fv2%2Fcomments&post=435123"}],"version-history":[{"count":0,"href":"https:\/\/arantv.az\/index.php?rest_route=\/wp\/v2\/posts\/435123\/revisions"}],"wp:featuredmedia":[{"embeddable":true,"href":"https:\/\/arantv.az\/index.php?rest_route=\/wp\/v2\/media\/435124"}],"wp:attachment":[{"href":"https:\/\/arantv.az\/index.php?rest_route=%2Fwp%2Fv2%2Fmedia&parent=435123"}],"wp:term":[{"taxonomy":"category","embeddable":true,"href":"https:\/\/arantv.az\/index.php?rest_route=%2Fwp%2Fv2%2Fcategories&post=435123"},{"taxonomy":"post_tag","embeddable":true,"href":"https:\/\/arantv.az\/index.php?rest_route=%2Fwp%2Fv2%2Ftags&post=435123"}],"curies":[{"name":"wp","href":"https:\/\/api.w.org\/{rel}","templated":true}]}}