{"id":435127,"date":"2022-02-05T08:05:13","date_gmt":"2022-02-05T05:05:13","guid":{"rendered":"http:\/\/arantv.az\/?p=435127"},"modified":"2022-02-05T08:05:13","modified_gmt":"2022-02-05T05:05:13","slug":"baki-yen%c9%99-qalib-g%c9%99ldi","status":"publish","type":"post","link":"https:\/\/arantv.az\/?p=435127","title":{"rendered":"Bak\u0131 yen\u0259 qalib g\u0259ldi"},"content":{"rendered":"<blockquote><p><em><strong>Bu g\u00fcn Az\u0259rbaycan Prezidenti \u0130lham \u018fliyevin, Fransan\u0131n Avropa \u0130ttifaq\u0131na s\u0259drliyi qismind\u0259 Prezident Emmanuel Makronun, Avropa \u0130ttifaq\u0131 \u015euras\u0131n\u0131n Prezidenti \u015earl Mi\u015felin v\u0259 Erm\u0259nistan Ba\u015f naziri Nikol Pa\u015finyan\u0131n i\u015ftirak\u0131 il\u0259 videoformatda g\u00f6r\u00fc\u015f ke\u00e7irilib.<\/strong><\/em><\/p><\/blockquote>\n<p>G\u00f6r\u00fc\u015f zaman\u0131 \u0259vv\u0259lc\u0259 Prezident \u015earl Mi\u015felin t\u0259\u015f\u0259bb\u00fcs\u00fc il\u0259 Az\u0259rbaycan Prezidenti \u0130lham \u018fliyev v\u0259 Erm\u0259nistan\u0131n ba\u015f naziri Nikol Pa\u015finyan\u0131n i\u015ftirak\u0131 il\u0259 2021-ci il dekabr\u0131n 14-d\u0259 Br\u00fcsseld\u0259 ke\u00e7irilmi\u015f birg\u0259 g\u00f6r\u00fc\u015f\u00fcn \u0259h\u0259miyy\u0259ti vur\u011fulan\u0131b.<\/p>\n<p>Sonra Br\u00fcssel s\u00fclh g\u00fcnd\u0259liyinin davam\u0131 olaraq Erm\u0259nistan-Az\u0259rbaycan m\u00fcnasib\u0259tl\u0259rinin normalla\u015fd\u0131r\u0131lmas\u0131na dair \u0259trafl\u0131 m\u00fczakir\u0259l\u0259r ke\u00e7irilib. Bu x\u00fcsusda, t\u0259dbirin \u0259vv\u0259lc\u0259d\u0259n m\u00fc\u0259yy\u0259n edilmi\u015f g\u00fcnd\u0259liyin\u0259 uy\u011fun olaraq, iki \u00f6lk\u0259 aras\u0131nda m\u00fcnasib\u0259tl\u0259rin m\u00fcxt\u0259lif aspektl\u0259ri, o c\u00fcml\u0259d\u0259n humanitar m\u0259s\u0259l\u0259l\u0259r, etimad quruculu\u011fu, Az\u0259rbaycan\u0131n \u00fczl\u0259\u015fdiyi mina problemi, kommunikasiyalar\u0131n a\u00e7\u0131lmas\u0131, s\u0259rh\u0259dl\u0259rin delimitasiyas\u0131 v\u0259 demarkasiyas\u0131, s\u00fclh sazi\u015fi \u00fczr\u0259 dan\u0131\u015f\u0131qlar\u0131n ba\u015flanmas\u0131 kimi m\u0259s\u0259l\u0259l\u0259r\u0259 dair fikir m\u00fcbadil\u0259si apar\u0131l\u0131b.<\/p>\n<p>\u0130lham \u018fliyev m\u00fczakir\u0259 olunan m\u0259s\u0259l\u0259l\u0259r bar\u0259d\u0259 Az\u0259rbaycan\u0131n m\u00f6vqeyini bir daha vur\u011fulay\u0131b.<\/p>\n<p><img src=\"https:\/\/img.milli.az\/2022\/02\/04\/16439898335234629311_1000x669.jpg\" alt=\"\" \/><\/p>\n<p>M\u00fczakir\u0259l\u0259r zaman\u0131 \u0130lham \u018fliyev Birinci Qaraba\u011f m\u00fcharib\u0259si zaman\u0131 itkin d\u00fc\u015fm\u00fc\u015f \u015f\u0259xsl\u0259rin taleyinin, k\u00fctl\u0259vi m\u0259zarl\u0131qlar\u0131n yerinin m\u00fc\u0259yy\u0259nl\u0259\u015fdirilm\u0259si, i\u015f\u011faldan azad edilmi\u015f \u0259razil\u0259rin minalardan t\u0259mizl\u0259nm\u0259si sah\u0259sind\u0259 Az\u0259rbaycana beyn\u0259lxalq d\u0259st\u0259yin art\u0131r\u0131lmas\u0131, d\u0259mir yolu v\u0259 avtomobil yolu il\u0259 n\u0259qliyyat d\u0259hlizinin a\u00e7\u0131lmas\u0131 m\u0259s\u0259l\u0259sin\u0259 x\u00fcsusi olaraq diqq\u0259t verib.<\/p>\n<p>D\u00f6vl\u0259t ba\u015f\u00e7\u0131s\u0131 Birinci Qaraba\u011f m\u00fcharib\u0259si zaman\u0131 71-i u\u015faq, 267-si qad\u0131n v\u0259 326-s\u0131 ah\u0131l olmaqla \u00fcmumilikd\u0259 3890 Az\u0259rbaycan v\u0259t\u0259nda\u015f\u0131n\u0131n itkin d\u00fc\u015fm\u0259sini qabard\u0131b.<\/p>\n<p>\u0130lham \u018fliyev qeyd edib ki, V\u0259t\u0259n m\u00fcharib\u0259sinin ba\u015fa \u00e7atmas\u0131ndan b\u0259ri mina partlay\u0131\u015f\u0131 n\u0259tic\u0259sind\u0259 36 n\u0259f\u0259r Az\u0259rbaycan v\u0259t\u0259nda\u015f\u0131 h\u0259lak olub, 165 n\u0259f\u0259r is\u0259 yaralan\u0131b.<\/p>\n<p>G\u00f6r\u00fc\u015fd\u0259, h\u0259m\u00e7inin UNESCO-nun Az\u0259rbaycana v\u0259 Erm\u0259nistana missiyas\u0131 m\u0259s\u0259l\u0259si d\u0259 m\u00fczakir\u0259 olunub v\u0259 missiyan\u0131n h\u0259r iki \u00f6lk\u0259y\u0259 g\u00f6nd\u0259rilm\u0259sin\u0259 dair raz\u0131l\u0131q ifad\u0259 edilib.<\/p>\n<p><strong>UNESCO missiyas\u0131n\u0131n Az\u0259rbaycana g\u0259lm\u0259si il\u0259 ba\u011fl\u0131 q\u0131sa v\u0259 lakonik m\u0259lumat \u0259slind\u0259 \u00e7ox m\u0259qamlardan x\u0259b\u0259r verir. Daha do\u011frusu bu, Az\u0259rbaycan diplomatiyas\u0131n\u0131n qrossmeyster ustal\u0131\u011f\u0131dlr.<\/strong><\/p>\n<p>\u018fvv\u0259la, indiki Erm\u0259nistanda Az\u0259rbaycan\u0131n m\u0259d\u0259ni-tarixi irsinin m\u00f6vcudlu\u011funu UNESCO etiraf etm\u0259li oldu. Y\u0259ni Az\u0259rbaycan\u0131n q\u0259dim v\u0259 tarixi torpaqlar\u0131, haz\u0131rda Erm\u0259nistan \u0259razisi olan m\u0259kanlar UNESCO-nun djiqq\u0259tind\u0259 olacaq. Bu is\u0259 Z\u0259ng\u0259zur, G\u00f6y\u00e7\u0259, \u0130r\u0259vandak\u0131 tarixi irsimizin s\u00fcr\u0259kli monitorinqinin t\u0259l\u0259b olunmas\u0131na imkan verir. T\u0259bii, h\u0259min irs azd\u0131r, \u00e7\u00fcnki erm\u0259ni v\u0259h\u015fil\u0259ri onill\u0259r v\u0259 \u0259srl\u0259r boyu onu m\u0259hv etm\u0259y\u0259 \u00e7al\u0131\u015f\u0131blar. Lakin g\u00fcn\u00fcm\u00fcz\u0259 \u00e7atm\u0131\u015f irsi qoruma\u011fa \u00e7al\u0131\u015fmal\u0131y\u0131q.<\/p>\n<p>Bundan ba\u015fqa, UNESCO missiyas\u0131 Az\u0259rbaycan\u0131n t\u0259rkib hiss\u0259si olan Qaraba\u011fa \u00f6lk\u0259mizin dig\u0259r \u0259razil\u0259rind\u0259n ke\u00e7ib ged\u0259c\u0259k.<\/p>\n<p>Normal v\u0259 adi m\u0259s\u0259l\u0259dir. Amma erm\u0259nil\u0259r UNESCO ekspertl\u0259rinin Qaraba\u011fa Erm\u0259nistandan ke\u00e7\u0259r\u0259k, La\u00e7\u0131n d\u0259hlizi vasit\u0259sil\u0259 yollanmas\u0131na \u00e7al\u0131\u015f\u0131rd\u0131lar.<\/p>\n<p>Al\u0131nmad\u0131.<\/p>\n<p>G\u00f6r\u00fc\u015fd\u0259 \u0259ld\u0259 ekdilmi\u015f dig\u0259r m\u0259qamsa Birinci Qaraba\u011f M\u00fcharib\u0259si zaman\u0131 h\u0259lak olmu\u015f az\u0259rbaycanl\u0131lar\u0131n k\u00fctl\u0259vi m\u0259zarl\u0131qlar\u0131 m\u0259s\u0259l\u0259sidir. Erm\u0259nistan h\u0259min k\u00fctl\u0259vi m\u0259zarl\u0131qlar\u0131n koordinatlar\u0131n\u0131 Bak\u0131ya verm\u0259y\u0259, Avropa \u0130ttifaq\u0131 is\u0259 m\u0259zarl\u0131qlarlarda d\u0259fn edili\u015f \u015f\u0259xsl\u0259rin kimliyinin m\u00fc\u0259yy\u0259nl\u0259\u015fdirilm\u0259si \u00fc\u00e7\u00fcn DNT analizl\u0259rin apar\u0131lmas\u0131nda yard\u0131m g\u00f6st\u0259rm\u0259y\u0259 raz\u0131la\u015f\u0131b.<\/p>\n<p><strong>Birinci Qaraba\u011f M\u00fcharib\u0259sind\u0259 h\u0259lak olmu\u015f minl\u0259rl\u0259 soyda\u015f\u0131m\u0131z\u0131 bel\u0259c\u0259, layiq olduqlar\u0131 \u015f\u0259kild\u0259 yenid\u0259n d\u0259fn ed\u0259 bil\u0259c\u0259yik.<\/strong><\/p>\n<p><img src=\"https:\/\/img.milli.az\/2022\/02\/04\/4a8c1588-9c54-3754-84a9-2e9c6fee1b0e_850.jpg\" alt=\"\" \/><\/p>\n<p><strong>Bu g\u00fcn xarici i\u015fl\u0259r naziri Ceyhun Bayramov v\u0259 Avropa \u0130ttifaq\u0131n\u0131n (A\u0130) qon\u015fuluq v\u0259 geni\u015fl\u0259nm\u0259 \u00fczr\u0259 komissar\u0131 Oliver Varhelyi aras\u0131nda g\u00f6r\u00fc\u015f ba\u015f tutub. Apar\u0131lm\u0131\u015f dan\u0131\u015f\u0131qlar\u0131n sonucunda q\u0259rara al\u0131n\u0131b ki, A\u0130 2 milyard avroluq maliyy\u0259 paketi ay\u0131r\u0131r.<\/strong><\/p>\n<p>Bu, r\u0259smi Bak\u0131n\u0131n n\u00f6vb\u0259tit diplomatik q\u0259l\u0259b\u0259si say\u0131la bil\u0259r. \u00c7\u00fcnki A\u0130 ilkin olaraq Az\u0259rbaycana 140 milyon avro, Erm\u0259nistana is\u0259 2 milyard avro m\u0259bl\u0259\u011find\u0259 yard\u0131m paketi ay\u0131rmaq q\u0259rar\u0131na g\u0259lmi\u015fdi.<\/p>\n<p>\u00d6t\u0259n ilin dekabr\u0131n 15-d\u0259, Br\u00fcsseld\u0259 i\u015fg\u00fczar s\u0259f\u0259rd\u0259 olark\u0259n \u0130lham \u018fliyev \u0130taliyan\u0131n &#8220;\u0130l Sole 24 Ore&#8221; q\u0259zetin\u0259 m\u00fcsahib\u0259sind\u0259 h\u0259min q\u0259rarla ba\u011fl\u0131 bel\u0259 demi\u015fdi:<\/p>\n<p>&#8220;Avropa Komissiyas\u0131 t\u0259r\u0259find\u0259n Erm\u0259nistana t\u0259qdim edil\u0259c\u0259k paketin h\u0259cmi 2.6 milyard dollard\u0131r, Az\u0259rbaycana is\u0259 140 milyon. Y\u0259ni, f\u0259rq t\u0259qrib\u0259n 20 d\u0259f\u0259dir. Bu, \u0259dal\u0259tlidirmi? Xeyr. Bu, h\u0259r iki \u00f6lk\u0259nin real ehtiyaclar\u0131na m\u00fcvafiqdirmi? Xeyr. H\u0259tta azad olunmu\u015f \u0259razil\u0259rd\u0259 Erm\u0259nistan t\u0259r\u0259find\u0259n t\u00f6r\u0259dilmi\u015f d\u0259h\u015f\u0259tli da\u011f\u0131nt\u0131lar\u0131 k\u0259nara qoysaq bel\u0259, h\u0259r iki \u00f6lk\u0259nin \u0259halisinin say\u0131na n\u0259z\u0259r salsaq, g\u00f6r\u0259rik ki, f\u0259rq 5 d\u0259f\u0259d\u0259n \u00e7oxdur &#8211; Az\u0259rbaycan\u0131n \u0259halisi 10 milyon, Erm\u0259nistanda is\u0259 2 milyon. Bundan \u0259lav\u0259, i\u015f\u011fal ill\u0259ri \u0259rzind\u0259 Livan\u0131n sah\u0259sin\u0259 b\u0259rab\u0259r \u0259razil\u0259r tamamil\u0259 da\u011f\u0131d\u0131l\u0131b&#8221;.<\/p>\n<p><img src=\"https:\/\/img.milli.az\/2022\/02\/04\/9d1ok4vazp_003.jpg\" alt=\"\" \/><\/p>\n<p>Emmanuel Makron, \u015earl Mi\u015fel v\u0259 Nikol Pa\u015finyan\u0131n d\u0259 qat\u0131ld\u0131\u011f\u0131, onlayn formatda olan g\u00f6r\u00fc\u015f\u0259 g\u0259ldikd\u0259 is\u0259, sonuclara n\u0259z\u0259r salaq.<\/p>\n<p>\u018fvv\u0259la, q\u0259rarda AT\u018fT-in Minsk Qrupuna he\u00e7 bir istinad yoxdur. Moskva, So\u00e7i v\u0259 Br\u00fcsseld\u0259 ke\u00e7irilmi\u015f g\u00f6r\u00fc\u015fl\u0259rin mahiyy\u0259tin\u0259 uy\u011fun olaraq Minsk Qrupuna h\u0259r hans\u0131 formada istinad g\u00f6z\u0259 d\u0259ymir.<\/p>\n<p>Bundan ba\u015fqa, yekun s\u0259n\u0259dd\u0259 &#8220;Da\u011fl\u0131q Qaraba\u011f m\u00fcnaqi\u015f\u0259si&#8221; ifad\u0259si il\u0259 yana\u015f\u0131, &#8220;Qaraba\u011f&#8221; k\u0259lm\u0259si d\u0259 yoxdur. S\u0259b\u0259b b\u0259llidir: Qaraba\u011f \u0259razi-inzibati vahid kimi art\u0131q Az\u0259rbaycan\u0131n \u015e\u0259rqi Z\u0259ng\u0259zur b\u00f6lg\u0259sinin t\u0259rkibind\u0259dir.<\/p>\n<p>B\u0259hs etdiyimiz m\u0259qamlar Qaraba\u011f m\u00f6vzusunun tamamil\u0259 g\u00fcnd\u0259likd\u0259n \u00e7\u0131xmas\u0131n\u0131n daha bir misal\u0131 olmaqla yana\u015f\u0131, Minsk Qrupunda h\u0259ms\u0259dr \u00f6lk\u0259 v\u0259 Erm\u0259nistan\u0131n \u0259n b\u00f6y\u00fck himay\u0259darlar\u0131ndan biri Fransan\u0131n da reall\u0131qlar\u0131 q\u0259bul etdiyini g\u00f6st\u0259rir.<\/p>\n<p>Bununla bel\u0259, Emmanuel Makron videog\u00f6r\u00fc\u015f\u0259 Minsk Qrupunda h\u0259ms\u0259dr \u00f6lk\u0259nin yox, Avropa \u0130ttifaq\u0131nda s\u0259drliyi q\u0259bul etmi\u015f d\u00f6vl\u0259tin ba\u015f\u00e7\u0131s\u0131 qismind\u0259 qat\u0131lm\u0131\u015fd\u0131.<\/p>\n<p><img src=\"https:\/\/img.milli.az\/2022\/02\/04\/eu-azerbaijan_flag.jpg\" alt=\"\" \/><\/p>\n<p>\u00dcmumiyy\u0259tl\u0259, g\u00f6r\u00fc\u015f Br\u00fcsseld\u0259 t\u0259sdiql\u0259n\u0259n v\u0259 b\u00f6lg\u0259d\u0259 dayan\u0131ql\u0131 s\u00fclh\u00fcn b\u0259rq\u0259rar olmas\u0131na y\u00f6n\u0259lmi\u015f yol x\u0259rit\u0259si \u00e7\u0259r\u00e7iv\u0259sind\u0259 h\u0259r\u0259k\u0259tin davam etdiyini g\u00f6st\u0259rir. S\u00f6z\u00fcgd\u0259n yol x\u0259rit\u0259sinin \u0259sas\u0131n\u0131 is\u0259 Az\u0259rbaycanla Erm\u0259nistan aras\u0131nda m\u00fcnasib\u0259tl\u0259rin normalla\u015fmas\u0131, d\u00f6vl\u0259t s\u0259rh\u0259dinin demarkasiyas\u0131 v\u0259 delimitasiyas\u0131, Z\u0259ng\u0259zur d\u0259hlizinin i\u015f\u0259 sal\u0131nmas\u0131, itkin d\u00fc\u015fm\u00fc\u015f \u015f\u0259xsl\u0259rin talel\u0259rinin b\u0259lirl\u0259nm\u0259si, i\u015f\u011faldan azad edilmi\u015f \u0259razil\u0259rin minalardan t\u0259mizl\u0259nm\u0259sind\u0259 Az\u0259rbaycana g\u0259r\u0259kli yard\u0131mlar\u0131n edilm\u0259si v\u0259 beyn\u0259lxalq d\u0259st\u0259yin art\u0131r\u0131lmas\u0131, b\u00f6lg\u0259d\u0259 stabil durumun b\u0259rq\u0259rar edilm\u0259si, yekun s\u00fclh sazi\u015fi il\u0259 ba\u011fl\u0131 dan\u0131\u015f\u0131qlar\u0131n ba\u015flanmas\u0131, Birinci Qaraba\u011f m\u00fcharib\u0259si zaman\u0131 itkin d\u00fc\u015fm\u00fc\u015f \u015f\u0259xsl\u0259rin taleyinin, k\u00fctl\u0259vi m\u0259zarl\u0131qlar\u0131n yerinin m\u00fc\u0259yy\u0259nl\u0259\u015fdirilm\u0259si, d\u0259mir yolu v\u0259 avtomobil yolu il\u0259 n\u0259qliyyat d\u0259hlizinin a\u00e7\u0131lmas\u0131 t\u0259\u015fkil edir.<\/p>\n<p>Sadalanan m\u0259qamlarla yana\u015f\u0131, g\u0259l\u0259n il Avropa \u0130ttifaq\u0131 il\u0259 Az\u0259rbaycan aras\u0131nda h\u0259rt\u0259r\u0259fli, yeni sazi\u015fin imzalanmas\u0131 g\u00f6zl\u0259nilir.<\/p>\n<p>G\u00f6r\u00fcnd\u00fcy\u00fc kimi, Az\u0259rbaycan\u0131n \u0259n b\u00f6y\u00fck ticari-iqtisadi t\u0259r\u0259fda\u015f\u0131 olan Avropa \u0130ttifaq\u0131 Bak\u0131n\u0131n siyasi t\u0259r\u0259f-m\u00fcqabilin\u0259 \u00e7evrilm\u0259kd\u0259dir.<\/p>\n","protected":false},"excerpt":{"rendered":"<p>Bu g\u00fcn Az\u0259rbaycan Prezidenti \u0130lham \u018fliyevin, Fransan\u0131n Avropa \u0130ttifaq\u0131na s\u0259drliyi qismind\u0259 Prezident Emmanuel Makronun, Avropa \u0130ttifaq\u0131 \u015euras\u0131n\u0131n Prezidenti \u015earl Mi\u015felin v\u0259 Erm\u0259nistan Ba\u015f naziri Nikol Pa\u015finyan\u0131n i\u015ftirak\u0131 il\u0259 videoformatda g\u00f6r\u00fc\u015f ke\u00e7irilib. G\u00f6r\u00fc\u015f zaman\u0131 \u0259vv\u0259lc\u0259 Prezident \u015earl Mi\u015felin t\u0259\u015f\u0259bb\u00fcs\u00fc il\u0259 Az\u0259rbaycan Prezidenti \u0130lham \u018fliyev v\u0259 Erm\u0259nistan\u0131n ba\u015f naziri Nikol Pa\u015finyan\u0131n i\u015ftirak\u0131 il\u0259 2021-ci il dekabr\u0131n 14-d\u0259 Br\u00fcsseld\u0259 ke\u00e7irilmi\u015f birg\u0259 g\u00f6r\u00fc\u015f\u00fcn \u0259h\u0259miyy\u0259ti vur\u011fulan\u0131b. Sonra Br\u00fcssel s\u00fclh g\u00fcnd\u0259liyinin davam\u0131 olaraq Erm\u0259nistan-Az\u0259rbaycan m\u00fcnasib\u0259tl\u0259rinin normalla\u015fd\u0131r\u0131lmas\u0131na dair \u0259trafl\u0131 m\u00fczakir\u0259l\u0259r ke\u00e7irilib. Bu x\u00fcsusda, t\u0259dbirin \u0259vv\u0259lc\u0259d\u0259n m\u00fc\u0259yy\u0259n edilmi\u015f g\u00fcnd\u0259liyin\u0259 uy\u011fun olaraq, iki \u00f6lk\u0259 aras\u0131nda m\u00fcnasib\u0259tl\u0259rin m\u00fcxt\u0259lif aspektl\u0259ri, o&hellip;<\/p>\n","protected":false},"author":2,"featured_media":435128,"comment_status":"closed","ping_status":"closed","sticky":false,"template":"","format":"standard","meta":{"om_disable_all_campaigns":false,"_monsterinsights_skip_tracking":false,"_monsterinsights_sitenote_active":false,"_monsterinsights_sitenote_note":"","_monsterinsights_sitenote_category":0},"categories":[4],"tags":[],"aioseo_notices":[],"gutentor_comment":0,"rttpg_featured_image_url":{"full":["https:\/\/arantv.az\/wp-content\/uploads\/2022\/02\/37859660.jpg",750,499,false],"landscape":["https:\/\/arantv.az\/wp-content\/uploads\/2022\/02\/37859660.jpg",750,499,false],"portraits":["https:\/\/arantv.az\/wp-content\/uploads\/2022\/02\/37859660.jpg",750,499,false],"thumbnail":["https:\/\/arantv.az\/wp-content\/uploads\/2022\/02\/37859660-500x280.jpg",500,280,true],"medium":["https:\/\/arantv.az\/wp-content\/uploads\/2022\/02\/37859660-549x365.jpg",549,365,true],"large":["https:\/\/arantv.az\/wp-content\/uploads\/2022\/02\/37859660.jpg",640,426,false],"1536x1536":["https:\/\/arantv.az\/wp-content\/uploads\/2022\/02\/37859660.jpg",750,499,false],"2048x2048":["https:\/\/arantv.az\/wp-content\/uploads\/2022\/02\/37859660.jpg",750,499,false],"post-thumbnail":["https:\/\/arantv.az\/wp-content\/uploads\/2022\/02\/37859660-240x172.jpg",240,172,true],"advps-thumb-one":["https:\/\/arantv.az\/wp-content\/uploads\/2022\/02\/37859660.jpg",750,499,false]},"rttpg_author":{"display_name":"V\u00fcsal Rafiqo\u011flu","author_link":"https:\/\/arantv.az\/?author=2"},"rttpg_comment":0,"rttpg_category":"<a href=\"https:\/\/arantv.az\/?cat=4\" rel=\"category\">Siyas\u0259t<\/a>","rttpg_excerpt":"Bu g\u00fcn Az\u0259rbaycan Prezidenti \u0130lham \u018fliyevin, Fransan\u0131n Avropa \u0130ttifaq\u0131na s\u0259drliyi qismind\u0259 Prezident Emmanuel Makronun, Avropa \u0130ttifaq\u0131 \u015euras\u0131n\u0131n Prezidenti \u015earl Mi\u015felin v\u0259 Erm\u0259nistan Ba\u015f naziri Nikol Pa\u015finyan\u0131n i\u015ftirak\u0131 il\u0259 videoformatda g\u00f6r\u00fc\u015f ke\u00e7irilib. G\u00f6r\u00fc\u015f zaman\u0131 \u0259vv\u0259lc\u0259 Prezident \u015earl Mi\u015felin t\u0259\u015f\u0259bb\u00fcs\u00fc il\u0259 Az\u0259rbaycan Prezidenti \u0130lham \u018fliyev v\u0259 Erm\u0259nistan\u0131n ba\u015f naziri Nikol Pa\u015finyan\u0131n i\u015ftirak\u0131 il\u0259 2021-ci il dekabr\u0131n 14-d\u0259&hellip;","_links":{"self":[{"href":"https:\/\/arantv.az\/index.php?rest_route=\/wp\/v2\/posts\/435127"}],"collection":[{"href":"https:\/\/arantv.az\/index.php?rest_route=\/wp\/v2\/posts"}],"about":[{"href":"https:\/\/arantv.az\/index.php?rest_route=\/wp\/v2\/types\/post"}],"author":[{"embeddable":true,"href":"https:\/\/arantv.az\/index.php?rest_route=\/wp\/v2\/users\/2"}],"replies":[{"embeddable":true,"href":"https:\/\/arantv.az\/index.php?rest_route=%2Fwp%2Fv2%2Fcomments&post=435127"}],"version-history":[{"count":0,"href":"https:\/\/arantv.az\/index.php?rest_route=\/wp\/v2\/posts\/435127\/revisions"}],"wp:featuredmedia":[{"embeddable":true,"href":"https:\/\/arantv.az\/index.php?rest_route=\/wp\/v2\/media\/435128"}],"wp:attachment":[{"href":"https:\/\/arantv.az\/index.php?rest_route=%2Fwp%2Fv2%2Fmedia&parent=435127"}],"wp:term":[{"taxonomy":"category","embeddable":true,"href":"https:\/\/arantv.az\/index.php?rest_route=%2Fwp%2Fv2%2Fcategories&post=435127"},{"taxonomy":"post_tag","embeddable":true,"href":"https:\/\/arantv.az\/index.php?rest_route=%2Fwp%2Fv2%2Ftags&post=435127"}],"curies":[{"name":"wp","href":"https:\/\/api.w.org\/{rel}","templated":true}]}}