{"id":435134,"date":"2022-02-05T08:12:37","date_gmt":"2022-02-05T05:12:37","guid":{"rendered":"http:\/\/arantv.az\/?p=435134"},"modified":"2022-02-05T08:12:37","modified_gmt":"2022-02-05T05:12:37","slug":"bir-mill%c9%99t-iki-dovl%c9%99ti-%c9%99b%c9%99di-v%c9%99-sarsilmaz-ed%c9%99n-susa-b%c9%99yannam%c9%99si","status":"publish","type":"post","link":"https:\/\/arantv.az\/?p=435134","title":{"rendered":"\u201cBir mill\u0259t, iki d\u00f6vl\u0259t\u201di \u0259b\u0259di v\u0259 sars\u0131lmaz ed\u0259n \u015eu\u015fa B\u0259yannam\u0259si"},"content":{"rendered":"<p><strong>T\u00fcrkiy\u0259 v\u0259 Az\u0259rbaycan parlamentl\u0259rinin 15 iyun 2021-ci il tarixli s\u0259n\u0259di t\u0259sdiql\u0259m\u0259si ortaq \u0259m\u0259kda\u015fl\u0131q \u00fc\u00e7\u00fcn yeni \u00fcf\u00fcql\u0259r a\u00e7\u0131r<\/strong><\/p>\n<p><em>Az\u0259rbaycan Respublikas\u0131 Milli M\u0259clisinin q\u0259rar\u0131ndan sonra T\u00fcrkiy\u0259 B\u00f6y\u00fck Mill\u0259t M\u0259clisi (TBMM) d\u0259 \u015eu\u015fa B\u0259yannam\u0259sini ratifikasiya etdi. Qeyd ed\u0259k ki, fevral\u0131n 1-d\u0259, Milli M\u0259clis yaz sessiyas\u0131n\u0131n ilk iclas\u0131nda \u201cAz\u0259rbaycanla T\u00fcrkiy\u0259 aras\u0131nda m\u00fctt\u0259fiqlik m\u00fcnasib\u0259tl\u0259ri haqq\u0131nda \u015eu\u015fa B\u0259yannam\u0259sinin t\u0259sdiq edilm\u0259si bar\u0259d\u0259\u201d qanun layih\u0259sin\u0259 yekdillikl\u0259 s\u0259s verdikd\u0259n d\u0259rhal sonra qanun layih\u0259si T\u00fcrkiy\u0259 B\u00f6y\u00fck Mill\u0259t M\u0259clisinin ba\u015fqan\u0131 Mustafa \u015eentopun imzas\u0131 il\u0259 Xarici i\u015fl\u0259r komissiyas\u0131na t\u0259qdim olunmu\u015fdu.<\/em><\/p>\n<p><strong>AKP \u0130stanbul mill\u0259t v\u0259kili Akif \u00c7a\u011fatay K\u0131l\u0131\u00e7\u0131n ba\u015fqanl\u0131\u011f\u0131 il\u0259 ke\u00e7iril\u0259n toplant\u0131ya Xarici i\u015fl\u0259r nazirinin k\u00f6m\u0259k\u00e7isi Yavuz S\u0259lim K\u0131ran da qat\u0131lm\u0131\u015fd\u0131. Komissiyan\u0131n yekdil m\u00f6vqeyind\u0259n sonra is\u0259 \u201cAz\u0259rbaycanla T\u00fcrkiy\u0259 aras\u0131nda m\u00fctt\u0259fiqlik m\u00fcnasib\u0259tl\u0259ri haqq\u0131nda \u015eu\u015fa B\u0259yannam\u0259sinin t\u0259sdiq edilm\u0259si bar\u0259d\u0259\u201d qanun layih\u0259si parlament m\u00fczakir\u0259sin\u0259 t\u0259qdim olunub v\u0259 lehin\u0259 266 n\u0259f\u0259r olmaqla t\u0259sdiql\u0259nib.<\/strong><\/p>\n<p>Bel\u0259likl\u0259, h\u0259r iki \u00f6lk\u0259nin qanunverici orqanlar\u0131 2021-ci il iyunun 15-d\u0259 \u015eu\u015fa \u015f\u0259h\u0259rind\u0259 imzalanm\u0131\u015f \u015eu\u015fa B\u0259yannam\u0259sini t\u0259sdiql\u0259yibl\u0259r. Bununla da Az\u0259rbaycan-T\u00fcrkiy\u0259 birliyinin r\u0259smil\u0259\u015fdiyini s\u00f6yl\u0259m\u0259k olar.<\/p>\n<p><img src=\"https:\/\/1news.az\/images\/2022\/02\/03\/20220203021047980\/thumb.jpg?2022-02-03+14%3A11%3A12\" alt=\"\u015eu\u015fa B\u0259yannam\u0259si TBMM-d\u0259 t\u0259sdiql\u0259nm\u0259k \u00fc\u00e7\u00fcn m\u00fczakir\u0259y\u0259 \u00e7\u0131xar\u0131lacaq |  1news.az | X\u0259b\u0259rl\u0259r\" \/><\/p>\n<p>Bu arada, deputat Fazil Mustafa maraql\u0131 t\u0259klifl\u0259 \u00e7\u0131x\u0131\u015f edib. Musavat.com x\u0259b\u0259r verir ki,<strong>\u00a0\u201c\u015eu\u015fa B\u0259yannam\u0259sinin imzaland\u0131\u011f\u0131 15 iyun g\u00fcn\u00fcn\u00fc bu m\u00fctt\u0259fiqliyin \u015f\u0259r\u0259fin\u0259 h\u0259m Az\u0259rbaycanda, h\u0259m d\u0259 T\u00fcrkiy\u0259d\u0259 r\u0259smi bayram g\u00fcn\u00fc olaraq qutlama\u011f\u0131 t\u0259klif edir\u0259m\u201d,<\/strong>\u00a0&#8211; dey\u0259 Fazil Mustafa sosial \u015f\u0259b\u0259k\u0259d\u0259ki \u015f\u0259xsi s\u0259hif\u0259sind\u0259 qeyd edib. Mill\u0259t v\u0259kilinin bu t\u0259klifini \u00f6z\u00fcnd\u0259 \u0259ks etdir\u0259n yaz\u0131l\u0131 m\u0259tnin tam m\u0259zmunu bel\u0259dir: \u201cFevral\u0131n 1-d\u0259 Az\u0259rbaycan Milli M\u0259clisi \u015eu\u015fa b\u0259yannam\u0259sini qanunil\u0259\u015fdirmi\u015fdi. Fevral\u0131n 3-d\u0259 T\u00fcrkiy\u0259 B\u00f6y\u00fck Mill\u0259t M\u0259clisi d\u0259 \u015eu\u015fa B\u0259yannam\u0259sini q\u0259bul etdi. Art\u0131q r\u0259sm\u0259n m\u00fctt\u0259fiqik. T\u00fcrkiy\u0259y\u0259 h\u00fccum Az\u0259rbaycana, Az\u0259rbaycana h\u00fccum T\u00fcrkiy\u0259y\u0259 h\u00fccum dem\u0259kdir. Bu halda bir-birimizin yard\u0131m\u0131na qo\u015fmaq \u00fc\u00e7\u00fcn he\u00e7 bir h\u00fcquqi \u0259ng\u0259l qalmad\u0131. Bu, b\u00f6y\u00fck tarixi hadis\u0259dir. \u015eu\u015fa B\u0259yannam\u0259sinin imzaland\u0131\u011f\u0131 15 iyun g\u00fcn\u00fcn\u00fc bu m\u00fctt\u0259fiqliyin \u015f\u0259r\u0259fin\u0259 h\u0259m Az\u0259rbaycanda, h\u0259m d\u0259 T\u00fcrkiy\u0259d\u0259 r\u0259smi bayram g\u00fcn\u00fc olaraq qutlama\u011f\u0131 t\u0259klif edir\u0259m. Bizd\u0259 bu tarix Qurtulu\u015f g\u00fcn\u00fc kimi r\u0259smi bayram olaraq qeyd olunur. H\u0259m d\u0259 M\u00fctt\u0259fiqlik v\u0259 ya Qarda\u015fl\u0131q g\u00fcn\u00fc kimi d\u0259 qeyd ed\u0259 bil\u0259rik. M\u00fctt\u0259fiqliyimiz qarda\u015fl\u0131\u011f\u0131m\u0131z kimi \u0259b\u0259didir. Xeyirli olsun!\u2019\u2019<\/p>\n<p><img loading=\"lazy\" src=\"https:\/\/cdn.trend.az\/2021\/05\/03\/cahit_bagci_030521.jpg\" alt=\"Bu g\u00fcnk\u00fc T\u00fcrkiy\u0259 Az\u0259rbaycan m\u00fcnasib\u0259tl\u0259rin t\u0259m\u0259li Heyd\u0259r \u018fliyev t\u0259r\u0259find\u0259n  qoyulmu\u015fdur - Cahit Ba\u011fc\u0131\" width=\"744\" height=\"558\" \/><\/p>\n<p><strong>T\u00fcrkiy\u0259nin Az\u0259rbaycandak\u0131 s\u0259firi Cahit Ba\u011f\u00e7\u0131 Milli M\u0259clisd\u0259 v\u0259 T\u00fcrkiy\u0259 B\u00f6y\u00fck Mill\u0259t M\u0259clisind\u0259 Az\u0259rbaycanla T\u00fcrkiy\u0259 aras\u0131nda m\u00fctt\u0259fiqlik \u0259laq\u0259l\u0259rini n\u0259z\u0259rd\u0259 tutan \u015eu\u015fa B\u0259yannam\u0259sinin t\u0259sdiql\u0259nm\u0259sin\u0259 m\u00fcnasib\u0259t bildirib. \u201cReport\u201d x\u0259b\u0259r verir ki, o bu bar\u0259d\u0259 tviter s\u0259hif\u0259sind\u0259 yaz\u0131b. \u201cYa\u015fas\u0131n T\u00fcrkiy\u0259-Az\u0259rbaycan qarda\u015fl\u0131\u011f\u0131\u201d, &#8211; o bildirib. Yeni m\u00fcqavil\u0259y\u0259 \u0259sas\u0259n, T\u00fcrkiy\u0259 v\u0259 Az\u0259rbaycandan h\u0259r hans\u0131 birin\u0259 \u00fc\u00e7\u00fcnc\u00fc \u00f6lk\u0259 t\u0259r\u0259find\u0259n t\u0259hl\u00fck\u0259 olarsa, bu \u00f6lk\u0259l\u0259r bir-birini qorumaq \u00fc\u00e7\u00fcn birg\u0259 add\u0131mlar atacaqlar. C\u0259nab \u018frdo\u011fan is\u0259 T\u00fcrkiy\u0259nin \u015eu\u015fada Ba\u015f konsulluq a\u00e7aca\u011f\u0131n\u0131 b\u0259yan edib. \u00dcmumilikd\u0259 bu s\u0259n\u0259d Az\u0259rbaycana h\u0259r hans\u0131 d\u00f6vl\u0259t t\u0259r\u0259find\u0259n h\u0259rbi aqressiya olarsa, T\u00fcrkiy\u0259nin a\u00e7\u0131q v\u0259 leqal \u015f\u0259kild\u0259 \u00f6lk\u0259miz\u0259 h\u0259rbi d\u0259st\u0259k verm\u0259sini \u015f\u0259rtl\u0259ndirir. H\u0259m\u00e7inin Az\u0259rbaycan da T\u00fcrkiy\u0259y\u0259 qar\u015f\u0131 h\u0259r hans\u0131 aqressiya olarsa, bu s\u0259n\u0259dd\u0259n \u00e7\u0131x\u0131\u015f ed\u0259r\u0259k, \u00f6z d\u0259st\u0259yini ifad\u0259 ed\u0259 bil\u0259r.<\/strong><\/p>\n<p><strong>Qars M\u00fcqavil\u0259sin\u0259 g\u00f6r\u0259, Az\u0259rbaycan\u0131n Nax\u00e7\u0131van b\u00f6lg\u0259sinin t\u0259hl\u00fck\u0259sizliyinin qarant\u0131 olan T\u00fcrkiy\u0259 \u015eu\u015fa B\u0259yannam\u0259si il\u0259 b\u00fct\u00fcn Az\u0259rbaycan\u0131n t\u0259hl\u00fck\u0259sizliyinin t\u0259minat\u00e7\u0131s\u0131 statusunda \u00e7\u0131x\u0131\u015f etmi\u015f olur, bu da Erm\u0259nistana v\u0259 havadarlar\u0131na ciddi x\u0259b\u0259rdarl\u0131qd\u0131r. Eyni zamanda Az\u0259rbaycan NATO-nun q\u00fcdr\u0259tli d\u00f6vl\u0259tinin yan\u0131nda olacaq h\u0259r zaman. B\u0259yannam\u0259d\u0259 qeyd olunur:<\/strong>\u00a0\u201cT\u0259r\u0259fl\u0259rd\u0259n h\u0259r hans\u0131 birinin fikrinc\u0259, onun m\u00fcst\u0259qilliyin\u0259, suverenliyin\u0259, \u0259razi b\u00fct\u00f6vl\u00fcy\u00fcn\u0259, beyn\u0259lxalq s\u0259viyy\u0259d\u0259 tan\u0131nm\u0131\u015f s\u0259rh\u0259dl\u0259rinin toxunulmazl\u0131\u011f\u0131na v\u0259 ya t\u0259hl\u00fck\u0259sizliyin\u0259 qar\u015f\u0131 \u00fc\u00e7\u00fcnc\u00fc d\u00f6vl\u0259t v\u0259 ya d\u00f6vl\u0259tl\u0259r t\u0259r\u0259find\u0259n t\u0259hdid v\u0259 ya t\u0259cav\u00fcz edildiyi t\u0259qdird\u0259, T\u0259r\u0259fl\u0259r birg\u0259 m\u0259sl\u0259h\u0259tl\u0259\u015fm\u0259l\u0259r aparacaq v\u0259 bu t\u0259hdid v\u0259 ya t\u0259cav\u00fcz\u00fcn aradan qald\u0131r\u0131lmas\u0131 m\u0259qs\u0259dil\u0259 BMT Nizamnam\u0259sinin m\u0259qs\u0259d v\u0259 prinsipl\u0259rin\u0259 m\u00fcvafiq t\u0259\u015f\u0259bb\u00fcs h\u0259yata ke\u00e7ir\u0259c\u0259k, bir-birin\u0259 BMT Nizamnam\u0259sin\u0259 uy\u011fun z\u0259ruri yard\u0131m g\u00f6st\u0259r\u0259c\u0259kl\u0259r. Bu yard\u0131m\u0131n h\u0259cmi v\u0259 formas\u0131 t\u0259xir\u0259 sal\u0131nmadan ke\u00e7iril\u0259n m\u00fczakir\u0259l\u0259r yolu il\u0259 m\u00fc\u0259yy\u0259n edil\u0259r\u0259k birg\u0259 t\u0259dbirl\u0259r g\u00f6r\u00fclm\u0259si \u00fc\u00e7\u00fcn m\u00fcdafi\u0259 ehtiyaclar\u0131n\u0131n \u00f6d\u0259nilm\u0259sin\u0259 q\u0259rar veril\u0259c\u0259k v\u0259 Silahl\u0131 Q\u00fcvv\u0259l\u0259rin g\u00fcc v\u0259 idar\u0259etm\u0259 strukturlar\u0131n\u0131n \u0259laq\u0259l\u0259ndirilmi\u015f f\u0259aliyy\u0259ti t\u0259\u015fkil olunacaqd\u0131r\u201d.<\/p>\n<p><img loading=\"lazy\" src=\"https:\/\/xalqcebhesi.az\/\/photos\/zakirgorus65465d4f.jpg\" alt=\"Zakir H\u0259s\u0259nov Ankarada m\u00fch\u00fcm g\u00f6r\u00fc\u015fl\u0259r ke\u00e7irib\" width=\"770\" height=\"513\" \/><\/p>\n<p>\u015eu\u015fa B\u0259yannam\u0259sinin t\u0259sdiql\u0259ndiyi g\u00fcnl\u0259rd\u0259 Az\u0259rbaycan\u0131n m\u00fcdafi\u0259 naziri Zakir H\u0259s\u0259novun Ankara s\u0259f\u0259ri d\u0259 diqq\u0259t \u00e7\u0259kdi. Ekspertl\u0259r prezident \u018frdo\u011fan t\u0259r\u0259find\u0259n q\u0259bul edil\u0259n Z.H\u0259s\u0259novun s\u0259f\u0259rini t\u0259sad\u00fcfi hesab etmir. \u201c\u0130ki qarda\u015f \u00f6lk\u0259 aras\u0131nda m\u00fctt\u0259fiqlik m\u00fcnasib\u0259tl\u0259ri r\u0259sm\u0259n \u0259n y\u00fcks\u0259k s\u0259viyy\u0259y\u0259 \u00e7atd\u0131\u201d dey\u0259 bil\u0259rik. S\u0259n\u0259din h\u0259r iki \u00f6lk\u0259 parlamentind\u0259 t\u0259sdiql\u0259nm\u0259si Erm\u0259nistan\u0131n c\u0131\u011fal v\u0259 destruktiv m\u00f6vqeyind\u0259 ciddi d\u00fcz\u0259li\u015fl\u0259r\u0259 s\u0259b\u0259b olacaq. Art\u0131q Erm\u0259nistan T\u00fcrkiy\u0259-Az\u0259rbaycan birliyinin ger\u00e7\u0259kl\u0259ri il\u0259 \u00fcz\u0259-\u00fcz\u0259 qald\u0131. Ona n\u0259 Q\u0259rb k\u00f6m\u0259k ed\u0259 bil\u0259c\u0259k, n\u0259 Rusiya qucaq a\u00e7acaq, n\u0259 xaricd\u0259ki erm\u0259ni lobbisi yard\u0131ma y\u00fcy\u00fcr\u0259 bil\u0259c\u0259k. M\u0259\u015fhur filmd\u0259 deyildiyi kimi, \u201cmahn\u0131 v\u0259 zarafat bitdi\u201d. Erm\u0259nistan ger\u00e7\u0259kl\u0259rl\u0259 ba\u015f-ba\u015fa qald\u0131.<\/p>\n<p>T\u00fcrkiy\u0259 prezidenti son aylar bir ne\u00e7\u0259 d\u0259f\u0259 deyib ki, Erm\u0259nistanla o vaxt s\u0259rh\u0259dl\u0259ri a\u00e7acaqlar, m\u00fcnasib\u0259tl\u0259ri d\u00fcz\u0259ld\u0259c\u0259kl\u0259r ki, Az\u0259rbaycana qar\u015f\u0131 torpaq iddias\u0131ndan \u0259l g\u00f6t\u00fcr\u0259c\u0259k v\u0259 Z\u0259ng\u0259zur d\u0259hlizinin a\u00e7\u0131lmas\u0131nda c\u0131\u011fal m\u00f6vqed\u0259n geri duracaq. Art\u0131q d\u0259hlizl\u0259 ba\u011fl\u0131 Erm\u0259nistan t\u0259r\u0259fin m\u00fc\u0259yy\u0259n add\u0131mlar atd\u0131\u011f\u0131 m\u0259lumdur. Qal\u0131r Qaraba\u011f\u0131n da\u011fl\u0131q hiss\u0259sind\u0259n terror\u00e7u silahl\u0131 d\u0259st\u0259l\u0259ri y\u0131\u011f\u0131\u015fd\u0131rmaq. Onun da \u015fahidi olaca\u011f\u0131q yax\u0131nlarda&#8230;<\/p>\n<p><img loading=\"lazy\" src=\"https:\/\/upload.wikimedia.org\/wikipedia\/az\/6\/63\/Akif_Na%C4%9F%C4%B1.jpeg\" alt=\"Akif Na\u011f\u0131 \u2014 Vikipediya\" width=\"654\" height=\"618\" \/><\/p>\n<p><strong>Akif Na\u011f\u0131<\/strong><\/p>\n<p><strong>QAT s\u0259dri Akif Na\u011f\u0131 da \u201cYeni M\u00fcsavat\u201da a\u00e7\u0131qlamas\u0131nda \u015eu\u015fa B\u0259yannam\u0259sinin t\u0259sdiql\u0259nm\u0259sini tarixi hadis\u0259 adland\u0131rd\u0131:<\/strong>\u00a0\u201c\u015eu\u015fa B\u0259yannam\u0259sinin Az\u0259rbaycan v\u0259 T\u00fcrkiy\u0259 parlamentl\u0259rind\u0259 ratifikasiya olunmas\u0131 iki qarda\u015f \u00f6lk\u0259nin m\u00fctt\u0259fiqlik m\u00fcnasib\u0259tl\u0259rinin bir daha n\u00fcmayi\u015f etdirilm\u0259si, t\u0259kc\u0259 Erm\u0259nistana v\u0259 Rusiyaya deyil, d\u00fcnyaya niyy\u0259tl\u0259rimizl\u0259 ba\u011fl\u0131 ciddi mesaj oldu. S\u0259n\u0259din ad\u0131, y\u0259ni \u201dm\u00fctt\u0259fliqlik&#8221; ifad\u0259si \u00e7ox \u015feyi deyir. S\u0259n\u0259din i\u00e7\u0259risind\u0259ki b\u00fct\u00fcn m\u00fcdd\u0259lar vacibdir, x\u00fcsusi olaraq t\u0259r\u0259fl\u0259rd\u0259n h\u0259r hans\u0131 birinin m\u00fcdaxil\u0259y\u0259 m\u0259ruz qalaca\u011f\u0131 t\u0259qdird\u0259 t\u0259r\u0259fl\u0259rin m\u0259sl\u0259h\u0259tl\u0259\u015fm\u0259sin\u0259 dair m\u00fcdd\u0259a daha \u0259h\u0259miyy\u0259tlidir&#8221;.<\/p>\n<p><strong>A.Na\u011f\u0131 hesab edir ki, bu, a\u00e7\u0131q \u015f\u0259kild\u0259 h\u0259rbi d\u0259st\u0259y\u0259 i\u015far\u0259dir:<\/strong>\u00a0\u201cG\u00f6r\u00fcn\u00fcr, T\u00fcrkiy\u0259nin NATO \u00fczvl\u00fcy\u00fc bundan art\u0131q ifad\u0259 i\u015fl\u0259tm\u0259y\u0259 imkan vermir. Prosesl\u0259r d\u00fczg\u00fcn istiqam\u0259td\u0259 gedir, Az\u0259rbaycan T\u00fcrkiy\u0259 il\u0259 birlikd\u0259 regionda \u0259ld\u0259 olunmu\u015f n\u0259tic\u0259l\u0259ri m\u00f6hk\u0259ml\u0259tm\u0259kl\u0259 m\u0259\u015f\u011fuldur. Bu g\u00fcc\u00fcn qar\u015f\u0131s\u0131nda he\u00e7 k\u0259s, o c\u00fcml\u0259d\u0259n Erm\u0259nistan dayana bilm\u0259y\u0259c\u0259k. \u0130ndi \u0259sas m\u0259s\u0259l\u0259 Rusiyan\u0131n t\u0259sir imkanlar\u0131n\u0131 m\u0259hdudla\u015fd\u0131rmaqd\u0131r. Eyni zamanda paralel olaraq erm\u0259ni silahl\u0131 d\u0259st\u0259l\u0259ri regionda tam t\u0259rksilah edilm\u0259lidir. T\u0259bii ki, bunu Az\u0259rbaycan v\u0259 T\u00fcrkiy\u0259 r\u0259hb\u0259rliyi ba\u015fa d\u00fc\u015f\u00fcr v\u0259 bu istiqam\u0259td\u0259 add\u0131mlar at\u0131r. \u0130nan\u0131r\u0131q ki, bu i\u015fl\u0259rin n\u0259tic\u0259si \u00f6z\u00fcn\u00fc \u00e7ox g\u00f6zl\u0259tm\u0259y\u0259c\u0259k\u201d.<\/p>\n<p><img loading=\"lazy\" src=\"http:\/\/ikisahil.az\/photo\/975x540_2\/upload\/2021\/08\/04\/-ac1ae6a5162808028937106744910739879.jpg\" alt=\"Z\u0259ng\u0259zur d\u0259hlizinin a\u00e7\u0131lmas\u0131ndan sonra Az\u0259rbaycan\u0131n iqtisadi g\u0259lirl\u0259ri daha  da artacaq - Tural \u0130smay\u0131lov - &amp;quot;\u0130ki sahil&amp;quot;\" width=\"829\" height=\"459\" \/><\/p>\n<p><strong>\u00a0Tural \u0130smay\u0131lov<\/strong><\/p>\n<p><strong>Sosial T\u0259dqiqatlar M\u0259rk\u0259zinin eksperti Tural \u0130smay\u0131lov\u00a0 \u201cYeni M\u00fcsavat\u201da bildirdi ki, Az\u0259rbaycan v\u0259 T\u00fcrkiy\u0259 art\u0131q Avrasiya v\u0259 Avropa siyasi m\u0259nz\u0259r\u0259sind\u0259 dan\u0131lmaz tandem qazan\u0131blar:<\/strong>\u00a0\u201c\u015eu\u015fa B\u0259yannam\u0259si t\u0259kc\u0259 iki \u00f6lk\u0259 aras\u0131ndak\u0131 strateji m\u00fctt\u0259fiqlik sazi\u015fi deyil. Bu b\u0259yannam\u0259nin m\u00fch\u00fcm \u0259h\u0259miyy\u0259ti var. \u018fvv\u0259la, B\u0259yannam\u0259 uzun ill\u0259rd\u0259n sonra real olaraq iki \u00f6lk\u0259nin bir-birinin \u0259razi b\u00fct\u00f6vl\u00fcy\u00fcn\u0259 r\u0259smi s\u0259viyy\u0259d\u0259 qarant oldu\u011funu g\u00f6st\u0259rir. Bu g\u00fcn KTMT, NATO kimi h\u0259rbi bloklar s\u0259viyy\u0259sind\u0259 b\u0259yannam\u0259 xarakterli sazi\u015fl\u0259r olsa da praktiki bax\u0131mdan \u00f6z\u00fcn\u00fc do\u011frultmur. Ona g\u00f6r\u0259 \u015eu\u015fa B\u0259yannam\u0259si h\u0259m d\u0259 d\u00fcnya politologiya irsi \u00fc\u00e7\u00fcn d\u0259 t\u0259dqiq edil\u0259si m\u00fch\u00fcm s\u0259n\u0259ddir. B\u0259yannam\u0259 Az\u0259rbaycan v\u0259 T\u00fcrkiy\u0259nin h\u00fcquqlar\u0131n\u0131 t\u0259sbit etm\u0259kl\u0259 yana\u015f\u0131, beyn\u0259lxalq h\u00fcquqa da \u0259v\u0259zedilm\u0259z t\u00f6hf\u0259 vermi\u015f olur. \u018fg\u0259r B\u0259yannam\u0259y\u0259 q\u0131sqancl\u0131qla yana\u015f\u0131l\u0131b provokativ \u015f\u0259rhl\u0259r edilm\u0259s\u0259, qlobal t\u0259\u015fkilatlar da yax\u015f\u0131 anlayar ki, \u015eu\u015fa B\u0259yannam\u0259si hans\u0131sa ba\u015fqa \u00f6lk\u0259l\u0259r\u0259 qar\u015f\u0131 y\u00f6n\u0259lm\u0259yib, iki \u00f6lk\u0259nin beyn\u0259lxalq h\u00fcquqi t\u0259hl\u00fck\u0259sizliyind\u0259 bir-birin\u0259 yard\u0131m\u0131 n\u0259z\u0259rd\u0259 tutur.<\/p>\n<p>Bu g\u00fcn\u0259 q\u0259d\u0259r Az\u0259rbaycan torpaqlar\u0131n\u0131n i\u015f\u011fal\u0131na, Xocal\u0131 q\u0259tliam\u0131na s\u0259ssiz qalan, T\u00fcrkiy\u0259ni A\u0130-y\u0259 \u00fczv etm\u0259m\u0259k \u00fc\u00e7\u00fcn d\u0259rid\u0259n-qab\u0131qdan \u00e7\u0131xan Pa\u015finyan\u0131n \u201cday\u0131lar\u0131\u201d (\u201cSorosun u\u015faqlar\u0131\u201d) v\u0259 dig\u0259r imperialist dair\u0259l\u0259rin t\u0259hrikl\u0259rin\u0259, erm\u0259ni terrorunun g\u0259l\u0259c\u0259k m\u00fcdaxil\u0259l\u0259rin\u0259 qar\u015f\u0131 \u015eu\u015fa B\u0259yannam\u0259si bir m\u00fcqavim\u0259t s\u0259ddi yaratm\u0131\u015f olacaq\u201d.<\/p>\n<p><strong>T.\u0130smay\u0131lov vur\u011fulad\u0131 ki, \u015eu\u015fa B\u0259yannam\u0259si T\u00fcrkiy\u0259 il\u0259 Az\u0259rbaycan aras\u0131ndak\u0131 \u0259laq\u0259l\u0259rin leqal s\u0259n\u0259didir:<\/strong>\u00a0\u201cB\u0259yannam\u0259 h\u00fcquqi \u00e7\u0259r\u00e7iv\u0259d\u0259 h\u0259r iki \u00f6lk\u0259 \u00fcz\u0259rin\u0259 m\u00fc\u0259yy\u0259n m\u0259suliyy\u0259tl\u0259r qoyur. Bundan sonra bu m\u0259suliyy\u0259t h\u0259m d\u0259 b\u00f6lg\u0259nin t\u0259hl\u00fck\u0259sizliyin\u0259, rifah\u0131na qarant vermi\u015f olacaq. Enerji t\u0259hl\u00fck\u0259sizliyi bax\u0131mdan is\u0259 beyn\u0259lxalq \u0259h\u0259miyy\u0259tli s\u0259n\u0259ddir \u015eu\u015fa B\u0259yannam\u0259si. Eyni zamanda Az\u0259rbaycan v\u0259 T\u00fcrkiy\u0259nin h\u0259rbi m\u00fctt\u0259fiqliyi fonunda Zakir H\u0259s\u0259novun T\u00fcrkiy\u0259 s\u0259f\u0259ri d\u0259 x\u00fcsusi \u0259h\u0259miyy\u0259t\u0259 malikdir. \u015eu\u015fa B\u0259yannam\u0259si il\u0259 h\u0259rbi sah\u0259d\u0259 v\u0259 m\u00fcdafi\u0259 s\u0259nayesind\u0259 ortaq add\u0131mlar\u0131n f\u0259aliyy\u0259t sferalar\u0131 daha da geni\u015fl\u0259n\u0259c\u0259k. G\u0259l\u0259c\u0259kd\u0259 Az\u0259rbaycanda ortaq PUA zavodunun tikintisi, ortaq silah istehsal\u0131 v\u0259 ba\u015fqa sah\u0259l\u0259rd\u0259 d\u0259 add\u0131mlar at\u0131la bil\u0259r. Qaraba\u011fdan terro\u00e7ular \u00e7\u0131xar\u0131lmasa, \u015eu\u015fa B\u0259yannam\u0259si \u0259sas\u0131nda g\u0259l\u0259c\u0259kd\u0259 T\u00fcrkiy\u0259 d\u0259 terror\u00e7ulara \u0259ks-h\u00fccum \u0259m\u0259liyyatlar\u0131na qat\u0131la bil\u0259r\u201d.<\/p>\n<p>Qar\u015f\u0131da prosedura uy\u011fun olaraq liderl\u0259rin q\u0259bul edilmi\u015f s\u0259n\u0259di imzalamas\u0131 var. \u015eu\u015fada imzalanm\u0131\u015f tarixi s\u0259n\u0259din faydalar\u0131n\u0131 is\u0259 mill\u0259timiz daim g\u00f6r\u0259c\u0259k, hiss ed\u0259c\u0259k. D\u00f6vl\u0259timiz v\u0259 mill\u0259timiz \u00fc\u00e7\u00fcn xeyirli-u\u011furlu olsun, in\u015fallah!<\/p>\n","protected":false},"excerpt":{"rendered":"<p>T\u00fcrkiy\u0259 v\u0259 Az\u0259rbaycan parlamentl\u0259rinin 15 iyun 2021-ci il tarixli s\u0259n\u0259di t\u0259sdiql\u0259m\u0259si ortaq \u0259m\u0259kda\u015fl\u0131q \u00fc\u00e7\u00fcn yeni \u00fcf\u00fcql\u0259r a\u00e7\u0131r Az\u0259rbaycan Respublikas\u0131 Milli M\u0259clisinin q\u0259rar\u0131ndan sonra T\u00fcrkiy\u0259 B\u00f6y\u00fck Mill\u0259t M\u0259clisi (TBMM) d\u0259 \u015eu\u015fa B\u0259yannam\u0259sini ratifikasiya etdi. Qeyd ed\u0259k ki, fevral\u0131n 1-d\u0259, Milli M\u0259clis yaz sessiyas\u0131n\u0131n ilk iclas\u0131nda \u201cAz\u0259rbaycanla T\u00fcrkiy\u0259 aras\u0131nda m\u00fctt\u0259fiqlik m\u00fcnasib\u0259tl\u0259ri haqq\u0131nda \u015eu\u015fa B\u0259yannam\u0259sinin t\u0259sdiq edilm\u0259si bar\u0259d\u0259\u201d qanun layih\u0259sin\u0259 yekdillikl\u0259 s\u0259s verdikd\u0259n d\u0259rhal sonra qanun layih\u0259si T\u00fcrkiy\u0259 B\u00f6y\u00fck Mill\u0259t M\u0259clisinin ba\u015fqan\u0131 Mustafa \u015eentopun imzas\u0131 il\u0259 Xarici i\u015fl\u0259r komissiyas\u0131na t\u0259qdim olunmu\u015fdu. AKP \u0130stanbul mill\u0259t v\u0259kili Akif \u00c7a\u011fatay K\u0131l\u0131\u00e7\u0131n ba\u015fqanl\u0131\u011f\u0131 il\u0259 ke\u00e7iril\u0259n toplant\u0131ya Xarici&hellip;<\/p>\n","protected":false},"author":2,"featured_media":435135,"comment_status":"closed","ping_status":"closed","sticky":false,"template":"","format":"standard","meta":{"om_disable_all_campaigns":false,"_monsterinsights_skip_tracking":false,"_monsterinsights_sitenote_active":false,"_monsterinsights_sitenote_note":"","_monsterinsights_sitenote_category":0},"categories":[4],"tags":[],"aioseo_notices":[],"gutentor_comment":0,"rttpg_featured_image_url":{"full":["https:\/\/arantv.az\/wp-content\/uploads\/2022\/02\/ee02dce4ad93008bb20a23b293701a1b.jpg",450,300,false],"landscape":["https:\/\/arantv.az\/wp-content\/uploads\/2022\/02\/ee02dce4ad93008bb20a23b293701a1b.jpg",450,300,false],"portraits":["https:\/\/arantv.az\/wp-content\/uploads\/2022\/02\/ee02dce4ad93008bb20a23b293701a1b.jpg",450,300,false],"thumbnail":["https:\/\/arantv.az\/wp-content\/uploads\/2022\/02\/ee02dce4ad93008bb20a23b293701a1b-450x280.jpg",450,280,true],"medium":["https:\/\/arantv.az\/wp-content\/uploads\/2022\/02\/ee02dce4ad93008bb20a23b293701a1b.jpg",450,300,false],"large":["https:\/\/arantv.az\/wp-content\/uploads\/2022\/02\/ee02dce4ad93008bb20a23b293701a1b.jpg",450,300,false],"1536x1536":["https:\/\/arantv.az\/wp-content\/uploads\/2022\/02\/ee02dce4ad93008bb20a23b293701a1b.jpg",450,300,false],"2048x2048":["https:\/\/arantv.az\/wp-content\/uploads\/2022\/02\/ee02dce4ad93008bb20a23b293701a1b.jpg",450,300,false],"post-thumbnail":["https:\/\/arantv.az\/wp-content\/uploads\/2022\/02\/ee02dce4ad93008bb20a23b293701a1b-240x172.jpg",240,172,true],"advps-thumb-one":["https:\/\/arantv.az\/wp-content\/uploads\/2022\/02\/ee02dce4ad93008bb20a23b293701a1b.jpg",450,300,false]},"rttpg_author":{"display_name":"V\u00fcsal Rafiqo\u011flu","author_link":"https:\/\/arantv.az\/?author=2"},"rttpg_comment":0,"rttpg_category":"<a href=\"https:\/\/arantv.az\/?cat=4\" rel=\"category\">Siyas\u0259t<\/a>","rttpg_excerpt":"T\u00fcrkiy\u0259 v\u0259 Az\u0259rbaycan parlamentl\u0259rinin 15 iyun 2021-ci il tarixli s\u0259n\u0259di t\u0259sdiql\u0259m\u0259si ortaq \u0259m\u0259kda\u015fl\u0131q \u00fc\u00e7\u00fcn yeni \u00fcf\u00fcql\u0259r a\u00e7\u0131r Az\u0259rbaycan Respublikas\u0131 Milli M\u0259clisinin q\u0259rar\u0131ndan sonra T\u00fcrkiy\u0259 B\u00f6y\u00fck Mill\u0259t M\u0259clisi (TBMM) d\u0259 \u015eu\u015fa B\u0259yannam\u0259sini ratifikasiya etdi. Qeyd ed\u0259k ki, fevral\u0131n 1-d\u0259, Milli M\u0259clis yaz sessiyas\u0131n\u0131n ilk iclas\u0131nda \u201cAz\u0259rbaycanla T\u00fcrkiy\u0259 aras\u0131nda m\u00fctt\u0259fiqlik m\u00fcnasib\u0259tl\u0259ri haqq\u0131nda \u015eu\u015fa B\u0259yannam\u0259sinin t\u0259sdiq edilm\u0259si bar\u0259d\u0259\u201d&hellip;","_links":{"self":[{"href":"https:\/\/arantv.az\/index.php?rest_route=\/wp\/v2\/posts\/435134"}],"collection":[{"href":"https:\/\/arantv.az\/index.php?rest_route=\/wp\/v2\/posts"}],"about":[{"href":"https:\/\/arantv.az\/index.php?rest_route=\/wp\/v2\/types\/post"}],"author":[{"embeddable":true,"href":"https:\/\/arantv.az\/index.php?rest_route=\/wp\/v2\/users\/2"}],"replies":[{"embeddable":true,"href":"https:\/\/arantv.az\/index.php?rest_route=%2Fwp%2Fv2%2Fcomments&post=435134"}],"version-history":[{"count":0,"href":"https:\/\/arantv.az\/index.php?rest_route=\/wp\/v2\/posts\/435134\/revisions"}],"wp:featuredmedia":[{"embeddable":true,"href":"https:\/\/arantv.az\/index.php?rest_route=\/wp\/v2\/media\/435135"}],"wp:attachment":[{"href":"https:\/\/arantv.az\/index.php?rest_route=%2Fwp%2Fv2%2Fmedia&parent=435134"}],"wp:term":[{"taxonomy":"category","embeddable":true,"href":"https:\/\/arantv.az\/index.php?rest_route=%2Fwp%2Fv2%2Fcategories&post=435134"},{"taxonomy":"post_tag","embeddable":true,"href":"https:\/\/arantv.az\/index.php?rest_route=%2Fwp%2Fv2%2Ftags&post=435134"}],"curies":[{"name":"wp","href":"https:\/\/api.w.org\/{rel}","templated":true}]}}