{"id":435147,"date":"2022-02-05T08:17:20","date_gmt":"2022-02-05T05:17:20","guid":{"rendered":"http:\/\/arantv.az\/?p=435147"},"modified":"2022-02-05T08:17:20","modified_gmt":"2022-02-05T05:17:20","slug":"g%c9%99ncl%c9%99r-boyuk-potensiala-malikdir","status":"publish","type":"post","link":"https:\/\/arantv.az\/?p=435147","title":{"rendered":"G\u0259ncl\u0259r b\u00f6y\u00fck potensiala malikdir"},"content":{"rendered":"<div dir=\"auto\">Fevral\u0131n 2-d\u0259 Bak\u0131da Az\u0259rbaycan G\u0259ncl\u0259ri G\u00fcn\u00fcn\u00fcn 25 illiyin\u0259 h\u0259sr olunmu\u015f G\u0259ncl\u0259r Forumu ke\u00e7irilib. Az\u0259rbaycan Respublikas\u0131n\u0131n Prezidenti \u0130lham \u018fliyev Forumda i\u015ftirak edib. \u018fsas\u0131 \u00fcmummilli lider Heyd\u0259r \u018fliyev t\u0259r\u0259find\u0259n qoyulmu\u015f d\u00f6vl\u0259t g\u0259ncl\u0259r siyas\u0259ti Az\u0259rbaycan g\u0259ncliyinin g\u0259l\u0259c\u0259k inki\u015faf\u0131nda d\u0259rin izl\u0259r burax\u0131b. Ulu \u00d6nd\u0259rin 1997-ci il fevral\u0131n 2-d\u0259 imzalad\u0131\u011f\u0131 F\u0259rmana \u0259sas\u0259n, fevral\u0131n 2-si Az\u0259rbaycan G\u0259ncl\u0259ri G\u00fcn\u00fc elan edilib. H\u0259min vaxtdan etibar\u0259n bu g\u00fcn MDB m\u0259kan\u0131nda v\u0259 \u015e\u0259rqi Avropa \u00f6lk\u0259l\u0259ri aras\u0131nda ilk d\u0259f\u0259 olaraq Az\u0259rbaycanda t\u0259nt\u0259n\u0259li \u015f\u0259kild\u0259 qeyd edilm\u0259y\u0259 ba\u015flan\u0131b. Bir \u00e7ox sah\u0259d\u0259 oldu\u011fu kimi, bu sah\u0259d\u0259 d\u0259 Az\u0259rbaycan bir \u00e7ox \u00f6lk\u0259l\u0259ri qabaqlay\u0131b.<\/div>\n<div dir=\"auto\">\u00dcmummilli lider Heyd\u0259r \u018fliyev g\u0259ncl\u0259r sah\u0259sind\u0259 d\u00f6vl\u0259t siyas\u0259tinin u\u011furla h\u0259yata ke\u00e7irilm\u0259si m\u0259qs\u0259di il\u0259 b\u00fct\u00fcn d\u00fcnyaya n\u00fcmun\u0259 olacaq daha bir add\u0131m atm\u0131\u015f &#8211; bu sah\u0259nin z\u0259ruri qanunvericilik bazas\u0131n\u0131n formala\u015fd\u0131r\u0131lmas\u0131n\u0131 t\u0259min edib. G\u0259ncl\u0259rin sosial, iqtisadi v\u0259 s. probleml\u0259rinin h\u0259llin\u0259 y\u00f6n\u0259lmi\u015f, onlar\u0131n \u00f6z qabiliyy\u0259tl\u0259rinin inki\u015faf etdirm\u0259l\u0259rin\u0259 k\u00f6m\u0259k ed\u0259n f\u0259rman v\u0259 s\u0259r\u0259ncamlar, d\u00f6vl\u0259t proqramlar\u0131 bu q\u0259bild\u0259ndir. Qanunlar, f\u0259rman, s\u0259r\u0259ncam v\u0259 d\u00f6vl\u0259t proqramlar\u0131 g\u0259nc n\u0259slin m\u00fct\u0259\u015f\u0259kkil q\u00fcvv\u0259 kimi formala\u015fmas\u0131na, onlar\u0131n m\u0259n\u0259vi-ideoloji c\u0259h\u0259td\u0259n tam yetkinl\u0259\u015fm\u0259sin\u0259, sosial probleml\u0259rinin h\u0259llin\u0259, faydal\u0131 m\u0259\u015f\u011fullu\u011funun t\u0259min olunmas\u0131na son d\u0259r\u0259c\u0259 m\u00fcsb\u0259t t\u0259sir g\u00f6st\u0259rib.<\/div>\n<div dir=\"auto\">Ulu \u00d6nd\u0259rin g\u0259ncliy\u0259 v\u0259 g\u0259ncl\u0259r\u0259 etimad\u0131 bu g\u00fcn art\u0131q \u00f6z t\u0259sdiqini tapmaqdad\u0131r. Bu g\u00fcn \u00f6lk\u0259mizd\u0259 g\u0259ncl\u0259r siyas\u0259ti mahiyy\u0259t v\u0259 keyfiyy\u0259tc\u0259 yeni m\u0259rh\u0259l\u0259sini ya\u015fay\u0131r. Prezident \u0130lham \u018fliyev ulu \u00f6nd\u0259rin g\u0259ncl\u0259r siyas\u0259tin\u0259 sadiqliyini \u00f6z q\u0259rarlar\u0131 il\u0259 t\u0259sdiq edir. G\u0259ncl\u0259rin m\u0259n\u0259vi inki\u015faf\u0131, v\u0259t\u0259np\u0259rv\u0259rlik t\u0259rbiy\u0259si, xarici \u00f6lk\u0259l\u0259rd\u0259 t\u0259hsili, sosial m\u00fcdafi\u0259y\u0259 ehtiyac\u0131 olanlar\u0131n probleml\u0259rinin h\u0259lli istiqam\u0259tind\u0259 g\u00f6r\u00fcl\u0259n i\u015fl\u0259r, g\u0259ncl\u0259r t\u0259\u015fkilatlar\u0131n\u0131n formala\u015fmas\u0131 v\u0259 inki\u015faf\u0131 \u00fc\u00e7\u00fcn yarad\u0131lan \u015f\u0259rait v\u0259 imkan bu sah\u0259y\u0259 b\u00f6y\u00fck diqq\u0259tin n\u0259tic\u0259sidir..<\/div>\n<div dir=\"auto\">Prezident \u0130lham \u018fliyev g\u0259ncl\u0259r siyas\u0259tinin inki\u015faf istiqam\u0259tini m\u00f6vcud \u0259n\u0259n\u0259l\u0259r \u0259sas\u0131nda daha da t\u0259kmill\u0259\u015fdirdi. Az\u0259rbaycan g\u0259ncliyi il\u0259 ba\u011fl\u0131 D\u00f6vl\u0259t proqramlar\u0131 q\u0259bul edildi, 2007-ci il \u201cG\u0259ncl\u0259r ili\u201d elan olundu, 2011-ci ild\u0259 G\u0259ncl\u0259r Fondu yarad\u0131ld\u0131, 2013-c\u00fc ild\u0259 \u00f6lk\u0259d\u0259 ilk d\u0259f\u0259 \u201cG\u0259ncl\u0259r \u00fc\u00e7\u00fcn Prezident M\u00fckafat\u0131\u201d t\u0259sis olundu, Az\u0259rbaycan g\u0259ncl\u0259rinin \u0130nki\u015faf Strategiyas\u0131 t\u0259sdiql\u0259ndi. G\u0259ncl\u0259r siyas\u0259tind\u0259 milli v\u0259 d\u00f6vl\u0259t\u00e7ilik maraqlar\u0131n\u0131n prioritet olmas\u0131 44 g\u00fcnl\u00fck V\u0259t\u0259n m\u00fcharib\u0259sind\u0259 h\u0259lledici rol oynad\u0131. M\u00fcharib\u0259d\u0259 \u0259sas missiyan\u0131 m\u0259hz Ali Ba\u015f Komandan \u0130lham \u018fliyevin prezidentliyi d\u00f6vr\u00fcnd\u0259 yeti\u015f\u0259n g\u0259ncl\u0259r yerin\u0259 yetirdil\u0259r. Bu g\u00fcn Az\u0259rbaycan inamla ir\u0259liy\u0259 bax\u0131r, \u00f6lk\u0259 qar\u015f\u0131s\u0131ndak\u0131 \u0259sas v\u0259zif\u0259l\u0259r \u00f6z h\u0259llini tapm\u0131\u015fd\u0131r. Az\u0259rbaycan g\u0259ncl\u0259ri azad \u00f6lk\u0259d\u0259 ya\u015fay\u0131r, sabitlik olan \u00f6lk\u0259d\u0259 ya\u015fay\u0131r, \u00f6z\u00fcn\u0259 g\u00fcv\u0259n\u0259n \u00f6lk\u0259d\u0259 ya\u015fay\u0131r. Az\u0259rbaycan g\u0259nci haql\u0131 olaraq f\u0259xr edir ki, bu \u00f6lk\u0259nin v\u0259t\u0259nda\u015f\u0131d\u0131r Az\u0259rbaycan m\u00fcst\u0259qildir v\u0259 m\u00fcst\u0259qil siyas\u0259t apar\u0131r. He\u00e7 bir k\u0259nar q\u00fcvv\u0259 \u00f6lk\u0259nin daxili i\u015fin\u0259 qar\u0131\u015fa bilm\u0259z.<\/div>\n<div dir=\"auto\">Polad H\u0259\u015fimov kimi q\u0259hr\u0259manlar daim Az\u0259rbaycan xalq\u0131n\u0131n q\u0259lbind\u0259 ya\u015fayacaq. Qururverici hald\u0131r ki, Az\u0259rbaycan Ordusunda bel\u0259 pe\u015f\u0259kar, v\u0259t\u0259np\u0259rv\u0259r, yeni n\u0259slin n\u00fcmay\u0259nd\u0259l\u0259ri yeti\u015fir. Onun h\u0259lak olmas\u0131 ham\u0131m\u0131z\u0131 sars\u0131td\u0131 v\u0259 eyni zamanda, onun h\u0259lak olmas\u0131 ham\u0131m\u0131z\u0131 bir daha m\u0259tin olma\u011fa \u00e7a\u011f\u0131rd\u0131. Ham\u0131m\u0131za g\u00f6st\u0259rdi ki, n\u0259yin bahas\u0131na olursa-olsun, torpaqlar\u0131m\u0131z\u0131 azad etm\u0259liyik.<\/div>\n<div dir=\"auto\">V\u0259t\u0259n u\u011frunda, Qaraba\u011f u\u011frunda, Az\u0259rbaycan u\u011frunda \u00f6lk\u0259mizd\u0259 ya\u015fayan b\u00fct\u00fcn mill\u0259tl\u0259r vuru\u015fdular. Bu Q\u0259l\u0259b\u0259 v\u0259 bu m\u00fcharib\u0259 Az\u0259rbaycanda ya\u015fayan b\u00fct\u00fcn xalqlar\u0131 daha da birl\u0259\u015fdirdi. Az\u0259rbaycanda ya\u015fayan b\u00fct\u00fcn xalqlar, Az\u0259rbaycan v\u0259t\u0259nda\u015flar\u0131 daim s\u00fclh \u015f\u0259raitind\u0259, \u0259min-amanl\u0131q, qarda\u015fl\u0131q \u015f\u0259raitind\u0259 ya\u015fayacaqlar.<\/div>\n","protected":false},"excerpt":{"rendered":"<p>Fevral\u0131n 2-d\u0259 Bak\u0131da Az\u0259rbaycan G\u0259ncl\u0259ri G\u00fcn\u00fcn\u00fcn 25 illiyin\u0259 h\u0259sr olunmu\u015f G\u0259ncl\u0259r Forumu ke\u00e7irilib. Az\u0259rbaycan Respublikas\u0131n\u0131n Prezidenti \u0130lham \u018fliyev Forumda i\u015ftirak edib. \u018fsas\u0131 \u00fcmummilli lider Heyd\u0259r \u018fliyev t\u0259r\u0259find\u0259n qoyulmu\u015f d\u00f6vl\u0259t g\u0259ncl\u0259r siyas\u0259ti Az\u0259rbaycan g\u0259ncliyinin g\u0259l\u0259c\u0259k inki\u015faf\u0131nda d\u0259rin izl\u0259r burax\u0131b. Ulu \u00d6nd\u0259rin 1997-ci il fevral\u0131n 2-d\u0259 imzalad\u0131\u011f\u0131 F\u0259rmana \u0259sas\u0259n, fevral\u0131n 2-si Az\u0259rbaycan G\u0259ncl\u0259ri G\u00fcn\u00fc elan edilib. H\u0259min vaxtdan etibar\u0259n bu g\u00fcn MDB m\u0259kan\u0131nda v\u0259 \u015e\u0259rqi Avropa \u00f6lk\u0259l\u0259ri aras\u0131nda ilk d\u0259f\u0259 olaraq Az\u0259rbaycanda t\u0259nt\u0259n\u0259li \u015f\u0259kild\u0259 qeyd edilm\u0259y\u0259 ba\u015flan\u0131b. Bir \u00e7ox sah\u0259d\u0259 oldu\u011fu kimi, bu sah\u0259d\u0259 d\u0259 Az\u0259rbaycan bir \u00e7ox \u00f6lk\u0259l\u0259ri qabaqlay\u0131b. \u00dcmummilli lider&hellip;<\/p>\n","protected":false},"author":2,"featured_media":435148,"comment_status":"closed","ping_status":"closed","sticky":false,"template":"","format":"standard","meta":{"om_disable_all_campaigns":false,"_monsterinsights_skip_tracking":false,"_monsterinsights_sitenote_active":false,"_monsterinsights_sitenote_note":"","_monsterinsights_sitenote_category":0},"categories":[4],"tags":[],"aioseo_notices":[],"gutentor_comment":0,"rttpg_featured_image_url":{"full":["https:\/\/arantv.az\/wp-content\/uploads\/2022\/02\/273370804_247053844276403_2786483533715531465_n.jpg",2048,1320,false],"landscape":["https:\/\/arantv.az\/wp-content\/uploads\/2022\/02\/273370804_247053844276403_2786483533715531465_n.jpg",2048,1320,false],"portraits":["https:\/\/arantv.az\/wp-content\/uploads\/2022\/02\/273370804_247053844276403_2786483533715531465_n.jpg",2048,1320,false],"thumbnail":["https:\/\/arantv.az\/wp-content\/uploads\/2022\/02\/273370804_247053844276403_2786483533715531465_n-500x280.jpg",500,280,true],"medium":["https:\/\/arantv.az\/wp-content\/uploads\/2022\/02\/273370804_247053844276403_2786483533715531465_n-566x365.jpg",566,365,true],"large":["https:\/\/arantv.az\/wp-content\/uploads\/2022\/02\/273370804_247053844276403_2786483533715531465_n-840x541.jpg",640,412,true],"1536x1536":["https:\/\/arantv.az\/wp-content\/uploads\/2022\/02\/273370804_247053844276403_2786483533715531465_n-1536x990.jpg",1536,990,true],"2048x2048":["https:\/\/arantv.az\/wp-content\/uploads\/2022\/02\/273370804_247053844276403_2786483533715531465_n.jpg",2048,1320,false],"post-thumbnail":["https:\/\/arantv.az\/wp-content\/uploads\/2022\/02\/273370804_247053844276403_2786483533715531465_n-240x172.jpg",240,172,true],"advps-thumb-one":["https:\/\/arantv.az\/wp-content\/uploads\/2022\/02\/273370804_247053844276403_2786483533715531465_n-1200x620.jpg",1200,620,true]},"rttpg_author":{"display_name":"V\u00fcsal Rafiqo\u011flu","author_link":"https:\/\/arantv.az\/?author=2"},"rttpg_comment":0,"rttpg_category":"<a href=\"https:\/\/arantv.az\/?cat=4\" rel=\"category\">Siyas\u0259t<\/a>","rttpg_excerpt":"Fevral\u0131n 2-d\u0259 Bak\u0131da Az\u0259rbaycan G\u0259ncl\u0259ri G\u00fcn\u00fcn\u00fcn 25 illiyin\u0259 h\u0259sr olunmu\u015f G\u0259ncl\u0259r Forumu ke\u00e7irilib. Az\u0259rbaycan Respublikas\u0131n\u0131n Prezidenti \u0130lham \u018fliyev Forumda i\u015ftirak edib. \u018fsas\u0131 \u00fcmummilli lider Heyd\u0259r \u018fliyev t\u0259r\u0259find\u0259n qoyulmu\u015f d\u00f6vl\u0259t g\u0259ncl\u0259r siyas\u0259ti Az\u0259rbaycan g\u0259ncliyinin g\u0259l\u0259c\u0259k inki\u015faf\u0131nda d\u0259rin izl\u0259r burax\u0131b. Ulu \u00d6nd\u0259rin 1997-ci il fevral\u0131n 2-d\u0259 imzalad\u0131\u011f\u0131 F\u0259rmana \u0259sas\u0259n, fevral\u0131n 2-si Az\u0259rbaycan G\u0259ncl\u0259ri G\u00fcn\u00fc elan edilib. H\u0259min&hellip;","_links":{"self":[{"href":"https:\/\/arantv.az\/index.php?rest_route=\/wp\/v2\/posts\/435147"}],"collection":[{"href":"https:\/\/arantv.az\/index.php?rest_route=\/wp\/v2\/posts"}],"about":[{"href":"https:\/\/arantv.az\/index.php?rest_route=\/wp\/v2\/types\/post"}],"author":[{"embeddable":true,"href":"https:\/\/arantv.az\/index.php?rest_route=\/wp\/v2\/users\/2"}],"replies":[{"embeddable":true,"href":"https:\/\/arantv.az\/index.php?rest_route=%2Fwp%2Fv2%2Fcomments&post=435147"}],"version-history":[{"count":0,"href":"https:\/\/arantv.az\/index.php?rest_route=\/wp\/v2\/posts\/435147\/revisions"}],"wp:featuredmedia":[{"embeddable":true,"href":"https:\/\/arantv.az\/index.php?rest_route=\/wp\/v2\/media\/435148"}],"wp:attachment":[{"href":"https:\/\/arantv.az\/index.php?rest_route=%2Fwp%2Fv2%2Fmedia&parent=435147"}],"wp:term":[{"taxonomy":"category","embeddable":true,"href":"https:\/\/arantv.az\/index.php?rest_route=%2Fwp%2Fv2%2Fcategories&post=435147"},{"taxonomy":"post_tag","embeddable":true,"href":"https:\/\/arantv.az\/index.php?rest_route=%2Fwp%2Fv2%2Ftags&post=435147"}],"curies":[{"name":"wp","href":"https:\/\/api.w.org\/{rel}","templated":true}]}}