{"id":435160,"date":"2022-02-05T08:27:49","date_gmt":"2022-02-05T05:27:49","guid":{"rendered":"http:\/\/arantv.az\/?p=435160"},"modified":"2022-02-05T08:27:49","modified_gmt":"2022-02-05T05:27:49","slug":"infeksionist-m%c9%99hdudiyy%c9%99tl%c9%99rin-aradan-qaldirilmasindan-danisdi","status":"publish","type":"post","link":"https:\/\/arantv.az\/?p=435160","title":{"rendered":"\u0130nfeksionist m\u0259hdudiyy\u0259tl\u0259rin aradan qald\u0131r\u0131lmas\u0131ndan dan\u0131\u015fd\u0131"},"content":{"rendered":"<p>Son vaxtlar b\u0259zi Avropa \u00f6lk\u0259l\u0259rind\u0259 bir s\u0131ra m\u0259hdudiyy\u0259tl\u0259r aradan qald\u0131r\u0131l\u0131r. Buna s\u0259b\u0259b is\u0259 h\u0259min \u00f6lk\u0259l\u0259rin \u0259halisnin 80-90 faiznin vaksinasiya olunmas\u0131d\u0131r.<\/p>\n<p>Bu bar\u0259d\u0259\u00a0<a href=\"https:\/\/az.trend.az\/\" target=\"_blank\" rel=\"noopener\">Trend<\/a>-in suallar\u0131n\u0131 cavabland\u0131rark\u0259n h\u0259kim-infeksionist Vasif \u018fliyev deyib.<\/p>\n<p>Onun s\u00f6zl\u0259rin\u0259 g\u00f6r\u0259, \u00f6lk\u0259mizd\u0259 d\u0259 vaksinasiya g\u00f6st\u0259ricil\u0259ri \u00e7ox y\u00fcks\u0259kdir. Lakin yoluxman\u0131n artd\u0131\u011f\u0131 bir zamanda m\u0259hdudiyy\u0259tl\u0259rin aradan qald\u0131r\u0131lmas\u0131 do\u011fru deyil.<\/p>\n<p>&#8220;G\u00fcnd\u0259lik olaraq yoluxma hallar\u0131nda art\u0131m m\u00fc\u015fahid\u0259 olunur. B\u0259z\u0259n d\u00fc\u015f\u00fcn\u00fcrl\u0259r ki, bel\u0259 art\u0131m m\u00fc\u015fahid\u0259 olunan bir vaxtda m\u0259hdudiyy\u0259tl\u0259r daha da art\u0131r\u0131la bil\u0259r. M\u0259nim fikrimc\u0259 baxmayaraq ki, yoluxma hallar\u0131n\u0131n say\u0131 art\u0131r, \u00fcmumi x\u0259st\u0259xanalarda v\u0259ziyy\u0259t daha stabildir. Bu onu g\u00f6st\u0259rir ki, \u0259halinin \u00e7ox hiss\u0259si yoluxsa bel\u0259, daha \u00e7ox ev \u015f\u0259raitind\u0259 m\u00fcalic\u0259 al\u0131rlar. \u00c7\u00fcnki x\u0259st\u0259lik asimptomatik ke\u00e7ib, pnevmaniya \u0259lam\u0259tl\u0259ri \u00e7ox az g\u00f6r\u00fcld\u00fcy\u00fcn\u0259 g\u00f6r\u0259 bu c\u00fcr x\u0259st\u0259l\u0259r ev \u015f\u0259raitind\u0259 m\u00fcalic\u0259 al\u0131r.<\/p>\n<p>Yoluxma say\u0131 m\u00fc\u0259yy\u0259n pik h\u0259dd\u0259 \u00e7at\u0131b, daha sonra yoluxmalarda azalma m\u00fc\u015fahid\u0259 olunduqda v\u0259 \u00f6lk\u0259d\u0259ki epidemioloji v\u0259ziyy\u0259ti ciddi \u015f\u0259kild\u0259 t\u0259hlil etdikd\u0259n sonra m\u0259hdudiyy\u0259tl\u0259rin aradan qald\u0131r\u0131lmas\u0131 bar\u0259d\u0259 d\u00fc\u015f\u00fcnm\u0259k olar&#8221;, -dey\u0259 o qeyd edib.<\/p>\n<p>O bildirib ki, &#8220;Omikron&#8221; \u015ftamm\u0131n\u0131n dominant olmas\u0131 v\u0259 y\u00fcng\u00fcl ke\u00e7m\u0259si biz\u0259 biraz \u00fcmid verir ki, mutasiya art\u0131q y\u00fcng\u00fcll\u0259\u015fm\u0259y\u0259 do\u011fru gedir.<\/p>\n<p>&#8220;Lakin yen\u0259 d\u0259 COV\u0130D-19 virusu haqq\u0131nda d\u0259qiq proqnozlar verm\u0259k m\u00fck\u00fcn deyil. Qar\u015f\u0131m\u0131zdak\u0131 g\u00fcnl\u0259rd\u0259 virusun yoluxduruculuq v\u0259 \u00f6ld\u00fcr\u00fcc\u00fcl\u00fck qabiliyy\u0259tini ciddi t\u0259hlil etdikd\u0259n sonra pandemiyan\u0131n sonlanmas\u0131 bar\u0259d\u0259 q\u0259rar veril\u0259 bil\u0259r&#8221;, -dey\u0259 o \u0259lav\u0259 edib<\/p>\n","protected":false},"excerpt":{"rendered":"<p>Son vaxtlar b\u0259zi Avropa \u00f6lk\u0259l\u0259rind\u0259 bir s\u0131ra m\u0259hdudiyy\u0259tl\u0259r aradan qald\u0131r\u0131l\u0131r. Buna s\u0259b\u0259b is\u0259 h\u0259min \u00f6lk\u0259l\u0259rin \u0259halisnin 80-90 faiznin vaksinasiya olunmas\u0131d\u0131r. Bu bar\u0259d\u0259\u00a0Trend-in suallar\u0131n\u0131 cavabland\u0131rark\u0259n h\u0259kim-infeksionist Vasif \u018fliyev deyib. Onun s\u00f6zl\u0259rin\u0259 g\u00f6r\u0259, \u00f6lk\u0259mizd\u0259 d\u0259 vaksinasiya g\u00f6st\u0259ricil\u0259ri \u00e7ox y\u00fcks\u0259kdir. Lakin yoluxman\u0131n artd\u0131\u011f\u0131 bir zamanda m\u0259hdudiyy\u0259tl\u0259rin aradan qald\u0131r\u0131lmas\u0131 do\u011fru deyil. &#8220;G\u00fcnd\u0259lik olaraq yoluxma hallar\u0131nda art\u0131m m\u00fc\u015fahid\u0259 olunur. B\u0259z\u0259n d\u00fc\u015f\u00fcn\u00fcrl\u0259r ki, bel\u0259 art\u0131m m\u00fc\u015fahid\u0259 olunan bir vaxtda m\u0259hdudiyy\u0259tl\u0259r daha da art\u0131r\u0131la bil\u0259r. M\u0259nim fikrimc\u0259 baxmayaraq ki, yoluxma hallar\u0131n\u0131n say\u0131 art\u0131r, \u00fcmumi x\u0259st\u0259xanalarda v\u0259ziyy\u0259t daha stabildir. Bu onu g\u00f6st\u0259rir ki, \u0259halinin \u00e7ox hiss\u0259si yoluxsa bel\u0259,&hellip;<\/p>\n","protected":false},"author":2,"featured_media":435161,"comment_status":"closed","ping_status":"closed","sticky":false,"template":"","format":"standard","meta":{"om_disable_all_campaigns":false,"_monsterinsights_skip_tracking":false,"_monsterinsights_sitenote_active":false,"_monsterinsights_sitenote_note":"","_monsterinsights_sitenote_category":0},"categories":[1],"tags":[],"aioseo_notices":[],"gutentor_comment":0,"rttpg_featured_image_url":{"full":["https:\/\/arantv.az\/wp-content\/uploads\/2022\/02\/1017261.jpg",800,600,false],"landscape":["https:\/\/arantv.az\/wp-content\/uploads\/2022\/02\/1017261.jpg",800,600,false],"portraits":["https:\/\/arantv.az\/wp-content\/uploads\/2022\/02\/1017261.jpg",800,600,false],"thumbnail":["https:\/\/arantv.az\/wp-content\/uploads\/2022\/02\/1017261-500x280.jpg",500,280,true],"medium":["https:\/\/arantv.az\/wp-content\/uploads\/2022\/02\/1017261-487x365.jpg",487,365,true],"large":["https:\/\/arantv.az\/wp-content\/uploads\/2022\/02\/1017261.jpg",640,480,false],"1536x1536":["https:\/\/arantv.az\/wp-content\/uploads\/2022\/02\/1017261.jpg",800,600,false],"2048x2048":["https:\/\/arantv.az\/wp-content\/uploads\/2022\/02\/1017261.jpg",800,600,false],"post-thumbnail":["https:\/\/arantv.az\/wp-content\/uploads\/2022\/02\/1017261-240x172.jpg",240,172,true],"advps-thumb-one":["https:\/\/arantv.az\/wp-content\/uploads\/2022\/02\/1017261.jpg",800,600,false]},"rttpg_author":{"display_name":"V\u00fcsal Rafiqo\u011flu","author_link":"https:\/\/arantv.az\/?author=2"},"rttpg_comment":0,"rttpg_category":"<a href=\"https:\/\/arantv.az\/?cat=1\" rel=\"category\">C\u0259miyy\u0259t<\/a>","rttpg_excerpt":"Son vaxtlar b\u0259zi Avropa \u00f6lk\u0259l\u0259rind\u0259 bir s\u0131ra m\u0259hdudiyy\u0259tl\u0259r aradan qald\u0131r\u0131l\u0131r. Buna s\u0259b\u0259b is\u0259 h\u0259min \u00f6lk\u0259l\u0259rin \u0259halisnin 80-90 faiznin vaksinasiya olunmas\u0131d\u0131r. Bu bar\u0259d\u0259\u00a0Trend-in suallar\u0131n\u0131 cavabland\u0131rark\u0259n h\u0259kim-infeksionist Vasif \u018fliyev deyib. Onun s\u00f6zl\u0259rin\u0259 g\u00f6r\u0259, \u00f6lk\u0259mizd\u0259 d\u0259 vaksinasiya g\u00f6st\u0259ricil\u0259ri \u00e7ox y\u00fcks\u0259kdir. Lakin yoluxman\u0131n artd\u0131\u011f\u0131 bir zamanda m\u0259hdudiyy\u0259tl\u0259rin aradan qald\u0131r\u0131lmas\u0131 do\u011fru deyil. &#8220;G\u00fcnd\u0259lik olaraq yoluxma hallar\u0131nda art\u0131m m\u00fc\u015fahid\u0259 olunur. B\u0259z\u0259n&hellip;","_links":{"self":[{"href":"https:\/\/arantv.az\/index.php?rest_route=\/wp\/v2\/posts\/435160"}],"collection":[{"href":"https:\/\/arantv.az\/index.php?rest_route=\/wp\/v2\/posts"}],"about":[{"href":"https:\/\/arantv.az\/index.php?rest_route=\/wp\/v2\/types\/post"}],"author":[{"embeddable":true,"href":"https:\/\/arantv.az\/index.php?rest_route=\/wp\/v2\/users\/2"}],"replies":[{"embeddable":true,"href":"https:\/\/arantv.az\/index.php?rest_route=%2Fwp%2Fv2%2Fcomments&post=435160"}],"version-history":[{"count":0,"href":"https:\/\/arantv.az\/index.php?rest_route=\/wp\/v2\/posts\/435160\/revisions"}],"wp:featuredmedia":[{"embeddable":true,"href":"https:\/\/arantv.az\/index.php?rest_route=\/wp\/v2\/media\/435161"}],"wp:attachment":[{"href":"https:\/\/arantv.az\/index.php?rest_route=%2Fwp%2Fv2%2Fmedia&parent=435160"}],"wp:term":[{"taxonomy":"category","embeddable":true,"href":"https:\/\/arantv.az\/index.php?rest_route=%2Fwp%2Fv2%2Fcategories&post=435160"},{"taxonomy":"post_tag","embeddable":true,"href":"https:\/\/arantv.az\/index.php?rest_route=%2Fwp%2Fv2%2Ftags&post=435160"}],"curies":[{"name":"wp","href":"https:\/\/api.w.org\/{rel}","templated":true}]}}