{"id":435320,"date":"2022-02-05T19:14:19","date_gmt":"2022-02-05T16:14:19","guid":{"rendered":"http:\/\/arantv.az\/?p=435320"},"modified":"2022-02-05T19:14:19","modified_gmt":"2022-02-05T16:14:19","slug":"m%c9%99kt%c9%99bl%c9%99r-yenid%c9%99n-baglanacaq-t%c9%99hsil-nazirliyinin-r%c9%99smisi-aciqladi-video","status":"publish","type":"post","link":"https:\/\/arantv.az\/?p=435320","title":{"rendered":"M\u0259kt\u0259bl\u0259r yenid\u0259n ba\u011flanacaq? &#8211; T\u0259hsil Nazirliyinin r\u0259smisi a\u00e7\u0131qlad\u0131 &#8211; V\u0130DEO"},"content":{"rendered":"<p>Mart ay\u0131ndan ba\u011f\u00e7alar T\u0259hsil Nazirliyinin balans\u0131na ke\u00e7\u0259c\u0259k. Art\u0131q i\u015fl\u0259r yekunla\u015fmaq \u00fczr\u0259dir. Ba\u011f\u00e7alara q\u0259bul da onlayn qaydada apar\u0131lacaq. T\u0259hsil Nazirliyinin \u015f\u00f6b\u0259 m\u00fcdiri m\u0259kt\u0259bl\u0259rin ba\u011flanmas\u0131 v\u0259 son g\u00fcnl\u0259r yay\u0131lan g\u00f6r\u00fcnt\u00fcl\u0259rl\u0259 ba\u011fl\u0131 da a\u00e7\u0131qlama verib.<\/p>\n<p>&#8220;Ba\u011f\u00e7alar\u0131n t\u0259hvil-t\u0259slim prosesinin mart ay\u0131nda yekunla\u015fd\u0131r\u0131lmas\u0131 n\u0259z\u0259rd\u0259 tutulub&#8221;. Bunu T\u0259hsil Nazirliyinin \u00dcmumi t\u0259hsilin t\u0259\u015fkili v\u0259 idar\u0259 olunmas\u0131 \u015f\u00f6b\u0259sinin m\u00fcdiri Elnur \u018fliyev deyib.<\/p>\n<p>Elnur \u018fliyevin s\u00f6zl\u0259rin\u0259 g\u00f6r\u0259, g\u0259l\u0259n aya Regional T\u0259hsil \u0130dar\u0259l\u0259rinin yarad\u0131lmas\u0131 il\u0259 ba\u011fl\u0131 b\u00fct\u00fcn i\u015fl\u0259r yekunla\u015facaq.Bununla da bundan sonra ba\u011f\u00e7alar\u0131n idar\u0259 edilm\u0259si i\u015fini h\u0259min idar\u0259l\u0259r h\u0259yata ke\u00e7ir\u0259c\u0259k.<\/p>\n<p>T\u0259hsil Nazirliyi koronavirusun yeni \u015ftam\u0131 &#8220;Omikron&#8221;un s\u00fcr\u0259tl\u0259 yay\u0131lmas\u0131 s\u0259b\u0259bind\u0259n m\u0259kt\u0259bl\u0259rin ba\u011flan\u0131b-ba\u011flanmayaca\u011f\u0131 m\u0259s\u0259l\u0259sin\u0259 ayd\u0131nl\u0131q g\u0259tirib.<\/p>\n<p>Elnur \u018fliyev son g\u00fcnl\u0259r m\u0259kt\u0259bl\u0259rl\u0259 ba\u011fl\u0131 yay\u0131lan g\u00f6r\u00fcnt\u00fcl\u0259r\u0259 d\u0259 ayd\u0131nl\u0131q g\u0259tirib.O bildirib ki , \u00f6t\u0259n ild\u0259n m\u0259kt\u0259bl\u0259rd\u0259 keyfiyy\u0259t monitorinqinin apar\u0131lmas\u0131na ba\u015flan\u0131l\u0131b. T\u0259hlil n\u0259tic\u0259sind\u0259 m\u00fc\u0259yy\u0259n olunub ki, m\u0259kt\u0259bl\u0259rd\u0259 \u015fagirdl\u0259rin davran\u0131\u015f qaydalar\u0131 t\u0259kmill\u0259\u015fdirilm\u0259lidir. Yeni t\u0259dris ilin\u0259 q\u0259d\u0259r m\u0259kt\u0259bl\u0259rd\u0259 \u015fagird davran\u0131\u015f\u0131 qaydalar\u0131n\u0131 t\u0259nziml\u0259y\u0259n yeni n\u00fcmun\u0259vi qaydalar haz\u0131rlanacaq.(x\u0259z\u0259rx\u0259b\u0259r)<\/p>\n<div class=\"embed-responsive embed-responsive-16by9\"><iframe loading=\"lazy\" id=\"nmqembedid\" class=\"embed-responsive-item\" title=\"video player\" src=\"https:\/\/izle.az\/embed\/qyyxDYkKNk5zL_VyCXYEAA~~\" width=\"600\" height=\"340\" frameborder=\"0\" scrolling=\"no\" allowfullscreen=\"allowfullscreen\" data-mce-fragment=\"1\"><\/iframe><\/div>\n","protected":false},"excerpt":{"rendered":"<p>Mart ay\u0131ndan ba\u011f\u00e7alar T\u0259hsil Nazirliyinin balans\u0131na ke\u00e7\u0259c\u0259k. Art\u0131q i\u015fl\u0259r yekunla\u015fmaq \u00fczr\u0259dir. Ba\u011f\u00e7alara q\u0259bul da onlayn qaydada apar\u0131lacaq. T\u0259hsil Nazirliyinin \u015f\u00f6b\u0259 m\u00fcdiri m\u0259kt\u0259bl\u0259rin ba\u011flanmas\u0131 v\u0259 son g\u00fcnl\u0259r yay\u0131lan g\u00f6r\u00fcnt\u00fcl\u0259rl\u0259 ba\u011fl\u0131 da a\u00e7\u0131qlama verib. &#8220;Ba\u011f\u00e7alar\u0131n t\u0259hvil-t\u0259slim prosesinin mart ay\u0131nda yekunla\u015fd\u0131r\u0131lmas\u0131 n\u0259z\u0259rd\u0259 tutulub&#8221;. Bunu T\u0259hsil Nazirliyinin \u00dcmumi t\u0259hsilin t\u0259\u015fkili v\u0259 idar\u0259 olunmas\u0131 \u015f\u00f6b\u0259sinin m\u00fcdiri Elnur \u018fliyev deyib. Elnur \u018fliyevin s\u00f6zl\u0259rin\u0259 g\u00f6r\u0259, g\u0259l\u0259n aya Regional T\u0259hsil \u0130dar\u0259l\u0259rinin yarad\u0131lmas\u0131 il\u0259 ba\u011fl\u0131 b\u00fct\u00fcn i\u015fl\u0259r yekunla\u015facaq.Bununla da bundan sonra ba\u011f\u00e7alar\u0131n idar\u0259 edilm\u0259si i\u015fini h\u0259min idar\u0259l\u0259r h\u0259yata ke\u00e7ir\u0259c\u0259k. T\u0259hsil Nazirliyi koronavirusun yeni \u015ftam\u0131 &#8220;Omikron&#8221;un s\u00fcr\u0259tl\u0259 yay\u0131lmas\u0131 s\u0259b\u0259bind\u0259n m\u0259kt\u0259bl\u0259rin&hellip;<\/p>\n","protected":false},"author":2,"featured_media":435321,"comment_status":"closed","ping_status":"closed","sticky":false,"template":"","format":"standard","meta":{"om_disable_all_campaigns":false,"_monsterinsights_skip_tracking":false,"_monsterinsights_sitenote_active":false,"_monsterinsights_sitenote_note":"","_monsterinsights_sitenote_category":0},"categories":[26],"tags":[],"aioseo_notices":[],"gutentor_comment":0,"rttpg_featured_image_url":{"full":["https:\/\/arantv.az\/wp-content\/uploads\/2022\/02\/Snimok_ekrana_2022-02-05_150816.png",649,342,false],"landscape":["https:\/\/arantv.az\/wp-content\/uploads\/2022\/02\/Snimok_ekrana_2022-02-05_150816.png",649,342,false],"portraits":["https:\/\/arantv.az\/wp-content\/uploads\/2022\/02\/Snimok_ekrana_2022-02-05_150816.png",649,342,false],"thumbnail":["https:\/\/arantv.az\/wp-content\/uploads\/2022\/02\/Snimok_ekrana_2022-02-05_150816-500x280.png",500,280,true],"medium":["https:\/\/arantv.az\/wp-content\/uploads\/2022\/02\/Snimok_ekrana_2022-02-05_150816.png",649,342,false],"large":["https:\/\/arantv.az\/wp-content\/uploads\/2022\/02\/Snimok_ekrana_2022-02-05_150816.png",640,337,false],"1536x1536":["https:\/\/arantv.az\/wp-content\/uploads\/2022\/02\/Snimok_ekrana_2022-02-05_150816.png",649,342,false],"2048x2048":["https:\/\/arantv.az\/wp-content\/uploads\/2022\/02\/Snimok_ekrana_2022-02-05_150816.png",649,342,false],"post-thumbnail":["https:\/\/arantv.az\/wp-content\/uploads\/2022\/02\/Snimok_ekrana_2022-02-05_150816-240x172.png",240,172,true],"advps-thumb-one":["https:\/\/arantv.az\/wp-content\/uploads\/2022\/02\/Snimok_ekrana_2022-02-05_150816.png",649,342,false]},"rttpg_author":{"display_name":"V\u00fcsal Rafiqo\u011flu","author_link":"https:\/\/arantv.az\/?author=2"},"rttpg_comment":0,"rttpg_category":"<a href=\"https:\/\/arantv.az\/?cat=26\" rel=\"category\">Sosial<\/a>","rttpg_excerpt":"Mart ay\u0131ndan ba\u011f\u00e7alar T\u0259hsil Nazirliyinin balans\u0131na ke\u00e7\u0259c\u0259k. Art\u0131q i\u015fl\u0259r yekunla\u015fmaq \u00fczr\u0259dir. Ba\u011f\u00e7alara q\u0259bul da onlayn qaydada apar\u0131lacaq. T\u0259hsil Nazirliyinin \u015f\u00f6b\u0259 m\u00fcdiri m\u0259kt\u0259bl\u0259rin ba\u011flanmas\u0131 v\u0259 son g\u00fcnl\u0259r yay\u0131lan g\u00f6r\u00fcnt\u00fcl\u0259rl\u0259 ba\u011fl\u0131 da a\u00e7\u0131qlama verib. &#8220;Ba\u011f\u00e7alar\u0131n t\u0259hvil-t\u0259slim prosesinin mart ay\u0131nda yekunla\u015fd\u0131r\u0131lmas\u0131 n\u0259z\u0259rd\u0259 tutulub&#8221;. Bunu T\u0259hsil Nazirliyinin \u00dcmumi t\u0259hsilin t\u0259\u015fkili v\u0259 idar\u0259 olunmas\u0131 \u015f\u00f6b\u0259sinin m\u00fcdiri Elnur \u018fliyev deyib. Elnur&hellip;","_links":{"self":[{"href":"https:\/\/arantv.az\/index.php?rest_route=\/wp\/v2\/posts\/435320"}],"collection":[{"href":"https:\/\/arantv.az\/index.php?rest_route=\/wp\/v2\/posts"}],"about":[{"href":"https:\/\/arantv.az\/index.php?rest_route=\/wp\/v2\/types\/post"}],"author":[{"embeddable":true,"href":"https:\/\/arantv.az\/index.php?rest_route=\/wp\/v2\/users\/2"}],"replies":[{"embeddable":true,"href":"https:\/\/arantv.az\/index.php?rest_route=%2Fwp%2Fv2%2Fcomments&post=435320"}],"version-history":[{"count":0,"href":"https:\/\/arantv.az\/index.php?rest_route=\/wp\/v2\/posts\/435320\/revisions"}],"wp:featuredmedia":[{"embeddable":true,"href":"https:\/\/arantv.az\/index.php?rest_route=\/wp\/v2\/media\/435321"}],"wp:attachment":[{"href":"https:\/\/arantv.az\/index.php?rest_route=%2Fwp%2Fv2%2Fmedia&parent=435320"}],"wp:term":[{"taxonomy":"category","embeddable":true,"href":"https:\/\/arantv.az\/index.php?rest_route=%2Fwp%2Fv2%2Fcategories&post=435320"},{"taxonomy":"post_tag","embeddable":true,"href":"https:\/\/arantv.az\/index.php?rest_route=%2Fwp%2Fv2%2Ftags&post=435320"}],"curies":[{"name":"wp","href":"https:\/\/api.w.org\/{rel}","templated":true}]}}