{"id":435324,"date":"2022-02-05T19:15:07","date_gmt":"2022-02-05T16:15:07","guid":{"rendered":"http:\/\/arantv.az\/?p=435324"},"modified":"2022-02-05T19:15:07","modified_gmt":"2022-02-05T16:15:07","slug":"turkiy%c9%99nin-s%c9%99hiyy%c9%99-nazirind%c9%99n-%c9%99rdogan-v%c9%99-h%c9%99yat-yoldasinin-saglamliq-v%c9%99ziyy%c9%99ti-bar%c9%99d%c9%99-aciqlama-foto","status":"publish","type":"post","link":"https:\/\/arantv.az\/?p=435324","title":{"rendered":"T\u00fcrkiy\u0259nin S\u0259hiyy\u0259 nazirind\u0259n \u018frdo\u011fan v\u0259 h\u0259yat yolda\u015f\u0131n\u0131n sa\u011flaml\u0131q v\u0259ziyy\u0259ti bar\u0259d\u0259 A\u00c7IQLAMA &#8211; FOTO"},"content":{"rendered":"<p>T\u00fcrkiy\u0259nin S\u0259hiyy\u0259 naziri Fahrettin Koca koronavirusa yoluxan T\u00fcrkiy\u0259 Prezidenti R\u0259c\u0259b Tayyib \u018frdo\u011fan v\u0259 h\u0259yat yolda\u015f\u0131 \u018fmin\u0259 \u018frdo\u011fan\u0131n v\u0259ziyy\u0259ti il\u0259 ba\u011fl\u0131 dan\u0131\u015f\u0131b.<\/p>\n<div class=\"AdviadNativeVideo\"><\/div>\n<p>S\u0259hiyy\u0259 naziri bu bar\u0259d\u0259 \u201cTwitter\u201d hesab\u0131nda yaz\u0131b.<\/p>\n<p>\u201cOmikron\u201d \u015ftamm\u0131n\u0131n s\u00fcr\u0259tl\u0259 yay\u0131ld\u0131\u011f\u0131 bu d\u00f6vrd\u0259 y\u00fcng\u00fcl simptonlarla ba\u011fl\u0131 c\u0259nab Prezidentimiz v\u0259 d\u0259y\u0259rli h\u0259yat yolda\u015f\u0131 \u018fmin\u0259 \u018frdo\u011fan \u00fc\u00e7\u00fcn ke\u00e7iril\u0259n COVID-19 testi m\u00fcsb\u0259t \u00e7\u0131x\u0131b. Sa\u011flaml\u0131q v\u0259ziyy\u0259tl\u0259ri f\u0259aliyy\u0259tl\u0259rin\u0259 \u0259ng\u0259l yaratmayacaq q\u0259d\u0259r yax\u015f\u0131d\u0131r\u201d, &#8211; dey\u0259 nazir bildirib.<\/p>\n<div>\n<div class=\"twitter-tweet twitter-tweet-rendered\"><iframe id=\"twitter-widget-0\" class=\"\" title=\"Twitter Tweet\" src=\"https:\/\/platform.twitter.com\/embed\/Tweet.html?creatorScreenName=oxuaz&amp;dnt=false&amp;embedId=twitter-widget-0&amp;features=eyJ0ZndfZXhwZXJpbWVudHNfY29va2llX2V4cGlyYXRpb24iOnsiYnVja2V0IjoxMjA5NjAwLCJ2ZXJzaW9uIjpudWxsfSwidGZ3X2hvcml6b25fdHdlZXRfZW1iZWRfOTU1NSI6eyJidWNrZXQiOiJodGUiLCJ2ZXJzaW9uIjpudWxsfSwidGZ3X3NwYWNlX2NhcmQiOnsiYnVja2V0Ijoib2ZmIiwidmVyc2lvbiI6bnVsbH19&amp;frame=false&amp;hideCard=false&amp;hideThread=false&amp;id=1489968354903400454&amp;lang=en&amp;origin=https%3A%2F%2Foxu.az%2Fpolitics%2F570646&amp;sessionId=799587da5e9e96935be87ff0e8f9864309f4ef26&amp;siteScreenName=oxuaz&amp;theme=light&amp;widgetsVersion=0a8eea3%3A1643743420422&amp;width=550px\" frameborder=\"0\" scrolling=\"no\" allowfullscreen=\"allowfullscreen\" data-tweet-id=\"1489968354903400454\" data-mce-fragment=\"1\"><\/iframe><\/div>\n<\/div>\n<p>&nbsp;<\/p>\n","protected":false},"excerpt":{"rendered":"<p>T\u00fcrkiy\u0259nin S\u0259hiyy\u0259 naziri Fahrettin Koca koronavirusa yoluxan T\u00fcrkiy\u0259 Prezidenti R\u0259c\u0259b Tayyib \u018frdo\u011fan v\u0259 h\u0259yat yolda\u015f\u0131 \u018fmin\u0259 \u018frdo\u011fan\u0131n v\u0259ziyy\u0259ti il\u0259 ba\u011fl\u0131 dan\u0131\u015f\u0131b. S\u0259hiyy\u0259 naziri bu bar\u0259d\u0259 \u201cTwitter\u201d hesab\u0131nda yaz\u0131b. \u201cOmikron\u201d \u015ftamm\u0131n\u0131n s\u00fcr\u0259tl\u0259 yay\u0131ld\u0131\u011f\u0131 bu d\u00f6vrd\u0259 y\u00fcng\u00fcl simptonlarla ba\u011fl\u0131 c\u0259nab Prezidentimiz v\u0259 d\u0259y\u0259rli h\u0259yat yolda\u015f\u0131 \u018fmin\u0259 \u018frdo\u011fan \u00fc\u00e7\u00fcn ke\u00e7iril\u0259n COVID-19 testi m\u00fcsb\u0259t \u00e7\u0131x\u0131b. Sa\u011flaml\u0131q v\u0259ziyy\u0259tl\u0259ri f\u0259aliyy\u0259tl\u0259rin\u0259 \u0259ng\u0259l yaratmayacaq q\u0259d\u0259r yax\u015f\u0131d\u0131r\u201d, &#8211; dey\u0259 nazir bildirib. &nbsp;<\/p>\n","protected":false},"author":2,"featured_media":435325,"comment_status":"closed","ping_status":"closed","sticky":false,"template":"","format":"standard","meta":{"om_disable_all_campaigns":false,"_monsterinsights_skip_tracking":false,"_monsterinsights_sitenote_active":false,"_monsterinsights_sitenote_note":"","_monsterinsights_sitenote_category":0},"categories":[4],"tags":[],"aioseo_notices":[],"gutentor_comment":0,"rttpg_featured_image_url":{"full":["https:\/\/arantv.az\/wp-content\/uploads\/2022\/02\/FotoJet-2022-02-05T200345.176.jpg",620,413,false],"landscape":["https:\/\/arantv.az\/wp-content\/uploads\/2022\/02\/FotoJet-2022-02-05T200345.176.jpg",620,413,false],"portraits":["https:\/\/arantv.az\/wp-content\/uploads\/2022\/02\/FotoJet-2022-02-05T200345.176.jpg",620,413,false],"thumbnail":["https:\/\/arantv.az\/wp-content\/uploads\/2022\/02\/FotoJet-2022-02-05T200345.176-500x280.jpg",500,280,true],"medium":["https:\/\/arantv.az\/wp-content\/uploads\/2022\/02\/FotoJet-2022-02-05T200345.176-548x365.jpg",548,365,true],"large":["https:\/\/arantv.az\/wp-content\/uploads\/2022\/02\/FotoJet-2022-02-05T200345.176.jpg",620,413,false],"1536x1536":["https:\/\/arantv.az\/wp-content\/uploads\/2022\/02\/FotoJet-2022-02-05T200345.176.jpg",620,413,false],"2048x2048":["https:\/\/arantv.az\/wp-content\/uploads\/2022\/02\/FotoJet-2022-02-05T200345.176.jpg",620,413,false],"post-thumbnail":["https:\/\/arantv.az\/wp-content\/uploads\/2022\/02\/FotoJet-2022-02-05T200345.176-240x172.jpg",240,172,true],"advps-thumb-one":["https:\/\/arantv.az\/wp-content\/uploads\/2022\/02\/FotoJet-2022-02-05T200345.176.jpg",620,413,false]},"rttpg_author":{"display_name":"V\u00fcsal Rafiqo\u011flu","author_link":"https:\/\/arantv.az\/?author=2"},"rttpg_comment":0,"rttpg_category":"<a href=\"https:\/\/arantv.az\/?cat=4\" rel=\"category\">Siyas\u0259t<\/a>","rttpg_excerpt":"T\u00fcrkiy\u0259nin S\u0259hiyy\u0259 naziri Fahrettin Koca koronavirusa yoluxan T\u00fcrkiy\u0259 Prezidenti R\u0259c\u0259b Tayyib \u018frdo\u011fan v\u0259 h\u0259yat yolda\u015f\u0131 \u018fmin\u0259 \u018frdo\u011fan\u0131n v\u0259ziyy\u0259ti il\u0259 ba\u011fl\u0131 dan\u0131\u015f\u0131b. S\u0259hiyy\u0259 naziri bu bar\u0259d\u0259 \u201cTwitter\u201d hesab\u0131nda yaz\u0131b. \u201cOmikron\u201d \u015ftamm\u0131n\u0131n s\u00fcr\u0259tl\u0259 yay\u0131ld\u0131\u011f\u0131 bu d\u00f6vrd\u0259 y\u00fcng\u00fcl simptonlarla ba\u011fl\u0131 c\u0259nab Prezidentimiz v\u0259 d\u0259y\u0259rli h\u0259yat yolda\u015f\u0131 \u018fmin\u0259 \u018frdo\u011fan \u00fc\u00e7\u00fcn ke\u00e7iril\u0259n COVID-19 testi m\u00fcsb\u0259t \u00e7\u0131x\u0131b. Sa\u011flaml\u0131q v\u0259ziyy\u0259tl\u0259ri f\u0259aliyy\u0259tl\u0259rin\u0259 \u0259ng\u0259l&hellip;","_links":{"self":[{"href":"https:\/\/arantv.az\/index.php?rest_route=\/wp\/v2\/posts\/435324"}],"collection":[{"href":"https:\/\/arantv.az\/index.php?rest_route=\/wp\/v2\/posts"}],"about":[{"href":"https:\/\/arantv.az\/index.php?rest_route=\/wp\/v2\/types\/post"}],"author":[{"embeddable":true,"href":"https:\/\/arantv.az\/index.php?rest_route=\/wp\/v2\/users\/2"}],"replies":[{"embeddable":true,"href":"https:\/\/arantv.az\/index.php?rest_route=%2Fwp%2Fv2%2Fcomments&post=435324"}],"version-history":[{"count":0,"href":"https:\/\/arantv.az\/index.php?rest_route=\/wp\/v2\/posts\/435324\/revisions"}],"wp:featuredmedia":[{"embeddable":true,"href":"https:\/\/arantv.az\/index.php?rest_route=\/wp\/v2\/media\/435325"}],"wp:attachment":[{"href":"https:\/\/arantv.az\/index.php?rest_route=%2Fwp%2Fv2%2Fmedia&parent=435324"}],"wp:term":[{"taxonomy":"category","embeddable":true,"href":"https:\/\/arantv.az\/index.php?rest_route=%2Fwp%2Fv2%2Fcategories&post=435324"},{"taxonomy":"post_tag","embeddable":true,"href":"https:\/\/arantv.az\/index.php?rest_route=%2Fwp%2Fv2%2Ftags&post=435324"}],"curies":[{"name":"wp","href":"https:\/\/api.w.org\/{rel}","templated":true}]}}