{"id":43582,"date":"2019-03-07T13:38:23","date_gmt":"2019-03-07T10:38:23","guid":{"rendered":"http:\/\/arantv.az\/?p=43582"},"modified":"2019-03-07T13:38:23","modified_gmt":"2019-03-07T10:38:23","slug":"prezident-ilham-%c9%99liyev-daxili-qosunlarin-h%c9%99rbi-qulluqcularini-t%c9%99ltif-edib-siyahi","status":"publish","type":"post","link":"https:\/\/arantv.az\/?p=43582","title":{"rendered":"Prezident \u0130lham \u018fliyev Daxili Qo\u015funlar\u0131n h\u0259rbi qulluq\u00e7ular\u0131n\u0131 t\u0259ltif edib &#8211; S\u0130YAHI"},"content":{"rendered":"<p><strong>Prezident \u0130lham \u018fliyev Daxili \u0130\u015fl\u0259r Nazirliyi Daxili Qo\u015funlar\u0131n\u0131n h\u0259rbi qulluq\u00e7ular\u0131na ali h\u0259rbi r\u00fctb\u0259l\u0259rin verilm\u0259si haqq\u0131nda s\u0259r\u0259ncam imzalay\u0131b.<\/strong><\/p>\n<p><strong>ARANTV.AZ<\/strong> az\u0259rtac-a istinad\u0259n bildirir ki, S\u0259r\u0259ncama \u0259sas\u0259n, Daxili Qo\u015funlar\u0131n a\u015fa\u011f\u0131dak\u0131 h\u0259rbi qulluq\u00e7ular\u0131na general-mayor ali h\u0259rbi r\u00fctb\u0259si verilir:<\/p>\n<p>polkovnik Muradov \u0130nqilab Heyd\u0259r o\u011flu<br \/>\npolkovnik Niftaliyev S\u0259lim C\u0259f\u0259r o\u011flu<\/p>\n<p><strong>Prezident \u0130lham \u018fliyev, h\u0259m\u00e7inin Daxili \u0130\u015fl\u0259r Nazirliyinin Daxili Qo\u015funlar\u0131 h\u0259rbi qulluq\u00e7ular\u0131n\u0131n t\u0259ltif edilm\u0259si haqq\u0131nda s\u0259r\u0259ncam imzalay\u0131b.<\/strong><\/p>\n<p>S\u0259r\u0259ncamda deyilir ki, Daxili Qo\u015funlar\u0131n yarad\u0131lmas\u0131n\u0131n 27-ci ild\u00f6n\u00fcm\u00fc il\u0259 \u0259laq\u0259dar olaraq, d\u00f6vl\u0259tin \u0259razi b\u00fct\u00f6vl\u00fcy\u00fcn\u00fcn t\u0259min olunmas\u0131nda i\u015ftirak etdikl\u0259rin\u0259, d\u00f6y\u00fc\u015f zaman\u0131 igidlik g\u00f6st\u0259rdikl\u0259rin\u0259, \u00f6z xidm\u0259ti v\u0259zif\u0259l\u0259rini v\u0259 h\u0259rbi hiss\u0259 qar\u015f\u0131s\u0131nda qoyulmu\u015f tap\u015f\u0131r\u0131qlar\u0131 yerin\u0259 yetir\u0259rk\u0259n f\u0259rql\u0259ndikl\u0259rin\u0259 g\u00f6r\u0259 a\u015fa\u011f\u0131dak\u0131 h\u0259rbi qulluq\u00e7ular t\u0259ltif edilsinl\u0259r:<\/p>\n<p>&#8220;\u0130gidliy\u0259 g\u00f6r\u0259&#8221; medal\u0131 il\u0259<\/p>\n<p>Xudiyev Vilay\u0259t Yunus o\u011flu &#8211; leytenant (\u00f6l\u00fcm\u00fcnd\u0259n sonra)<br \/>\nQas\u0131mov El\u015f\u0259n Oruc o\u011flu &#8211; \u0259sg\u0259r (\u00f6l\u00fcm\u00fcnd\u0259n sonra)<\/p>\n<p>&#8220;H\u0259rbi xidm\u0259tl\u0259r\u0259 g\u00f6r\u0259&#8221; medal\u0131 il\u0259<\/p>\n<p>Abdullayev Namiq Y\u0259dulla o\u011flu &#8211; polkovnik<br \/>\nBayramov Kamal Damad o\u011flu &#8211; polkovnik-leytenant<br \/>\n\u018fliyev Ya\u015fad Ay\u0131l o\u011flu &#8211; polkovnik-leytenant<br \/>\n\u018fsg\u0259rov Z\u00f6hrab \u018fv\u0259za\u011fa o\u011flu &#8211; polkovnik-leytenant<br \/>\nF\u0259r\u0259cov Fariz Mirza\u011fa o\u011flu &#8211; polkovnik-leytenant<br \/>\n\u0130brahimov \u018ffqan Musa o\u011flu &#8211; polkovnik-leytenant<br \/>\nM\u0259mm\u0259dov Emin Arif o\u011flu &#8211; polkovnik-leytenant<br \/>\nMusayev Al\u0131\u015fan H\u0259bos\u0259t o\u011flu &#8211; tibb xidm\u0259ti polkovnik-leytenant\u0131<br \/>\nUmud\u0259liyev Vaqif R\u0259\u015faiq o\u011flu &#8211; polkovnik-leytenant<br \/>\nYusubov Natiq Yusif o\u011flu &#8211; polkovnik-leytenant<br \/>\nR\u0259himov Zaur \u015eirinb\u0259y o\u011flu &#8211; mayor<br \/>\nRizvanov Anar Tofiq o\u011flu &#8211; mayor<br \/>\nSeyidov Orxan Mir Qafar o\u011flu &#8211; kapitan<br \/>\nR\u00fcst\u0259mov El\u00e7in K\u0259r\u0259m o\u011flu &#8211; ba\u015f gizir<\/p>\n","protected":false},"excerpt":{"rendered":"<p>Prezident \u0130lham \u018fliyev Daxili \u0130\u015fl\u0259r Nazirliyi Daxili Qo\u015funlar\u0131n\u0131n h\u0259rbi qulluq\u00e7ular\u0131na ali h\u0259rbi r\u00fctb\u0259l\u0259rin verilm\u0259si haqq\u0131nda s\u0259r\u0259ncam imzalay\u0131b. ARANTV.AZ az\u0259rtac-a istinad\u0259n bildirir ki, S\u0259r\u0259ncama \u0259sas\u0259n, Daxili Qo\u015funlar\u0131n a\u015fa\u011f\u0131dak\u0131 h\u0259rbi qulluq\u00e7ular\u0131na general-mayor ali h\u0259rbi r\u00fctb\u0259si verilir: polkovnik Muradov \u0130nqilab Heyd\u0259r o\u011flu polkovnik Niftaliyev S\u0259lim C\u0259f\u0259r o\u011flu Prezident \u0130lham \u018fliyev, h\u0259m\u00e7inin Daxili \u0130\u015fl\u0259r Nazirliyinin Daxili Qo\u015funlar\u0131 h\u0259rbi qulluq\u00e7ular\u0131n\u0131n t\u0259ltif edilm\u0259si haqq\u0131nda s\u0259r\u0259ncam imzalay\u0131b. S\u0259r\u0259ncamda deyilir ki, Daxili Qo\u015funlar\u0131n yarad\u0131lmas\u0131n\u0131n 27-ci ild\u00f6n\u00fcm\u00fc il\u0259 \u0259laq\u0259dar olaraq, d\u00f6vl\u0259tin \u0259razi b\u00fct\u00f6vl\u00fcy\u00fcn\u00fcn t\u0259min olunmas\u0131nda i\u015ftirak etdikl\u0259rin\u0259, d\u00f6y\u00fc\u015f zaman\u0131 igidlik g\u00f6st\u0259rdikl\u0259rin\u0259, \u00f6z xidm\u0259ti v\u0259zif\u0259l\u0259rini v\u0259 h\u0259rbi hiss\u0259 qar\u015f\u0131s\u0131nda qoyulmu\u015f&hellip;<\/p>\n","protected":false},"author":2,"featured_media":43583,"comment_status":"closed","ping_status":"closed","sticky":false,"template":"","format":"standard","meta":{"om_disable_all_campaigns":false,"_monsterinsights_skip_tracking":false,"_monsterinsights_sitenote_active":false,"_monsterinsights_sitenote_note":"","_monsterinsights_sitenote_category":0},"categories":[4],"tags":[],"aioseo_notices":[],"gutentor_comment":0,"rttpg_featured_image_url":{"full":["https:\/\/arantv.az\/wp-content\/uploads\/2019\/03\/2018_ilham_aliyev_05-4.jpg",1200,900,false],"landscape":["https:\/\/arantv.az\/wp-content\/uploads\/2019\/03\/2018_ilham_aliyev_05-4.jpg",1200,900,false],"portraits":["https:\/\/arantv.az\/wp-content\/uploads\/2019\/03\/2018_ilham_aliyev_05-4.jpg",1200,900,false],"thumbnail":["https:\/\/arantv.az\/wp-content\/uploads\/2019\/03\/2018_ilham_aliyev_05-4-150x150.jpg",150,150,true],"medium":["https:\/\/arantv.az\/wp-content\/uploads\/2019\/03\/2018_ilham_aliyev_05-4-300x225.jpg",300,225,true],"large":["https:\/\/arantv.az\/wp-content\/uploads\/2019\/03\/2018_ilham_aliyev_05-4-1024x768.jpg",640,480,true],"1536x1536":["https:\/\/arantv.az\/wp-content\/uploads\/2019\/03\/2018_ilham_aliyev_05-4.jpg",1200,900,false],"2048x2048":["https:\/\/arantv.az\/wp-content\/uploads\/2019\/03\/2018_ilham_aliyev_05-4.jpg",1200,900,false],"post-thumbnail":["https:\/\/arantv.az\/wp-content\/uploads\/2019\/03\/2018_ilham_aliyev_05-4-240x172.jpg",240,172,true],"advps-thumb-one":["https:\/\/arantv.az\/wp-content\/uploads\/2019\/03\/2018_ilham_aliyev_05-4-1200x620.jpg",1200,620,true]},"rttpg_author":{"display_name":"V\u00fcsal Rafiqo\u011flu","author_link":"https:\/\/arantv.az\/?author=2"},"rttpg_comment":0,"rttpg_category":"<a href=\"https:\/\/arantv.az\/?cat=4\" rel=\"category\">Siyas\u0259t<\/a>","rttpg_excerpt":"Prezident \u0130lham \u018fliyev Daxili \u0130\u015fl\u0259r Nazirliyi Daxili Qo\u015funlar\u0131n\u0131n h\u0259rbi qulluq\u00e7ular\u0131na ali h\u0259rbi r\u00fctb\u0259l\u0259rin verilm\u0259si haqq\u0131nda s\u0259r\u0259ncam imzalay\u0131b. ARANTV.AZ az\u0259rtac-a istinad\u0259n bildirir ki, S\u0259r\u0259ncama \u0259sas\u0259n, Daxili Qo\u015funlar\u0131n a\u015fa\u011f\u0131dak\u0131 h\u0259rbi qulluq\u00e7ular\u0131na general-mayor ali h\u0259rbi r\u00fctb\u0259si verilir: polkovnik Muradov \u0130nqilab Heyd\u0259r o\u011flu polkovnik Niftaliyev S\u0259lim C\u0259f\u0259r o\u011flu Prezident \u0130lham \u018fliyev, h\u0259m\u00e7inin Daxili \u0130\u015fl\u0259r Nazirliyinin Daxili Qo\u015funlar\u0131 h\u0259rbi qulluq\u00e7ular\u0131n\u0131n&hellip;","_links":{"self":[{"href":"https:\/\/arantv.az\/index.php?rest_route=\/wp\/v2\/posts\/43582"}],"collection":[{"href":"https:\/\/arantv.az\/index.php?rest_route=\/wp\/v2\/posts"}],"about":[{"href":"https:\/\/arantv.az\/index.php?rest_route=\/wp\/v2\/types\/post"}],"author":[{"embeddable":true,"href":"https:\/\/arantv.az\/index.php?rest_route=\/wp\/v2\/users\/2"}],"replies":[{"embeddable":true,"href":"https:\/\/arantv.az\/index.php?rest_route=%2Fwp%2Fv2%2Fcomments&post=43582"}],"version-history":[{"count":0,"href":"https:\/\/arantv.az\/index.php?rest_route=\/wp\/v2\/posts\/43582\/revisions"}],"wp:featuredmedia":[{"embeddable":true,"href":"https:\/\/arantv.az\/index.php?rest_route=\/wp\/v2\/media\/43583"}],"wp:attachment":[{"href":"https:\/\/arantv.az\/index.php?rest_route=%2Fwp%2Fv2%2Fmedia&parent=43582"}],"wp:term":[{"taxonomy":"category","embeddable":true,"href":"https:\/\/arantv.az\/index.php?rest_route=%2Fwp%2Fv2%2Fcategories&post=43582"},{"taxonomy":"post_tag","embeddable":true,"href":"https:\/\/arantv.az\/index.php?rest_route=%2Fwp%2Fv2%2Ftags&post=43582"}],"curies":[{"name":"wp","href":"https:\/\/api.w.org\/{rel}","templated":true}]}}