{"id":43594,"date":"2019-03-07T13:43:03","date_gmt":"2019-03-07T10:43:03","guid":{"rendered":"http:\/\/arantv.az\/?p=43594"},"modified":"2019-03-07T13:43:03","modified_gmt":"2019-03-07T10:43:03","slug":"g%c9%99nc%c9%99d%c9%99-iki-qardas-bicaqlandi","status":"publish","type":"post","link":"https:\/\/arantv.az\/?p=43594","title":{"rendered":"G\u0259nc\u0259d\u0259 iki qarda\u015f b\u0131\u00e7aqland\u0131"},"content":{"rendered":"<p><strong>G\u0259nc\u0259 \u015f\u0259h\u0259rind\u0259 iki qarda\u015f b\u0131\u00e7aqlan\u0131b.\u00a0<\/strong><\/p>\n<p><strong>ARANTV.AZ<\/strong> Milli.Az-a istinad\u0259n x\u0259b\u0259r verir ki, Da\u015fk\u0259s\u0259n rayon sakini, 1989-cu il t\u0259v\u0259ll\u00fcdl\u00fc Ramil Asif o\u011flu Musayev \u015f\u0259xsi m\u00fcnaqi\u015f\u0259 z\u0259minind\u0259 k\u0259sici-de\u015fici ail\u0259tl\u0259 1973-c\u00fc il t\u0259v\u0259ll\u00fcdl\u00fc Rafiq K\u0259r\u0259m o\u011flu \u018fsg\u0259rova v\u0259 onun qarda\u015f\u0131, 1978-ci il t\u0259v\u0259ll\u00fcdl\u00fc K\u0259nan\u0131n bud nahiy\u0259sin\u0259 daxil\u0259 ke\u00e7m\u0259y\u0259n x\u0259sar\u0259t yetirib. Yaral\u0131lar G\u0259nc\u0259 \u015f\u0259h\u0259r T\u0259cili Tibbi Yard\u0131m X\u0259st\u0259xanas\u0131n\u0131n Travmatologiya \u015f\u00f6b\u0259sin\u0259 apar\u0131l\u0131b, onlara laz\u0131mi tibbi yard\u0131m g\u00f6st\u0259rilib v\u0259 v\u0259ziyy\u0259tl\u0259rinin normal oldu\u011fu bildirilir.<\/p>\n<p>Hadis\u0259ni t\u00f6r\u0259d\u0259n \u015f\u0259xs saxlan\u0131l\u0131b.<\/p>\n<div id=\"AdributorNativeVideo0\" class=\"AdributorNativeVideo\"><\/div>\n<p>Faktla ba\u011fl\u0131 ara\u015fd\u0131rma apar\u0131l\u0131r.<\/p>\n","protected":false},"excerpt":{"rendered":"<p>G\u0259nc\u0259 \u015f\u0259h\u0259rind\u0259 iki qarda\u015f b\u0131\u00e7aqlan\u0131b.\u00a0 ARANTV.AZ Milli.Az-a istinad\u0259n x\u0259b\u0259r verir ki, Da\u015fk\u0259s\u0259n rayon sakini, 1989-cu il t\u0259v\u0259ll\u00fcdl\u00fc Ramil Asif o\u011flu Musayev \u015f\u0259xsi m\u00fcnaqi\u015f\u0259 z\u0259minind\u0259 k\u0259sici-de\u015fici ail\u0259tl\u0259 1973-c\u00fc il t\u0259v\u0259ll\u00fcdl\u00fc Rafiq K\u0259r\u0259m o\u011flu \u018fsg\u0259rova v\u0259 onun qarda\u015f\u0131, 1978-ci il t\u0259v\u0259ll\u00fcdl\u00fc K\u0259nan\u0131n bud nahiy\u0259sin\u0259 daxil\u0259 ke\u00e7m\u0259y\u0259n x\u0259sar\u0259t yetirib. Yaral\u0131lar G\u0259nc\u0259 \u015f\u0259h\u0259r T\u0259cili Tibbi Yard\u0131m X\u0259st\u0259xanas\u0131n\u0131n Travmatologiya \u015f\u00f6b\u0259sin\u0259 apar\u0131l\u0131b, onlara laz\u0131mi tibbi yard\u0131m g\u00f6st\u0259rilib v\u0259 v\u0259ziyy\u0259tl\u0259rinin normal oldu\u011fu bildirilir. Hadis\u0259ni t\u00f6r\u0259d\u0259n \u015f\u0259xs saxlan\u0131l\u0131b. Faktla ba\u011fl\u0131 ara\u015fd\u0131rma apar\u0131l\u0131r.<\/p>\n","protected":false},"author":2,"featured_media":43595,"comment_status":"closed","ping_status":"closed","sticky":false,"template":"","format":"standard","meta":{"om_disable_all_campaigns":false,"_monsterinsights_skip_tracking":false,"_monsterinsights_sitenote_active":false,"_monsterinsights_sitenote_note":"","_monsterinsights_sitenote_category":0},"categories":[3],"tags":[],"aioseo_notices":[],"gutentor_comment":0,"rttpg_featured_image_url":{"full":["https:\/\/arantv.az\/wp-content\/uploads\/2019\/03\/xestexana_2837576.jpg",800,600,false],"landscape":["https:\/\/arantv.az\/wp-content\/uploads\/2019\/03\/xestexana_2837576.jpg",800,600,false],"portraits":["https:\/\/arantv.az\/wp-content\/uploads\/2019\/03\/xestexana_2837576.jpg",800,600,false],"thumbnail":["https:\/\/arantv.az\/wp-content\/uploads\/2019\/03\/xestexana_2837576-150x150.jpg",150,150,true],"medium":["https:\/\/arantv.az\/wp-content\/uploads\/2019\/03\/xestexana_2837576-300x225.jpg",300,225,true],"large":["https:\/\/arantv.az\/wp-content\/uploads\/2019\/03\/xestexana_2837576.jpg",640,480,false],"1536x1536":["https:\/\/arantv.az\/wp-content\/uploads\/2019\/03\/xestexana_2837576.jpg",800,600,false],"2048x2048":["https:\/\/arantv.az\/wp-content\/uploads\/2019\/03\/xestexana_2837576.jpg",800,600,false],"post-thumbnail":["https:\/\/arantv.az\/wp-content\/uploads\/2019\/03\/xestexana_2837576-240x172.jpg",240,172,true],"advps-thumb-one":["https:\/\/arantv.az\/wp-content\/uploads\/2019\/03\/xestexana_2837576.jpg",800,600,false]},"rttpg_author":{"display_name":"V\u00fcsal Rafiqo\u011flu","author_link":"https:\/\/arantv.az\/?author=2"},"rttpg_comment":0,"rttpg_category":"<a href=\"https:\/\/arantv.az\/?cat=3\" rel=\"category\">Kriminal<\/a>","rttpg_excerpt":"G\u0259nc\u0259 \u015f\u0259h\u0259rind\u0259 iki qarda\u015f b\u0131\u00e7aqlan\u0131b.\u00a0 ARANTV.AZ Milli.Az-a istinad\u0259n x\u0259b\u0259r verir ki, Da\u015fk\u0259s\u0259n rayon sakini, 1989-cu il t\u0259v\u0259ll\u00fcdl\u00fc Ramil Asif o\u011flu Musayev \u015f\u0259xsi m\u00fcnaqi\u015f\u0259 z\u0259minind\u0259 k\u0259sici-de\u015fici ail\u0259tl\u0259 1973-c\u00fc il t\u0259v\u0259ll\u00fcdl\u00fc Rafiq K\u0259r\u0259m o\u011flu \u018fsg\u0259rova v\u0259 onun qarda\u015f\u0131, 1978-ci il t\u0259v\u0259ll\u00fcdl\u00fc K\u0259nan\u0131n bud nahiy\u0259sin\u0259 daxil\u0259 ke\u00e7m\u0259y\u0259n x\u0259sar\u0259t yetirib. Yaral\u0131lar G\u0259nc\u0259 \u015f\u0259h\u0259r T\u0259cili Tibbi Yard\u0131m X\u0259st\u0259xanas\u0131n\u0131n Travmatologiya \u015f\u00f6b\u0259sin\u0259&hellip;","_links":{"self":[{"href":"https:\/\/arantv.az\/index.php?rest_route=\/wp\/v2\/posts\/43594"}],"collection":[{"href":"https:\/\/arantv.az\/index.php?rest_route=\/wp\/v2\/posts"}],"about":[{"href":"https:\/\/arantv.az\/index.php?rest_route=\/wp\/v2\/types\/post"}],"author":[{"embeddable":true,"href":"https:\/\/arantv.az\/index.php?rest_route=\/wp\/v2\/users\/2"}],"replies":[{"embeddable":true,"href":"https:\/\/arantv.az\/index.php?rest_route=%2Fwp%2Fv2%2Fcomments&post=43594"}],"version-history":[{"count":0,"href":"https:\/\/arantv.az\/index.php?rest_route=\/wp\/v2\/posts\/43594\/revisions"}],"wp:featuredmedia":[{"embeddable":true,"href":"https:\/\/arantv.az\/index.php?rest_route=\/wp\/v2\/media\/43595"}],"wp:attachment":[{"href":"https:\/\/arantv.az\/index.php?rest_route=%2Fwp%2Fv2%2Fmedia&parent=43594"}],"wp:term":[{"taxonomy":"category","embeddable":true,"href":"https:\/\/arantv.az\/index.php?rest_route=%2Fwp%2Fv2%2Fcategories&post=43594"},{"taxonomy":"post_tag","embeddable":true,"href":"https:\/\/arantv.az\/index.php?rest_route=%2Fwp%2Fv2%2Ftags&post=43594"}],"curies":[{"name":"wp","href":"https:\/\/api.w.org\/{rel}","templated":true}]}}