{"id":43598,"date":"2019-03-07T13:44:15","date_gmt":"2019-03-07T10:44:15","guid":{"rendered":"http:\/\/arantv.az\/?p=43598"},"modified":"2019-03-07T13:44:15","modified_gmt":"2019-03-07T10:44:15","slug":"hikm%c9%99t-haciyev-soz-gul%c9%99sdirm%c9%99kl%c9%99-erm%c9%99nistan-hokum%c9%99ti-m%c9%99suliyy%c9%99td%c9%99n-qaca-bilm%c9%99z","status":"publish","type":"post","link":"https:\/\/arantv.az\/?p=43598","title":{"rendered":"Hikm\u0259t Hac\u0131yev: &#8220;S\u00f6z g\u00fcl\u0259\u015fdirm\u0259kl\u0259 Erm\u0259nistan h\u00f6kum\u0259ti m\u0259suliyy\u0259td\u0259n qa\u00e7a bilm\u0259z&#8221;"},"content":{"rendered":"<blockquote><p><em><strong>Erm\u0259nistan\u0131n ba\u015f naziri Nikol Pa\u015finyan\u0131n Br\u00fcsseld\u0259 d\u0259rc olunan &#8220;EURACT\u0130V&#8221; portal\u0131na m\u00fcsahib\u0259sin\u0259 cavab olaraq h\u0259min portalda Prezident Administrasiyas\u0131 xarici siyas\u0259t m\u0259s\u0259l\u0259l\u0259ri \u015f\u00f6b\u0259sinin m\u00fcdiri Hikm\u0259t Hac\u0131yevin m\u0259qal\u0259si d\u0259rc olunub.<\/strong><\/em><\/p><\/blockquote>\n<p><strong>ARANTV.AZ<\/strong> trend-\u0259 istinad\u0259n x\u0259b\u0259r verir ki, m\u0259qal\u0259d\u0259 deyilir:<\/p>\n<p>&#8220;Erm\u0259nistan ba\u015f naziri Nikol Pa\u015finyan\u0131n 4 mart tarixind\u0259 &#8220;EURACT\u0130V&#8221; portal\u0131na m\u00fcsahib\u0259si, x\u00fcsusil\u0259 onun Erm\u0259nistan-Az\u0259rbaycan m\u00fcnaqi\u015f\u0259si bar\u0259d\u0259 iddialar\u0131 AT\u018fT-in Minsk Qrupunun h\u0259ms\u0259drl\u0259rinin vasit\u0259\u00e7iliyi il\u0259 apar\u0131lan dan\u0131\u015f\u0131qlar\u0131n mahiyy\u0259ti v\u0259 format\u0131na k\u00f6kl\u00fc \u015f\u0259kild\u0259 ziddir. Prezident \u0130lham \u018fliyev il\u0259 Nikol Pa\u015finyan aras\u0131nda ke\u00e7\u0259n ilin sentyabr\u0131nda D\u00fc\u015f\u0259nb\u0259d\u0259 ba\u015f tutmu\u015f g\u00f6r\u00fc\u015fd\u0259n etibar\u0259n Az\u0259rbaycan dan\u0131\u015f\u0131qlar prosesinin ir\u0259li apar\u0131lmas\u0131 \u00fc\u00e7\u00fcn \u0259lveri\u015fli m\u00fchitin yarad\u0131lmas\u0131 m\u0259qs\u0259dil\u0259 konstruktiv v\u0259 c\u0259sar\u0259tli add\u0131mlar atm\u0131\u015fd\u0131r. MDB-nin Sankt-Peterburqda ke\u00e7irilmi\u015f qeyri-r\u0259smi sammiti v\u0259 Davosda Az\u0259rbaycan v\u0259 Erm\u0259nistan r\u0259hb\u0259rliyi aras\u0131nda daha iki g\u00f6r\u00fc\u015f olmu\u015fdur. Amma Erm\u0259nistan r\u0259hb\u0259rliyi indi bunlar\u0131 g\u00f6r\u00fc\u015f bel\u0259 adland\u0131rmaqdan \u00e7\u0259kinir v\u0259 qeyri-r\u0259smi t\u0259maslar adland\u0131raraq metaforik ill\u00fcstrasiyaya \u00fcst\u00fcnl\u00fck verir. Bu \u00fcmidverici dinamika AT\u018fT-in Minsk Qrupunun h\u0259ms\u0259drl\u0259rinin vasit\u0259\u00e7iliyi il\u0259 Erm\u0259nistan v\u0259 Az\u0259rbaycan xarici i\u015fl\u0259r nazirl\u0259rinin d\u00f6rd g\u00f6r\u00fc\u015f\u00fc il\u0259 m\u00fc\u015fayi\u0259t olunmu\u015fdur. Amma h\u0259ms\u0259drl\u0259rin v\u0259 beyn\u0259lxalq ictimaiyy\u0259tin iki \u00f6lk\u0259 aras\u0131nda substantiv v\u0259 n\u0259tic\u0259 y\u00f6n\u00fcml\u00fc intensiv dan\u0131\u015f\u0131qlar\u0131n davam etdirilm\u0259sin\u0259 dair nikbinliyin\u0259 m\u00fcsb\u0259t \u015f\u0259kild\u0259 cavab verm\u0259k \u0259v\u0259zin\u0259 Erm\u0259nistan\u0131n ba\u015f naziri Az\u0259rbaycan\u0131n i\u015f\u011fal olunmu\u015f \u0259razil\u0259rind\u0259 yarad\u0131lm\u0131\u015f qondarma rejimin dan\u0131\u015f\u0131qlara c\u0259lb edilm\u0259si il\u0259 ba\u011fl\u0131 qeyri-real iddialar ir\u0259li s\u00fcrm\u0259y\u0259 ba\u015flam\u0131\u015fd\u0131r. Bu d\u00fc\u015f\u00fcnc\u0259 il\u0259 Erm\u0259nistan t\u0259r\u0259fi m\u0259qs\u0259dy\u00f6nl\u00fc \u015f\u0259kild\u0259 b\u00fct\u00fcn dan\u0131\u015f\u0131qlar prosesini \u0259ng\u0259ll\u0259yir v\u0259 iflic hal\u0131na sal\u0131r.<\/p>\n<p>Erm\u0259nistan ba\u015f naziri Qaraba\u011fda ya\u015fayan erm\u0259nil\u0259r ad\u0131ndan dan\u0131\u015fa bilm\u0259diyini iddia ed\u0259r\u0259k \u00e7ox sad\u0259 bir suala cavab ver\u0259 bilmir: Erm\u0259nistan silahl\u0131 q\u00fcvv\u0259l\u0259rinin Az\u0259rbaycan suveren \u0259razil\u0259rind\u0259 n\u0259 i\u015fi vard\u0131r?<\/p>\n<p>Beyn\u0259lxalq ictimaiyy\u0259t\u0259 \u00e7ox yax\u015f\u0131 b\u0259llidir ki, Erm\u0259nistan BMT nizamnam\u0259sini kobud \u015f\u0259kild\u0259 pozaraq qanunsuz \u015f\u0259kild\u0259 g\u00fccd\u0259n istifad\u0259 etm\u0259kl\u0259 Az\u0259rbaycan\u0131n Da\u011fl\u0131q Qaraba\u011f v\u0259 \u0259traf yeddi rayonunu i\u015f\u011fal etmi\u015fdir. Erm\u0259nistan t\u0259r\u0259find\u0259n i\u015f\u011fal olunmu\u015f \u0259razil\u0259rd\u0259 bir milyondan art\u0131q m\u00fclki Az\u0259rbaycan \u0259halisin\u0259 qar\u015f\u0131 qanl\u0131 etnik t\u0259mizl\u0259m\u0259 t\u00f6r\u0259dilmi\u015fdir. Onlar h\u0259l\u0259 d\u0259 m\u0259cburi k\u00f6\u00e7k\u00fcn v\u0259 qa\u00e7q\u0131n statusunda ya\u015famaq m\u0259cburiyy\u0259tind\u0259dir.<\/p>\n<p>Erm\u0259nistan silahl\u0131 q\u00fcvv\u0259l\u0259rinin Az\u0259rbaycana qar\u015f\u0131 h\u0259rbi t\u0259cav\u00fczd\u0259 birba\u015fa i\u015ftirak\u0131 v\u0259 Erm\u0259nistan qo\u015funlar\u0131n\u0131n i\u015f\u011fal olunmu\u015f \u0259razil\u0259rd\u0259 m\u00f6vcudlu\u011fu m\u00fcnaqi\u015f\u0259 t\u0259r\u0259fi kimi Erm\u0259nistan\u0131n h\u00fcquqi, siyasi v\u0259 m\u0259n\u0259vi m\u0259suliyy\u0259tini t\u0259sbit edir. S\u00f6z g\u00fcl\u0259\u015fdirm\u0259kl\u0259 Erm\u0259nistan h\u00f6kum\u0259ti bu m\u00fctl\u0259q m\u0259suliyy\u0259td\u0259n qa\u00e7a bilm\u0259z.<\/p>\n<p>\u0130\u015f\u011fal\u00e7\u0131 d\u00f6vl\u0259tl\u0259r ad\u0259t\u0259n dig\u0259r d\u00f6vl\u0259tin \u0259razisini zor yolu il\u0259 i\u015f\u011fal\u0131nda \u00f6z rollar\u0131n\u0131 gizl\u0259tm\u0259k \u00fc\u00e7\u00fcn i\u015f\u011fal olunmu\u015f \u0259razil\u0259rd\u0259 qanunsuz rejiml\u0259r yarad\u0131rlar. Qondarma &#8220;Da\u011fl\u0131q Qaraba\u011f Respublikas\u0131&#8221; bu kimi siyas\u0259tin v\u0259 t\u0259cr\u00fcb\u0259nin bariz n\u00fcmun\u0259sidir.<\/p>\n<p>Avropa \u0130nsan H\u00fcquqlar\u0131 M\u0259hk\u0259m\u0259si &#8220;\u00c7iraqov Erm\u0259nistan qar\u015f\u0131&#8221; i\u015fi \u00fczr\u0259 q\u0259bul etdiyi q\u0259rarda Erm\u0259nistan\u0131n \u00f6z m\u0259suliyy\u0259tini davaml\u0131 \u015f\u0259kild\u0259 inkar\u0131na \u0259sasl\u0131 olaraq son qoydu. A\u0130HM t\u0259sbit etdi ki, &#8220;qondarma &#8220;DQR&#8221; v\u0259 onun administrasiyas\u0131 Erm\u0259nistan\u0131n h\u0259rbi, siyasi, maliyy\u0259 v\u0259 dig\u0259r d\u0259st\u0259yi hesab\u0131na m\u00f6vcuddur v\u0259 Erm\u0259nistan Da\u011fl\u0131q Qaraba\u011f v\u0259 \u0259traf \u0259razil\u0259r \u00fcz\u0259rind\u0259 n\u0259zar\u0259ti h\u0259yata ke\u00e7irir&#8221;.<\/p>\n<p>Bu g\u00fcnl\u0259rd\u0259 N.Pa\u015finyan h\u00f6kum\u0259tinin \u00fczv\u00fc v\u0259 d\u00f6vl\u0259t t\u0259hl\u00fck\u0259sizlik xidm\u0259tinin s\u0259dri m\u0259skunla\u015fd\u0131rma siyas\u0259tin\u0259 b\u0259ra\u0259t qazand\u0131raraq v\u0259 i\u015f\u011fal olunmu\u015f \u0259razil\u0259rin bir qar\u0131\u015f\u0131n\u0131n bel\u0259 qaytar\u0131lmayaca\u011f\u0131n\u0131 iddia ed\u0259r\u0259k Erm\u0259nistan\u0131n z\u0259bt olunmu\u015f \u0259razil\u0259rin anneksiyas\u0131 siyas\u0259tini y\u00fcr\u00fctd\u00fcy\u00fcn\u00fc t\u0259sdiq etmi\u015f oldu.<\/p>\n<p>N.Pa\u015finyan\u0131n m\u00fcsahib\u0259sind\u0259 ba\u015fqa bir uy\u011funsuzluq da vard\u0131r. M\u00fcsahib\u0259d\u0259 o, BMT Ba\u015f katibinin m\u00fcnaqi\u015f\u0259 il\u0259 ba\u011fl\u0131 a\u00e7\u0131qlamas\u0131n\u0131 alq\u0131\u015flad\u0131\u011f\u0131 halda, BMT T\u0259hl\u00fck\u0259sizlik \u015euras\u0131n\u0131n Erm\u0259nistan-Az\u0259rbaycan m\u00fcnaqi\u015f\u0259si il\u0259 ba\u011fl\u0131 d\u00f6rd q\u0259tnam\u0259sinin \u00fcz\u0259rind\u0259n s\u00fckutla ke\u00e7ir. Erm\u0259nistan BMT T\u015e-n\u0131n q\u0259tnam\u0259l\u0259rinin i\u015f\u011fal\u00e7\u0131 q\u00fcvv\u0259l\u0259rin b\u00fct\u00fcn i\u015f\u011fal olunmu\u015f \u0259razil\u0259rd\u0259n d\u0259rhal v\u0259 qeyd-\u015f\u0259rtsiz \u00e7\u0131xar\u0131lmas\u0131 bar\u0259d\u0259 t\u0259l\u0259bl\u0259rini h\u0259l\u0259 d\u0259 yerin\u0259 yetirm\u0259mi\u015fdir.<\/p>\n<p>Paradoksal olaraq Erm\u0259nistan r\u0259hb\u0259rliyi bir t\u0259r\u0259fd\u0259n AT\u018fT-in Minsk Qrupunun h\u0259ms\u0259drl\u0259rinin s\u0259yl\u0259rin\u0259 d\u0259st\u0259k ifad\u0259 edir, dig\u0259r t\u0259r\u0259fd\u0259n is\u0259 dan\u0131\u015f\u0131qlar format\u0131n\u0131n d\u0259yi\u015fdirilm\u0259sin\u0259 \u00e7a\u011f\u0131raraq h\u0259ms\u0259drl\u0259rinin i\u015fini pozur. AT\u018fT-in Minsk Qrupu prosesi \u00e7\u0259r\u00e7iv\u0259sind\u0259 t\u0259sbit olunmu\u015f institusional yadda\u015f vard\u0131r. AT\u018fT-in 1992-ci il Helsinki nazirl\u0259r iclas\u0131n\u0131n q\u0259rar\u0131na g\u00f6r\u0259 Erm\u0259nistan v\u0259 Az\u0259rbaycan m\u00fcnaqi\u015f\u0259 t\u0259r\u0259fl\u0259ri, Az\u0259rbaycan\u0131n Da\u011fl\u0131q Qaraba\u011f b\u00f6lg\u0259sinin az\u0259rbaycanl\u0131 v\u0259 erm\u0259ni icmalar\u0131 is\u0259 maraql\u0131 t\u0259r\u0259fl\u0259r kimi m\u00fc\u0259yy\u0259n olunmu\u015fdur.<\/p>\n<p>Da\u011fl\u0131q Qaraba\u011f\u0131n Az\u0259rbaycanl\u0131 icmas\u0131na qar\u015f\u0131 qanl\u0131 etnik t\u0259mizl\u0259m\u0259 t\u00f6r\u0259dildiyi halda, Erm\u0259nistan\u0131n Da\u011fl\u0131q Qaraba\u011f\u0131n erm\u0259ni icmas\u0131na ekskluziv h\u00fcquqlar t\u0259l\u0259b etm\u0259si bar\u0259d\u0259 \u0259sass\u0131z iddialar\u0131 insan h\u00fcquqlar\u0131n\u0131n ruhuna v\u0259 f\u0259ls\u0259f\u0259sin\u0259 bel\u0259 ziddir. Erm\u0259nistan h\u0259m\u00e7inin, sayl\u0131 80.000 n\u0259f\u0259rd\u0259n art\u0131q olan Da\u011fl\u0131q Qaraba\u011f\u0131n Az\u0259rbaycanl\u0131 icmas\u0131n\u0131n m\u00f6vcudlu\u011funu bel\u0259 inkar etm\u0259y\u0259 \u00e7al\u0131\u015f\u0131r v\u0259 h\u0259r bir v\u0259chl\u0259 iki icma aras\u0131nda dialoqu bloklay\u0131r.<\/p>\n<p>Az\u0259rbaycan Avropa \u0130ttifaq\u0131n\u0131n y\u00fcks\u0259k r\u0259smil\u0259rinin N.Pa\u015finyan il\u0259 m\u0259tbuat konfrans\u0131nda s\u0259sl\u0259ndirdiyi b\u0259yanatlar\u0131n\u0131 d\u0259st\u0259kl\u0259yir. \u0130\u015f\u011fala \u0259saslanan status-kvo q\u0259buledilm\u0259zdir v\u0259 d\u0259yi\u015fdirilm\u0259lidir. Dan\u0131\u015f\u0131qlara qeyd-\u015f\u0259rtin qoyulmas\u0131 yolverilm\u0259zdir, yeni format\u0131n yarad\u0131lmas\u0131na ehtiyac yoxdur v\u0259 raz\u0131la\u015fd\u0131r\u0131lm\u0131\u015f d\u00fcstura uy\u011fun olaraq m\u00f6vcud format \u0259sas\u0131nda dan\u0131\u015f\u0131qlar davam etdirilm\u0259lidir. Dan\u0131\u015f\u0131qlar\u0131n davaml\u0131l\u0131\u011f\u0131 v\u0259 dan\u0131\u015f\u0131qlara \u00f6hd\u0259lik t\u0259min olunmal\u0131d\u0131r. Bu kimi m\u00f6vqeyi beyn\u0259lxalq birlik d\u0259 yekdillikl\u0259 b\u00f6l\u00fc\u015f\u00fcr. Ona g\u00f6r\u0259 d\u0259 beyn\u0259lxalq ictimaiyy\u0259t t\u0259r\u0259find\u0259n Erm\u0259nistana \u00fcnvanl\u0131 siyasi-diplomatik ismar\u0131clar \u00e7atd\u0131r\u0131lmal\u0131d\u0131r. Erm\u0259nistan t\u0259r\u0259fi n\u0259hay\u0259t anlamal\u0131d\u0131r ki, eyforiya d\u00f6vr\u00fc ba\u015fa \u00e7atm\u0131\u015fd\u0131r. K\u00fc\u00e7\u0259 populizmi art\u0131q yet\u0259r v\u0259 ciddi add\u0131mlar\u0131n at\u0131lmas\u0131n\u0131n vaxt\u0131d\u0131r.<\/p>\n<p>Biz, eyni zamanda Avropa \u0130ttifaq\u0131n\u0131n sifari\u015fi il\u0259 haz\u0131rlanm\u0131\u015f v\u0259 m\u00fcnaqi\u015f\u0259nin h\u0259llinin Erm\u0259nistana v\u0259 Az\u0259rbaycana iqtisadi dividentl\u0259ri bar\u0259d\u0259 hesabat\u0131n ideya v\u0259 f\u0259ls\u0259f\u0259sini d\u0259st\u0259kl\u0259yirik. Erm\u0259nistan-Az\u0259rbaycan m\u00fcnaqi\u015f\u0259si h\u0259ll edilm\u0259d\u0259n Erm\u0259nistan\u0131n iqtisadi inki\u015faf\u0131 qeyri-m\u00fcmk\u00fcnd\u00fcr. M\u00fcnaqi\u015f\u0259nin h\u0259llind\u0259 ir\u0259lil\u0259yi\u015f\u0259 nail olmaq \u00fc\u00e7\u00fcn Erm\u0259nistan \u00f6z qo\u015funlar\u0131n\u0131 Az\u0259rbaycan\u0131n i\u015f\u011fal olunmu\u015f \u0259razil\u0259rind\u0259n \u00e7\u0131xarmal\u0131 v\u0259 qon\u015fularla sivil m\u00fcnasib\u0259tl\u0259r qurmal\u0131d\u0131r. Yaln\u0131z bu halda regionun \u00e7ox ehtiyac duydu\u011fu davaml\u0131 v\u0259 \u0259dal\u0259tli s\u00fclh t\u0259min oluna bil\u0259r. \u018fks t\u0259qdird\u0259, Erm\u0259nistan\u0131n siyasi, iqtisadi v\u0259 demoqrafik b\u00f6hran\u0131 v\u0259 \u00f6z\u00fcn\u00fc t\u0259cridi d\u0259rinl\u0259\u015fm\u0259kd\u0259 davam ed\u0259c\u0259kdir&#8221;.<\/p>\n<p><a href=\"https:\/\/www.euractiv.com\/section\/azerbaijan\/opinion\/puppet-policy-wont-solve-the-nagorno-karabakh-conflict\/\" target=\"_blank\" rel=\"noopener\">https:\/\/www.euractiv.com\/section\/azerbaijan\/opinion\/puppet-policy-wont-solve-the-nagorno-karabakh-conflict\/<\/a><\/p>\n","protected":false},"excerpt":{"rendered":"<p>Erm\u0259nistan\u0131n ba\u015f naziri Nikol Pa\u015finyan\u0131n Br\u00fcsseld\u0259 d\u0259rc olunan &#8220;EURACT\u0130V&#8221; portal\u0131na m\u00fcsahib\u0259sin\u0259 cavab olaraq h\u0259min portalda Prezident Administrasiyas\u0131 xarici siyas\u0259t m\u0259s\u0259l\u0259l\u0259ri \u015f\u00f6b\u0259sinin m\u00fcdiri Hikm\u0259t Hac\u0131yevin m\u0259qal\u0259si d\u0259rc olunub. ARANTV.AZ trend-\u0259 istinad\u0259n x\u0259b\u0259r verir ki, m\u0259qal\u0259d\u0259 deyilir: &#8220;Erm\u0259nistan ba\u015f naziri Nikol Pa\u015finyan\u0131n 4 mart tarixind\u0259 &#8220;EURACT\u0130V&#8221; portal\u0131na m\u00fcsahib\u0259si, x\u00fcsusil\u0259 onun Erm\u0259nistan-Az\u0259rbaycan m\u00fcnaqi\u015f\u0259si bar\u0259d\u0259 iddialar\u0131 AT\u018fT-in Minsk Qrupunun h\u0259ms\u0259drl\u0259rinin vasit\u0259\u00e7iliyi il\u0259 apar\u0131lan dan\u0131\u015f\u0131qlar\u0131n mahiyy\u0259ti v\u0259 format\u0131na k\u00f6kl\u00fc \u015f\u0259kild\u0259 ziddir. Prezident \u0130lham \u018fliyev il\u0259 Nikol Pa\u015finyan aras\u0131nda ke\u00e7\u0259n ilin sentyabr\u0131nda D\u00fc\u015f\u0259nb\u0259d\u0259 ba\u015f tutmu\u015f g\u00f6r\u00fc\u015fd\u0259n etibar\u0259n Az\u0259rbaycan dan\u0131\u015f\u0131qlar prosesinin ir\u0259li apar\u0131lmas\u0131 \u00fc\u00e7\u00fcn \u0259lveri\u015fli m\u00fchitin yarad\u0131lmas\u0131&hellip;<\/p>\n","protected":false},"author":2,"featured_media":43599,"comment_status":"closed","ping_status":"closed","sticky":false,"template":"","format":"standard","meta":{"om_disable_all_campaigns":false,"_monsterinsights_skip_tracking":false,"_monsterinsights_sitenote_active":false,"_monsterinsights_sitenote_note":"","_monsterinsights_sitenote_category":0},"categories":[4],"tags":[],"aioseo_notices":[],"gutentor_comment":0,"rttpg_featured_image_url":{"full":["https:\/\/arantv.az\/wp-content\/uploads\/2019\/03\/736889.jpg",587,440,false],"landscape":["https:\/\/arantv.az\/wp-content\/uploads\/2019\/03\/736889.jpg",587,440,false],"portraits":["https:\/\/arantv.az\/wp-content\/uploads\/2019\/03\/736889.jpg",587,440,false],"thumbnail":["https:\/\/arantv.az\/wp-content\/uploads\/2019\/03\/736889-150x150.jpg",150,150,true],"medium":["https:\/\/arantv.az\/wp-content\/uploads\/2019\/03\/736889-300x225.jpg",300,225,true],"large":["https:\/\/arantv.az\/wp-content\/uploads\/2019\/03\/736889.jpg",587,440,false],"1536x1536":["https:\/\/arantv.az\/wp-content\/uploads\/2019\/03\/736889.jpg",587,440,false],"2048x2048":["https:\/\/arantv.az\/wp-content\/uploads\/2019\/03\/736889.jpg",587,440,false],"post-thumbnail":["https:\/\/arantv.az\/wp-content\/uploads\/2019\/03\/736889-240x172.jpg",240,172,true],"advps-thumb-one":["https:\/\/arantv.az\/wp-content\/uploads\/2019\/03\/736889.jpg",587,440,false]},"rttpg_author":{"display_name":"V\u00fcsal Rafiqo\u011flu","author_link":"https:\/\/arantv.az\/?author=2"},"rttpg_comment":0,"rttpg_category":"<a href=\"https:\/\/arantv.az\/?cat=4\" rel=\"category\">Siyas\u0259t<\/a>","rttpg_excerpt":"Erm\u0259nistan\u0131n ba\u015f naziri Nikol Pa\u015finyan\u0131n Br\u00fcsseld\u0259 d\u0259rc olunan &#8220;EURACT\u0130V&#8221; portal\u0131na m\u00fcsahib\u0259sin\u0259 cavab olaraq h\u0259min portalda Prezident Administrasiyas\u0131 xarici siyas\u0259t m\u0259s\u0259l\u0259l\u0259ri \u015f\u00f6b\u0259sinin m\u00fcdiri Hikm\u0259t Hac\u0131yevin m\u0259qal\u0259si d\u0259rc olunub. ARANTV.AZ trend-\u0259 istinad\u0259n x\u0259b\u0259r verir ki, m\u0259qal\u0259d\u0259 deyilir: &#8220;Erm\u0259nistan ba\u015f naziri Nikol Pa\u015finyan\u0131n 4 mart tarixind\u0259 &#8220;EURACT\u0130V&#8221; portal\u0131na m\u00fcsahib\u0259si, x\u00fcsusil\u0259 onun Erm\u0259nistan-Az\u0259rbaycan m\u00fcnaqi\u015f\u0259si bar\u0259d\u0259 iddialar\u0131 AT\u018fT-in Minsk Qrupunun&hellip;","_links":{"self":[{"href":"https:\/\/arantv.az\/index.php?rest_route=\/wp\/v2\/posts\/43598"}],"collection":[{"href":"https:\/\/arantv.az\/index.php?rest_route=\/wp\/v2\/posts"}],"about":[{"href":"https:\/\/arantv.az\/index.php?rest_route=\/wp\/v2\/types\/post"}],"author":[{"embeddable":true,"href":"https:\/\/arantv.az\/index.php?rest_route=\/wp\/v2\/users\/2"}],"replies":[{"embeddable":true,"href":"https:\/\/arantv.az\/index.php?rest_route=%2Fwp%2Fv2%2Fcomments&post=43598"}],"version-history":[{"count":0,"href":"https:\/\/arantv.az\/index.php?rest_route=\/wp\/v2\/posts\/43598\/revisions"}],"wp:featuredmedia":[{"embeddable":true,"href":"https:\/\/arantv.az\/index.php?rest_route=\/wp\/v2\/media\/43599"}],"wp:attachment":[{"href":"https:\/\/arantv.az\/index.php?rest_route=%2Fwp%2Fv2%2Fmedia&parent=43598"}],"wp:term":[{"taxonomy":"category","embeddable":true,"href":"https:\/\/arantv.az\/index.php?rest_route=%2Fwp%2Fv2%2Fcategories&post=43598"},{"taxonomy":"post_tag","embeddable":true,"href":"https:\/\/arantv.az\/index.php?rest_route=%2Fwp%2Fv2%2Ftags&post=43598"}],"curies":[{"name":"wp","href":"https:\/\/api.w.org\/{rel}","templated":true}]}}