{"id":43604,"date":"2019-03-07T13:46:19","date_gmt":"2019-03-07T10:46:19","guid":{"rendered":"http:\/\/arantv.az\/?p=43604"},"modified":"2019-03-07T13:46:19","modified_gmt":"2019-03-07T10:46:19","slug":"avstriya-c%c9%99nub-qaz-d%c9%99hlizi-vasit%c9%99sil%c9%99-qaz-alacagina-umid-edir","status":"publish","type":"post","link":"https:\/\/arantv.az\/?p=43604","title":{"rendered":"Avstriya &#8220;C\u0259nub Qaz D\u0259hlizi&#8221; vasit\u0259sil\u0259 qaz alaca\u011f\u0131na \u00fcmid edir"},"content":{"rendered":"<blockquote><p><em><strong>Avstriya Az\u0259rbaycan qaz\u0131n\u0131n Avropaya n\u0259qlini n\u0259z\u0259rd\u0259 tutan &#8220;C\u0259nub Qaz D\u0259hlizi&#8221; vasit\u0259sil\u0259 qaz alaca\u011f\u0131na \u00fcmid edir.<\/strong><\/em><\/p><\/blockquote>\n<p><strong>ARANTV.AZ\u00a0<\/strong> x\u0259b\u0259r verir ki, bunu\u00a0<a href=\"https:\/\/az.trend.az\/\" target=\"_blank\" rel=\"noopener\">Trend<\/a>-\u0259 Avstriyan\u0131n Davaml\u0131 \u0130nki\u015faf v\u0259 Turizm \u00fczr\u0259 Federal Nazirliyind\u0259n deyibl\u0259r.<\/p>\n<p>Qurumdan bildirilib: &#8220;Biz Az\u0259rbaycan\u0131n Avropaya istehlak\u00e7\u0131lar \u00fc\u00e7\u00fcn r\u0259qab\u0259t qabiliyy\u0259tli qiym\u0259tl\u0259rl\u0259 enerji resurslar\u0131n\u0131n t\u0259hl\u00fck\u0259siz t\u0259dar\u00fck\u00fcn\u00fcn t\u0259min edilm\u0259si \u00fczr\u0259 s\u0259yl\u0259rini qiym\u0259tl\u0259ndiririk. &#8220;C\u0259nub Qaz D\u0259hlizi&#8221; layih\u0259sinin realla\u015fd\u0131r\u0131lmas\u0131 ba\u015fa \u00e7atanda Az\u0259rbaycandan qaz h\u0259cml\u0259rinin G\u00fcrc\u00fcstan, T\u00fcrkiy\u0259, Yunan\u0131stan, Albaniya, Bolqar\u0131stan, \u0130taliya vasit\u0259sil\u0259 dig\u0259r Avropa \u00f6lk\u0259l\u0259rin\u0259, o c\u00fcml\u0259d\u0259n Avstriyaya t\u0259dar\u00fck olunaca\u011f\u0131n\u0131 g\u00f6zl\u0259yirik&#8221;.<\/p>\n<div id=\"AdributorNativeVideo0\" class=\"AdributorNativeVideo\"><\/div>\n<p>Qeyd olunub ki, &#8220;C\u0259nub Qaz D\u0259hlizi&#8221; t\u0259bii qaz t\u0259dar\u00fck\u00fcn\u00fcn \u015fax\u0259l\u0259ndirilm\u0259sini t\u0259min edir v\u0259 t\u0259dar\u00fck\u00fcn t\u0259hl\u00fck\u0259sizliyini art\u0131r\u0131r: &#8220;Az\u0259rbaycan\u0131n bu layih\u0259nin h\u0259yata ke\u00e7irilm\u0259sind\u0259 \u0259sas amil kimi h\u0259lledici rolu dan\u0131lmazd\u0131r&#8221;.<\/p>\n<p>Vur\u011fulan\u0131b ki, karbohidrogen ehtiyarlar\u0131n\u0131n h\u0259cmi v\u0259 co\u011frafi m\u00f6vqeyi Az\u0259rbaycan\u0131 beyn\u0259lxalq energetika biznesind\u0259 \u0259v\u0259zsiz t\u0259r\u0259fda\u015f edir: &#8220;Biz Az\u0259rbaycanla uzunm\u00fcdd\u0259tli enerji \u0259m\u0259kda\u015fl\u0131\u011f\u0131n\u0131 y\u00fcks\u0259k qiym\u0259tl\u0259ndiririk&#8221;.<\/p>\n","protected":false},"excerpt":{"rendered":"<p>Avstriya Az\u0259rbaycan qaz\u0131n\u0131n Avropaya n\u0259qlini n\u0259z\u0259rd\u0259 tutan &#8220;C\u0259nub Qaz D\u0259hlizi&#8221; vasit\u0259sil\u0259 qaz alaca\u011f\u0131na \u00fcmid edir. ARANTV.AZ\u00a0 x\u0259b\u0259r verir ki, bunu\u00a0Trend-\u0259 Avstriyan\u0131n Davaml\u0131 \u0130nki\u015faf v\u0259 Turizm \u00fczr\u0259 Federal Nazirliyind\u0259n deyibl\u0259r. Qurumdan bildirilib: &#8220;Biz Az\u0259rbaycan\u0131n Avropaya istehlak\u00e7\u0131lar \u00fc\u00e7\u00fcn r\u0259qab\u0259t qabiliyy\u0259tli qiym\u0259tl\u0259rl\u0259 enerji resurslar\u0131n\u0131n t\u0259hl\u00fck\u0259siz t\u0259dar\u00fck\u00fcn\u00fcn t\u0259min edilm\u0259si \u00fczr\u0259 s\u0259yl\u0259rini qiym\u0259tl\u0259ndiririk. &#8220;C\u0259nub Qaz D\u0259hlizi&#8221; layih\u0259sinin realla\u015fd\u0131r\u0131lmas\u0131 ba\u015fa \u00e7atanda Az\u0259rbaycandan qaz h\u0259cml\u0259rinin G\u00fcrc\u00fcstan, T\u00fcrkiy\u0259, Yunan\u0131stan, Albaniya, Bolqar\u0131stan, \u0130taliya vasit\u0259sil\u0259 dig\u0259r Avropa \u00f6lk\u0259l\u0259rin\u0259, o c\u00fcml\u0259d\u0259n Avstriyaya t\u0259dar\u00fck olunaca\u011f\u0131n\u0131 g\u00f6zl\u0259yirik&#8221;. Qeyd olunub ki, &#8220;C\u0259nub Qaz D\u0259hlizi&#8221; t\u0259bii qaz t\u0259dar\u00fck\u00fcn\u00fcn \u015fax\u0259l\u0259ndirilm\u0259sini t\u0259min edir v\u0259 t\u0259dar\u00fck\u00fcn t\u0259hl\u00fck\u0259sizliyini art\u0131r\u0131r:&hellip;<\/p>\n","protected":false},"author":2,"featured_media":43605,"comment_status":"closed","ping_status":"closed","sticky":false,"template":"","format":"standard","meta":{"om_disable_all_campaigns":false,"_monsterinsights_skip_tracking":false,"_monsterinsights_sitenote_active":false,"_monsterinsights_sitenote_note":"","_monsterinsights_sitenote_category":0},"categories":[19],"tags":[],"aioseo_notices":[],"gutentor_comment":0,"rttpg_featured_image_url":{"full":["https:\/\/arantv.az\/wp-content\/uploads\/2019\/03\/736840.jpg",587,440,false],"landscape":["https:\/\/arantv.az\/wp-content\/uploads\/2019\/03\/736840.jpg",587,440,false],"portraits":["https:\/\/arantv.az\/wp-content\/uploads\/2019\/03\/736840.jpg",587,440,false],"thumbnail":["https:\/\/arantv.az\/wp-content\/uploads\/2019\/03\/736840-150x150.jpg",150,150,true],"medium":["https:\/\/arantv.az\/wp-content\/uploads\/2019\/03\/736840-300x225.jpg",300,225,true],"large":["https:\/\/arantv.az\/wp-content\/uploads\/2019\/03\/736840.jpg",587,440,false],"1536x1536":["https:\/\/arantv.az\/wp-content\/uploads\/2019\/03\/736840.jpg",587,440,false],"2048x2048":["https:\/\/arantv.az\/wp-content\/uploads\/2019\/03\/736840.jpg",587,440,false],"post-thumbnail":["https:\/\/arantv.az\/wp-content\/uploads\/2019\/03\/736840-240x172.jpg",240,172,true],"advps-thumb-one":["https:\/\/arantv.az\/wp-content\/uploads\/2019\/03\/736840.jpg",587,440,false]},"rttpg_author":{"display_name":"V\u00fcsal Rafiqo\u011flu","author_link":"https:\/\/arantv.az\/?author=2"},"rttpg_comment":0,"rttpg_category":"<a href=\"https:\/\/arantv.az\/?cat=19\" rel=\"category\">G\u00fcnd\u0259m<\/a>","rttpg_excerpt":"Avstriya Az\u0259rbaycan qaz\u0131n\u0131n Avropaya n\u0259qlini n\u0259z\u0259rd\u0259 tutan &#8220;C\u0259nub Qaz D\u0259hlizi&#8221; vasit\u0259sil\u0259 qaz alaca\u011f\u0131na \u00fcmid edir. ARANTV.AZ\u00a0 x\u0259b\u0259r verir ki, bunu\u00a0Trend-\u0259 Avstriyan\u0131n Davaml\u0131 \u0130nki\u015faf v\u0259 Turizm \u00fczr\u0259 Federal Nazirliyind\u0259n deyibl\u0259r. Qurumdan bildirilib: &#8220;Biz Az\u0259rbaycan\u0131n Avropaya istehlak\u00e7\u0131lar \u00fc\u00e7\u00fcn r\u0259qab\u0259t qabiliyy\u0259tli qiym\u0259tl\u0259rl\u0259 enerji resurslar\u0131n\u0131n t\u0259hl\u00fck\u0259siz t\u0259dar\u00fck\u00fcn\u00fcn t\u0259min edilm\u0259si \u00fczr\u0259 s\u0259yl\u0259rini qiym\u0259tl\u0259ndiririk. &#8220;C\u0259nub Qaz D\u0259hlizi&#8221; layih\u0259sinin realla\u015fd\u0131r\u0131lmas\u0131 ba\u015fa \u00e7atanda&hellip;","_links":{"self":[{"href":"https:\/\/arantv.az\/index.php?rest_route=\/wp\/v2\/posts\/43604"}],"collection":[{"href":"https:\/\/arantv.az\/index.php?rest_route=\/wp\/v2\/posts"}],"about":[{"href":"https:\/\/arantv.az\/index.php?rest_route=\/wp\/v2\/types\/post"}],"author":[{"embeddable":true,"href":"https:\/\/arantv.az\/index.php?rest_route=\/wp\/v2\/users\/2"}],"replies":[{"embeddable":true,"href":"https:\/\/arantv.az\/index.php?rest_route=%2Fwp%2Fv2%2Fcomments&post=43604"}],"version-history":[{"count":0,"href":"https:\/\/arantv.az\/index.php?rest_route=\/wp\/v2\/posts\/43604\/revisions"}],"wp:featuredmedia":[{"embeddable":true,"href":"https:\/\/arantv.az\/index.php?rest_route=\/wp\/v2\/media\/43605"}],"wp:attachment":[{"href":"https:\/\/arantv.az\/index.php?rest_route=%2Fwp%2Fv2%2Fmedia&parent=43604"}],"wp:term":[{"taxonomy":"category","embeddable":true,"href":"https:\/\/arantv.az\/index.php?rest_route=%2Fwp%2Fv2%2Fcategories&post=43604"},{"taxonomy":"post_tag","embeddable":true,"href":"https:\/\/arantv.az\/index.php?rest_route=%2Fwp%2Fv2%2Ftags&post=43604"}],"curies":[{"name":"wp","href":"https:\/\/api.w.org\/{rel}","templated":true}]}}