{"id":43617,"date":"2019-03-07T14:05:36","date_gmt":"2019-03-07T11:05:36","guid":{"rendered":"http:\/\/arantv.az\/?p=43617"},"modified":"2019-03-07T14:05:36","modified_gmt":"2019-03-07T11:05:36","slug":"m%c9%99kt%c9%99bl%c9%99rd%c9%99-8-mart-ucun-pul-yigilir","status":"publish","type":"post","link":"https:\/\/arantv.az\/?p=43617","title":{"rendered":"M\u0259kt\u0259bl\u0259rd\u0259 8 Mart \u00fc\u00e7\u00fcn pul y\u0131\u011f\u0131l\u0131r?"},"content":{"rendered":"<p>8 Mart Beyn\u0259lxalq Qad\u0131nlar G\u00fcn\u00fc m\u00fcnasib\u0259til\u0259 m\u0259kt\u0259bl\u0259rd\u0259 pul y\u0131\u011f\u0131lmas\u0131 il\u0259 ba\u011fl\u0131 T\u0259hsil Nazirliyin\u0259 sor\u011fu daxil olmay\u0131b.<\/p>\n<p>Bu bar\u0259d\u0259 azvision.az -\u0131n sor\u011fusuna cavab olaraq nazirlikd\u0259n m\u0259lumat verilib. Bildirilib ki, \u00f6lk\u0259d\u0259 f\u0259aliyy\u0259t g\u00f6st\u0259r\u0259n \u00fcmumit\u0259hsil m\u00fc\u0259ssis\u0259l\u0259rind\u0259 \u015fagirdl\u0259rd\u0259n h\u0259r hans\u0131 pul v\u0259saitinin t\u0259l\u0259b olunmas\u0131 yolverilm\u0259zdir.<\/p>\n<p>&#8220;Bel\u0259 konkret faktlar oldu\u011fu t\u0259qdird\u0259 valideynl\u0259r T\u0259hsil Nazirliyinin 146 n\u00f6mr\u0259li &#8220;Qaynar x\u0259tt&#8221; xidm\u0259tin\u0259 m\u00fcraci\u0259t ed\u0259 bil\u0259rl\u0259r&#8221;.<\/p>\n","protected":false},"excerpt":{"rendered":"<p>8 Mart Beyn\u0259lxalq Qad\u0131nlar G\u00fcn\u00fc m\u00fcnasib\u0259til\u0259 m\u0259kt\u0259bl\u0259rd\u0259 pul y\u0131\u011f\u0131lmas\u0131 il\u0259 ba\u011fl\u0131 T\u0259hsil Nazirliyin\u0259 sor\u011fu daxil olmay\u0131b. Bu bar\u0259d\u0259 azvision.az -\u0131n sor\u011fusuna cavab olaraq nazirlikd\u0259n m\u0259lumat verilib. Bildirilib ki, \u00f6lk\u0259d\u0259 f\u0259aliyy\u0259t g\u00f6st\u0259r\u0259n \u00fcmumit\u0259hsil m\u00fc\u0259ssis\u0259l\u0259rind\u0259 \u015fagirdl\u0259rd\u0259n h\u0259r hans\u0131 pul v\u0259saitinin t\u0259l\u0259b olunmas\u0131 yolverilm\u0259zdir. &#8220;Bel\u0259 konkret faktlar oldu\u011fu t\u0259qdird\u0259 valideynl\u0259r T\u0259hsil Nazirliyinin 146 n\u00f6mr\u0259li &#8220;Qaynar x\u0259tt&#8221; xidm\u0259tin\u0259 m\u00fcraci\u0259t ed\u0259 bil\u0259rl\u0259r&#8221;.<\/p>\n","protected":false},"author":2,"featured_media":43618,"comment_status":"closed","ping_status":"closed","sticky":false,"template":"","format":"standard","meta":{"om_disable_all_campaigns":false,"_monsterinsights_skip_tracking":false,"_monsterinsights_sitenote_active":false,"_monsterinsights_sitenote_note":"","_monsterinsights_sitenote_category":0},"categories":[1],"tags":[],"aioseo_notices":[],"gutentor_comment":0,"rttpg_featured_image_url":{"full":["https:\/\/arantv.az\/wp-content\/uploads\/2019\/03\/1551952963trend_school_13_141211_19.jpg",549,412,false],"landscape":["https:\/\/arantv.az\/wp-content\/uploads\/2019\/03\/1551952963trend_school_13_141211_19.jpg",549,412,false],"portraits":["https:\/\/arantv.az\/wp-content\/uploads\/2019\/03\/1551952963trend_school_13_141211_19.jpg",549,412,false],"thumbnail":["https:\/\/arantv.az\/wp-content\/uploads\/2019\/03\/1551952963trend_school_13_141211_19-150x150.jpg",150,150,true],"medium":["https:\/\/arantv.az\/wp-content\/uploads\/2019\/03\/1551952963trend_school_13_141211_19-300x225.jpg",300,225,true],"large":["https:\/\/arantv.az\/wp-content\/uploads\/2019\/03\/1551952963trend_school_13_141211_19.jpg",549,412,false],"1536x1536":["https:\/\/arantv.az\/wp-content\/uploads\/2019\/03\/1551952963trend_school_13_141211_19.jpg",549,412,false],"2048x2048":["https:\/\/arantv.az\/wp-content\/uploads\/2019\/03\/1551952963trend_school_13_141211_19.jpg",549,412,false],"post-thumbnail":["https:\/\/arantv.az\/wp-content\/uploads\/2019\/03\/1551952963trend_school_13_141211_19-240x172.jpg",240,172,true],"advps-thumb-one":["https:\/\/arantv.az\/wp-content\/uploads\/2019\/03\/1551952963trend_school_13_141211_19.jpg",549,412,false]},"rttpg_author":{"display_name":"V\u00fcsal Rafiqo\u011flu","author_link":"https:\/\/arantv.az\/?author=2"},"rttpg_comment":0,"rttpg_category":"<a href=\"https:\/\/arantv.az\/?cat=1\" rel=\"category\">C\u0259miyy\u0259t<\/a>","rttpg_excerpt":"8 Mart Beyn\u0259lxalq Qad\u0131nlar G\u00fcn\u00fc m\u00fcnasib\u0259til\u0259 m\u0259kt\u0259bl\u0259rd\u0259 pul y\u0131\u011f\u0131lmas\u0131 il\u0259 ba\u011fl\u0131 T\u0259hsil Nazirliyin\u0259 sor\u011fu daxil olmay\u0131b. Bu bar\u0259d\u0259 azvision.az -\u0131n sor\u011fusuna cavab olaraq nazirlikd\u0259n m\u0259lumat verilib. Bildirilib ki, \u00f6lk\u0259d\u0259 f\u0259aliyy\u0259t g\u00f6st\u0259r\u0259n \u00fcmumit\u0259hsil m\u00fc\u0259ssis\u0259l\u0259rind\u0259 \u015fagirdl\u0259rd\u0259n h\u0259r hans\u0131 pul v\u0259saitinin t\u0259l\u0259b olunmas\u0131 yolverilm\u0259zdir. &#8220;Bel\u0259 konkret faktlar oldu\u011fu t\u0259qdird\u0259 valideynl\u0259r T\u0259hsil Nazirliyinin 146 n\u00f6mr\u0259li &#8220;Qaynar x\u0259tt&#8221; xidm\u0259tin\u0259 m\u00fcraci\u0259t&hellip;","_links":{"self":[{"href":"https:\/\/arantv.az\/index.php?rest_route=\/wp\/v2\/posts\/43617"}],"collection":[{"href":"https:\/\/arantv.az\/index.php?rest_route=\/wp\/v2\/posts"}],"about":[{"href":"https:\/\/arantv.az\/index.php?rest_route=\/wp\/v2\/types\/post"}],"author":[{"embeddable":true,"href":"https:\/\/arantv.az\/index.php?rest_route=\/wp\/v2\/users\/2"}],"replies":[{"embeddable":true,"href":"https:\/\/arantv.az\/index.php?rest_route=%2Fwp%2Fv2%2Fcomments&post=43617"}],"version-history":[{"count":0,"href":"https:\/\/arantv.az\/index.php?rest_route=\/wp\/v2\/posts\/43617\/revisions"}],"wp:featuredmedia":[{"embeddable":true,"href":"https:\/\/arantv.az\/index.php?rest_route=\/wp\/v2\/media\/43618"}],"wp:attachment":[{"href":"https:\/\/arantv.az\/index.php?rest_route=%2Fwp%2Fv2%2Fmedia&parent=43617"}],"wp:term":[{"taxonomy":"category","embeddable":true,"href":"https:\/\/arantv.az\/index.php?rest_route=%2Fwp%2Fv2%2Fcategories&post=43617"},{"taxonomy":"post_tag","embeddable":true,"href":"https:\/\/arantv.az\/index.php?rest_route=%2Fwp%2Fv2%2Ftags&post=43617"}],"curies":[{"name":"wp","href":"https:\/\/api.w.org\/{rel}","templated":true}]}}