{"id":43626,"date":"2019-03-07T14:13:20","date_gmt":"2019-03-07T11:13:20","guid":{"rendered":"http:\/\/arantv.az\/?p=43626"},"modified":"2019-03-07T14:13:20","modified_gmt":"2019-03-07T11:13:20","slug":"%c9%99fv-m%c9%99s%c9%99l%c9%99l%c9%99ri-komissiyasi-isini-yekunlasdirib-siyahi-hazirlanir","status":"publish","type":"post","link":"https:\/\/arantv.az\/?p=43626","title":{"rendered":"\u018ffv M\u0259s\u0259l\u0259l\u0259ri Komissiyas\u0131 i\u015fini yekunla\u015fd\u0131r\u0131b &#8211; Siyah\u0131 haz\u0131rlan\u0131r"},"content":{"rendered":"<p><strong>Az\u0259rbaycan Prezidenti yan\u0131nda \u018ffv M\u0259s\u0259l\u0259l\u0259ri Komissiyas\u0131 \u0259fvl\u0259 ba\u011fl\u0131 m\u00fcraci\u0259tl\u0259r\u0259 bax\u0131lma prosesini art\u0131q yenkunla\u015fd\u0131r\u0131b.<\/strong><\/p>\n<p><strong>ARANTV.AZ<\/strong> trend-\u0259 istinad\u0259n x\u0259b\u0259r verir ki, \u00f6t\u0259n g\u00fcn komissiyan\u0131n sonuncu iclas\u0131 ke\u00e7irilib.<\/p>\n<p>Haz\u0131rda m\u0259hkumlar\u0131n siyah\u0131s\u0131n\u0131n haz\u0131rlanmas\u0131 il\u0259 ba\u011fl\u0131 texniki i\u015fl\u0259r h\u0259yata ke\u00e7irilr.<\/p>\n<p>Qeyd ed\u0259k ki, \u018ffv M\u0259s\u0259l\u0259l\u0259ri Komissiyas\u0131n\u0131n \u00f6t\u0259n il yanvar\u0131n sonlar\u0131ndan may\u0131n ortalar\u0131na q\u0259d\u0259r davam ed\u0259n iclaslar\u0131nda 1200-d\u0259n art\u0131q m\u00fcraci\u0259t\u0259 bax\u0131lm\u0131\u015fd\u0131. \u0130claslar\u0131n ard\u0131nca, 2018-ci il may\u0131n 24-d\u0259 Prezident \u0130lham \u018fliyev m\u0259hkum edilmi\u015f bir s\u0131ra \u015f\u0259xsl\u0259rin Az\u0259rbaycan Xalq C\u00fcmhuriyy\u0259tinin 100 illiyi m\u00fcnasib\u0259til\u0259 \u0259fv olunmas\u0131 haqq\u0131nda s\u0259r\u0259ncam imzalay\u0131b. \u018ffv s\u0259r\u0259ncam\u0131 \u00fcmumilikd\u0259 634 n\u0259f\u0259r\u0259 \u015famil olunub.<\/p>\n","protected":false},"excerpt":{"rendered":"<p>Az\u0259rbaycan Prezidenti yan\u0131nda \u018ffv M\u0259s\u0259l\u0259l\u0259ri Komissiyas\u0131 \u0259fvl\u0259 ba\u011fl\u0131 m\u00fcraci\u0259tl\u0259r\u0259 bax\u0131lma prosesini art\u0131q yenkunla\u015fd\u0131r\u0131b. ARANTV.AZ trend-\u0259 istinad\u0259n x\u0259b\u0259r verir ki, \u00f6t\u0259n g\u00fcn komissiyan\u0131n sonuncu iclas\u0131 ke\u00e7irilib. Haz\u0131rda m\u0259hkumlar\u0131n siyah\u0131s\u0131n\u0131n haz\u0131rlanmas\u0131 il\u0259 ba\u011fl\u0131 texniki i\u015fl\u0259r h\u0259yata ke\u00e7irilr. Qeyd ed\u0259k ki, \u018ffv M\u0259s\u0259l\u0259l\u0259ri Komissiyas\u0131n\u0131n \u00f6t\u0259n il yanvar\u0131n sonlar\u0131ndan may\u0131n ortalar\u0131na q\u0259d\u0259r davam ed\u0259n iclaslar\u0131nda 1200-d\u0259n art\u0131q m\u00fcraci\u0259t\u0259 bax\u0131lm\u0131\u015fd\u0131. \u0130claslar\u0131n ard\u0131nca, 2018-ci il may\u0131n 24-d\u0259 Prezident \u0130lham \u018fliyev m\u0259hkum edilmi\u015f bir s\u0131ra \u015f\u0259xsl\u0259rin Az\u0259rbaycan Xalq C\u00fcmhuriyy\u0259tinin 100 illiyi m\u00fcnasib\u0259til\u0259 \u0259fv olunmas\u0131 haqq\u0131nda s\u0259r\u0259ncam imzalay\u0131b. \u018ffv s\u0259r\u0259ncam\u0131 \u00fcmumilikd\u0259 634 n\u0259f\u0259r\u0259 \u015famil olunub.<\/p>\n","protected":false},"author":2,"featured_media":43627,"comment_status":"closed","ping_status":"closed","sticky":false,"template":"","format":"standard","meta":{"om_disable_all_campaigns":false,"_monsterinsights_skip_tracking":false,"_monsterinsights_sitenote_active":false,"_monsterinsights_sitenote_note":"","_monsterinsights_sitenote_category":0},"categories":[1],"tags":[],"aioseo_notices":[],"gutentor_comment":0,"rttpg_featured_image_url":{"full":["https:\/\/arantv.az\/wp-content\/uploads\/2019\/03\/736894.jpg",1200,801,false],"landscape":["https:\/\/arantv.az\/wp-content\/uploads\/2019\/03\/736894.jpg",1200,801,false],"portraits":["https:\/\/arantv.az\/wp-content\/uploads\/2019\/03\/736894.jpg",1200,801,false],"thumbnail":["https:\/\/arantv.az\/wp-content\/uploads\/2019\/03\/736894-150x150.jpg",150,150,true],"medium":["https:\/\/arantv.az\/wp-content\/uploads\/2019\/03\/736894-300x200.jpg",300,200,true],"large":["https:\/\/arantv.az\/wp-content\/uploads\/2019\/03\/736894-1024x684.jpg",640,428,true],"1536x1536":["https:\/\/arantv.az\/wp-content\/uploads\/2019\/03\/736894.jpg",1200,801,false],"2048x2048":["https:\/\/arantv.az\/wp-content\/uploads\/2019\/03\/736894.jpg",1200,801,false],"post-thumbnail":["https:\/\/arantv.az\/wp-content\/uploads\/2019\/03\/736894-240x172.jpg",240,172,true],"advps-thumb-one":["https:\/\/arantv.az\/wp-content\/uploads\/2019\/03\/736894-1200x620.jpg",1200,620,true]},"rttpg_author":{"display_name":"V\u00fcsal Rafiqo\u011flu","author_link":"https:\/\/arantv.az\/?author=2"},"rttpg_comment":0,"rttpg_category":"<a href=\"https:\/\/arantv.az\/?cat=1\" rel=\"category\">C\u0259miyy\u0259t<\/a>","rttpg_excerpt":"Az\u0259rbaycan Prezidenti yan\u0131nda \u018ffv M\u0259s\u0259l\u0259l\u0259ri Komissiyas\u0131 \u0259fvl\u0259 ba\u011fl\u0131 m\u00fcraci\u0259tl\u0259r\u0259 bax\u0131lma prosesini art\u0131q yenkunla\u015fd\u0131r\u0131b. ARANTV.AZ trend-\u0259 istinad\u0259n x\u0259b\u0259r verir ki, \u00f6t\u0259n g\u00fcn komissiyan\u0131n sonuncu iclas\u0131 ke\u00e7irilib. Haz\u0131rda m\u0259hkumlar\u0131n siyah\u0131s\u0131n\u0131n haz\u0131rlanmas\u0131 il\u0259 ba\u011fl\u0131 texniki i\u015fl\u0259r h\u0259yata ke\u00e7irilr. Qeyd ed\u0259k ki, \u018ffv M\u0259s\u0259l\u0259l\u0259ri Komissiyas\u0131n\u0131n \u00f6t\u0259n il yanvar\u0131n sonlar\u0131ndan may\u0131n ortalar\u0131na q\u0259d\u0259r davam ed\u0259n iclaslar\u0131nda 1200-d\u0259n art\u0131q m\u00fcraci\u0259t\u0259 bax\u0131lm\u0131\u015fd\u0131.&hellip;","_links":{"self":[{"href":"https:\/\/arantv.az\/index.php?rest_route=\/wp\/v2\/posts\/43626"}],"collection":[{"href":"https:\/\/arantv.az\/index.php?rest_route=\/wp\/v2\/posts"}],"about":[{"href":"https:\/\/arantv.az\/index.php?rest_route=\/wp\/v2\/types\/post"}],"author":[{"embeddable":true,"href":"https:\/\/arantv.az\/index.php?rest_route=\/wp\/v2\/users\/2"}],"replies":[{"embeddable":true,"href":"https:\/\/arantv.az\/index.php?rest_route=%2Fwp%2Fv2%2Fcomments&post=43626"}],"version-history":[{"count":0,"href":"https:\/\/arantv.az\/index.php?rest_route=\/wp\/v2\/posts\/43626\/revisions"}],"wp:featuredmedia":[{"embeddable":true,"href":"https:\/\/arantv.az\/index.php?rest_route=\/wp\/v2\/media\/43627"}],"wp:attachment":[{"href":"https:\/\/arantv.az\/index.php?rest_route=%2Fwp%2Fv2%2Fmedia&parent=43626"}],"wp:term":[{"taxonomy":"category","embeddable":true,"href":"https:\/\/arantv.az\/index.php?rest_route=%2Fwp%2Fv2%2Fcategories&post=43626"},{"taxonomy":"post_tag","embeddable":true,"href":"https:\/\/arantv.az\/index.php?rest_route=%2Fwp%2Fv2%2Ftags&post=43626"}],"curies":[{"name":"wp","href":"https:\/\/api.w.org\/{rel}","templated":true}]}}