{"id":43632,"date":"2019-03-07T14:16:14","date_gmt":"2019-03-07T11:16:14","guid":{"rendered":"http:\/\/arantv.az\/?p=43632"},"modified":"2019-03-07T14:16:14","modified_gmt":"2019-03-07T11:16:14","slug":"nazir-muavini-mal-qaranin-mes%c9%99l%c9%99r%c9%99-girisinin-qarsisi-alinmalidir","status":"publish","type":"post","link":"https:\/\/arantv.az\/?p=43632","title":{"rendered":"Nazir m\u00fcavini: Mal-qaran\u0131n me\u015f\u0259l\u0259r\u0259 giri\u015finin qar\u015f\u0131s\u0131 al\u0131nmal\u0131d\u0131r"},"content":{"rendered":"<p>Az\u0259rbaycanda me\u015f\u0259l\u0259rin k\u0259nar m\u00fcdaxil\u0259l\u0259r oldu\u011fu zaman \u00e7\u0259p\u0259rl\u0259n\u0259c\u0259k.<\/p>\n<p><strong>ARANTV.AZ<\/strong>-\u0131n m\u0259lumat\u0131na g\u00f6r\u0259, bunu ekologiya v\u0259 t\u0259bii s\u0259rv\u0259tl\u0259r nazirinin m\u00fcavini Firdovsi \u018fliyev bildirib.<\/p>\n<p>Onun s\u00f6zl\u0259rin\u0259 g\u00f6r\u0259, me\u015f\u0259l\u0259rin \u00e7\u0259p\u0259rl\u0259nm\u0259si daimi proses olmayacaq:<\/p>\n<p>\u201cMe\u015f\u0259l\u0259rd\u0259 t\u0259bii b\u0259rpa prosesi ba\u015f verdikd\u0259n sonra me\u015f\u0259l\u0259rd\u0259ki \u00e7\u0259p\u0259rl\u0259r s\u00f6k\u00fcl\u00fcr. Ba\u015fqa \u0259razil\u0259rd\u0259 \u00e7\u0259p\u0259rl\u0259nm\u0259 i\u015fl\u0259ri apar\u0131l\u0131r. Bel\u0259 bir\u00a0t\u0259cr\u00fcb\u0259 Q\u0131r\u011f\u0131z\u0131standa da var\u201d.<\/p>\n<p>Nazir m\u00fcavini bildirib ki, b\u0259zi me\u015f\u0259 fondu\u00a0\u0259razil\u0259rin\u0259 mal-qaran\u0131n giri\u015finin qar\u015f\u0131s\u0131 al\u0131nmal\u0131d\u0131r:<\/p>\n<p>\u201cBu hallar\u0131n qar\u015f\u0131s\u0131n\u0131n al\u0131nmas\u0131 \u00fc\u00e7\u00fcn me\u015f\u0259l\u0259rin \u00e7\u0259p\u0259rl\u0259nm\u0259si t\u0259cr\u00fcb\u0259sinin t\u0259tbiqi faydal\u0131 olar\u201d.<\/p>\n<p>Firdovsi \u018fliyev xaricd\u0259n ting g\u0259tir\u0259n i\u015f adamlar\u0131na da m\u00fcraci\u0259t edib:<\/p>\n<p>\u201cETSN-nin kifay\u0259t q\u0259d\u0259r yerli \u015f\u0259rait\u0259 uy\u011funla\u015fd\u0131r\u0131lm\u0131\u015f tingl\u0259ri var. Buna g\u00f6r\u0259 d\u0259 xaricd\u0259n tingl\u0259rin\u00a0g\u0259tirilm\u0259sin\u0259 ehtiyac yoxdur\u201d.oxu.az<\/p>\n","protected":false},"excerpt":{"rendered":"<p>Az\u0259rbaycanda me\u015f\u0259l\u0259rin k\u0259nar m\u00fcdaxil\u0259l\u0259r oldu\u011fu zaman \u00e7\u0259p\u0259rl\u0259n\u0259c\u0259k. ARANTV.AZ-\u0131n m\u0259lumat\u0131na g\u00f6r\u0259, bunu ekologiya v\u0259 t\u0259bii s\u0259rv\u0259tl\u0259r nazirinin m\u00fcavini Firdovsi \u018fliyev bildirib. Onun s\u00f6zl\u0259rin\u0259 g\u00f6r\u0259, me\u015f\u0259l\u0259rin \u00e7\u0259p\u0259rl\u0259nm\u0259si daimi proses olmayacaq: \u201cMe\u015f\u0259l\u0259rd\u0259 t\u0259bii b\u0259rpa prosesi ba\u015f verdikd\u0259n sonra me\u015f\u0259l\u0259rd\u0259ki \u00e7\u0259p\u0259rl\u0259r s\u00f6k\u00fcl\u00fcr. Ba\u015fqa \u0259razil\u0259rd\u0259 \u00e7\u0259p\u0259rl\u0259nm\u0259 i\u015fl\u0259ri apar\u0131l\u0131r. Bel\u0259 bir\u00a0t\u0259cr\u00fcb\u0259 Q\u0131r\u011f\u0131z\u0131standa da var\u201d. Nazir m\u00fcavini bildirib ki, b\u0259zi me\u015f\u0259 fondu\u00a0\u0259razil\u0259rin\u0259 mal-qaran\u0131n giri\u015finin qar\u015f\u0131s\u0131 al\u0131nmal\u0131d\u0131r: \u201cBu hallar\u0131n qar\u015f\u0131s\u0131n\u0131n al\u0131nmas\u0131 \u00fc\u00e7\u00fcn me\u015f\u0259l\u0259rin \u00e7\u0259p\u0259rl\u0259nm\u0259si t\u0259cr\u00fcb\u0259sinin t\u0259tbiqi faydal\u0131 olar\u201d. Firdovsi \u018fliyev xaricd\u0259n ting g\u0259tir\u0259n i\u015f adamlar\u0131na da m\u00fcraci\u0259t edib: \u201cETSN-nin kifay\u0259t q\u0259d\u0259r yerli \u015f\u0259rait\u0259 uy\u011funla\u015fd\u0131r\u0131lm\u0131\u015f tingl\u0259ri var. Buna g\u00f6r\u0259&hellip;<\/p>\n","protected":false},"author":2,"featured_media":43633,"comment_status":"closed","ping_status":"closed","sticky":false,"template":"","format":"standard","meta":{"om_disable_all_campaigns":false,"_monsterinsights_skip_tracking":false,"_monsterinsights_sitenote_active":false,"_monsterinsights_sitenote_note":"","_monsterinsights_sitenote_category":0},"categories":[1],"tags":[],"aioseo_notices":[],"gutentor_comment":0,"rttpg_featured_image_url":{"full":["https:\/\/arantv.az\/wp-content\/uploads\/2019\/03\/ROM4669.jpg",620,413,false],"landscape":["https:\/\/arantv.az\/wp-content\/uploads\/2019\/03\/ROM4669.jpg",620,413,false],"portraits":["https:\/\/arantv.az\/wp-content\/uploads\/2019\/03\/ROM4669.jpg",620,413,false],"thumbnail":["https:\/\/arantv.az\/wp-content\/uploads\/2019\/03\/ROM4669-150x150.jpg",150,150,true],"medium":["https:\/\/arantv.az\/wp-content\/uploads\/2019\/03\/ROM4669-300x200.jpg",300,200,true],"large":["https:\/\/arantv.az\/wp-content\/uploads\/2019\/03\/ROM4669.jpg",620,413,false],"1536x1536":["https:\/\/arantv.az\/wp-content\/uploads\/2019\/03\/ROM4669.jpg",620,413,false],"2048x2048":["https:\/\/arantv.az\/wp-content\/uploads\/2019\/03\/ROM4669.jpg",620,413,false],"post-thumbnail":["https:\/\/arantv.az\/wp-content\/uploads\/2019\/03\/ROM4669-240x172.jpg",240,172,true],"advps-thumb-one":["https:\/\/arantv.az\/wp-content\/uploads\/2019\/03\/ROM4669.jpg",620,413,false]},"rttpg_author":{"display_name":"V\u00fcsal Rafiqo\u011flu","author_link":"https:\/\/arantv.az\/?author=2"},"rttpg_comment":0,"rttpg_category":"<a href=\"https:\/\/arantv.az\/?cat=1\" rel=\"category\">C\u0259miyy\u0259t<\/a>","rttpg_excerpt":"Az\u0259rbaycanda me\u015f\u0259l\u0259rin k\u0259nar m\u00fcdaxil\u0259l\u0259r oldu\u011fu zaman \u00e7\u0259p\u0259rl\u0259n\u0259c\u0259k. ARANTV.AZ-\u0131n m\u0259lumat\u0131na g\u00f6r\u0259, bunu ekologiya v\u0259 t\u0259bii s\u0259rv\u0259tl\u0259r nazirinin m\u00fcavini Firdovsi \u018fliyev bildirib. Onun s\u00f6zl\u0259rin\u0259 g\u00f6r\u0259, me\u015f\u0259l\u0259rin \u00e7\u0259p\u0259rl\u0259nm\u0259si daimi proses olmayacaq: \u201cMe\u015f\u0259l\u0259rd\u0259 t\u0259bii b\u0259rpa prosesi ba\u015f verdikd\u0259n sonra me\u015f\u0259l\u0259rd\u0259ki \u00e7\u0259p\u0259rl\u0259r s\u00f6k\u00fcl\u00fcr. Ba\u015fqa \u0259razil\u0259rd\u0259 \u00e7\u0259p\u0259rl\u0259nm\u0259 i\u015fl\u0259ri apar\u0131l\u0131r. Bel\u0259 bir\u00a0t\u0259cr\u00fcb\u0259 Q\u0131r\u011f\u0131z\u0131standa da var\u201d. Nazir m\u00fcavini bildirib ki, b\u0259zi me\u015f\u0259 fondu\u00a0\u0259razil\u0259rin\u0259&hellip;","_links":{"self":[{"href":"https:\/\/arantv.az\/index.php?rest_route=\/wp\/v2\/posts\/43632"}],"collection":[{"href":"https:\/\/arantv.az\/index.php?rest_route=\/wp\/v2\/posts"}],"about":[{"href":"https:\/\/arantv.az\/index.php?rest_route=\/wp\/v2\/types\/post"}],"author":[{"embeddable":true,"href":"https:\/\/arantv.az\/index.php?rest_route=\/wp\/v2\/users\/2"}],"replies":[{"embeddable":true,"href":"https:\/\/arantv.az\/index.php?rest_route=%2Fwp%2Fv2%2Fcomments&post=43632"}],"version-history":[{"count":0,"href":"https:\/\/arantv.az\/index.php?rest_route=\/wp\/v2\/posts\/43632\/revisions"}],"wp:featuredmedia":[{"embeddable":true,"href":"https:\/\/arantv.az\/index.php?rest_route=\/wp\/v2\/media\/43633"}],"wp:attachment":[{"href":"https:\/\/arantv.az\/index.php?rest_route=%2Fwp%2Fv2%2Fmedia&parent=43632"}],"wp:term":[{"taxonomy":"category","embeddable":true,"href":"https:\/\/arantv.az\/index.php?rest_route=%2Fwp%2Fv2%2Fcategories&post=43632"},{"taxonomy":"post_tag","embeddable":true,"href":"https:\/\/arantv.az\/index.php?rest_route=%2Fwp%2Fv2%2Ftags&post=43632"}],"curies":[{"name":"wp","href":"https:\/\/api.w.org\/{rel}","templated":true}]}}