{"id":436378,"date":"2022-02-08T13:45:54","date_gmt":"2022-02-08T10:45:54","guid":{"rendered":"http:\/\/arantv.az\/?p=436378"},"modified":"2022-02-08T13:45:54","modified_gmt":"2022-02-08T10:45:54","slug":"ot%c9%99n-il-gomrukd%c9%99-hibrid-avtomobill%c9%99rd%c9%99n-n%c9%99-q%c9%99d%c9%99r-rusum-yigilib-r%c9%99smi","status":"publish","type":"post","link":"https:\/\/arantv.az\/?p=436378","title":{"rendered":"\u00d6t\u0259n il g\u00f6mr\u00fckd\u0259 hibrid avtomobill\u0259rd\u0259n n\u0259 q\u0259d\u0259r r\u00fcsum y\u0131\u011f\u0131l\u0131b? &#8211; R\u018fSM\u0130"},"content":{"rendered":"<p>\u201c\u00d6t\u0259n il istehsal m\u00fcdd\u0259ti son 3 ili ke\u00e7m\u0259y\u0259n hibrid minik avtomobill\u0259rinin idxal\u0131 zaman\u0131 \u0259lav\u0259 d\u0259y\u0259r vergisi \u00fczr\u0259\u00a07 milyon\u00a0manata yax\u0131n v\u0259sait toplanaraq d\u00f6vl\u0259t b\u00fcdc\u0259sin\u0259 k\u00f6\u00e7\u00fcr\u00fcl\u00fcb\u201d.<\/p>\n<div class=\"AdviadNativeVideo\"><\/div>\n<p><strong>ARANTV.AZ<\/strong>\u00a0x\u0259b\u0259r verir ki, bunu \u201cReport\u201da m\u00fcsahib\u0259si zaman\u0131 D\u00f6vl\u0259t\u00a0D\u00f6vl\u0259t G\u00f6mr\u00fck Komit\u0259sinin s\u0259dri\u00a0g\u00f6mr\u00fck xidm\u0259ti general-polkovniki S\u0259f\u0259r Mehdiyev deyib.<\/p>\n<p>Onun s\u00f6zl\u0259rin\u0259 g\u00f6r\u0259, cari ild\u0259 azadolmalar\u0131n t\u0259tbiqi \u015f\u00fcbh\u0259siz ki, bu q\u0259bild\u0259n olan avtomobill\u0259rin idxal h\u0259cmini art\u0131racaq:<\/p>\n<p>\u201c\u00dcmumiyy\u0259tl\u0259, cari ild\u0259n bu d\u0259yi\u015fiklikl\u0259rin edilm\u0259si fiskal siyas\u0259t bax\u0131m\u0131ndan yox, sosial siyas\u0259tin h\u0259yata ke\u00e7irilm\u0259sin\u0259 xidm\u0259t etm\u0259kl\u0259, ekoloji t\u0259miz n\u0259qliyyat vasit\u0259l\u0259rinin \u00f6lk\u0259y\u0259 g\u0259tirilm\u0259sini stimulla\u015fd\u0131racaq v\u0259 eyni zamanda avtomobil park\u0131n\u0131n yenil\u0259nm\u0259sin\u0259 \u0259lveri\u015fli \u015f\u0259rait yaradacaq\u201d.<\/p>\n","protected":false},"excerpt":{"rendered":"<p>\u201c\u00d6t\u0259n il istehsal m\u00fcdd\u0259ti son 3 ili ke\u00e7m\u0259y\u0259n hibrid minik avtomobill\u0259rinin idxal\u0131 zaman\u0131 \u0259lav\u0259 d\u0259y\u0259r vergisi \u00fczr\u0259\u00a07 milyon\u00a0manata yax\u0131n v\u0259sait toplanaraq d\u00f6vl\u0259t b\u00fcdc\u0259sin\u0259 k\u00f6\u00e7\u00fcr\u00fcl\u00fcb\u201d. ARANTV.AZ\u00a0x\u0259b\u0259r verir ki, bunu \u201cReport\u201da m\u00fcsahib\u0259si zaman\u0131 D\u00f6vl\u0259t\u00a0D\u00f6vl\u0259t G\u00f6mr\u00fck Komit\u0259sinin s\u0259dri\u00a0g\u00f6mr\u00fck xidm\u0259ti general-polkovniki S\u0259f\u0259r Mehdiyev deyib. Onun s\u00f6zl\u0259rin\u0259 g\u00f6r\u0259, cari ild\u0259 azadolmalar\u0131n t\u0259tbiqi \u015f\u00fcbh\u0259siz ki, bu q\u0259bild\u0259n olan avtomobill\u0259rin idxal h\u0259cmini art\u0131racaq: \u201c\u00dcmumiyy\u0259tl\u0259, cari ild\u0259n bu d\u0259yi\u015fiklikl\u0259rin edilm\u0259si fiskal siyas\u0259t bax\u0131m\u0131ndan yox, sosial siyas\u0259tin h\u0259yata ke\u00e7irilm\u0259sin\u0259 xidm\u0259t etm\u0259kl\u0259, ekoloji t\u0259miz n\u0259qliyyat vasit\u0259l\u0259rinin \u00f6lk\u0259y\u0259 g\u0259tirilm\u0259sini stimulla\u015fd\u0131racaq v\u0259 eyni zamanda avtomobil park\u0131n\u0131n yenil\u0259nm\u0259sin\u0259 \u0259lveri\u015fli \u015f\u0259rait yaradacaq\u201d.<\/p>\n","protected":false},"author":2,"featured_media":436379,"comment_status":"closed","ping_status":"closed","sticky":false,"template":"","format":"standard","meta":{"om_disable_all_campaigns":false,"_monsterinsights_skip_tracking":false,"_monsterinsights_sitenote_active":false,"_monsterinsights_sitenote_note":"","_monsterinsights_sitenote_category":0},"categories":[19],"tags":[],"aioseo_notices":[],"gutentor_comment":0,"rttpg_featured_image_url":{"full":["https:\/\/arantv.az\/wp-content\/uploads\/2022\/02\/avto.jpg",620,413,false],"landscape":["https:\/\/arantv.az\/wp-content\/uploads\/2022\/02\/avto.jpg",620,413,false],"portraits":["https:\/\/arantv.az\/wp-content\/uploads\/2022\/02\/avto.jpg",620,413,false],"thumbnail":["https:\/\/arantv.az\/wp-content\/uploads\/2022\/02\/avto-500x280.jpg",500,280,true],"medium":["https:\/\/arantv.az\/wp-content\/uploads\/2022\/02\/avto-548x365.jpg",548,365,true],"large":["https:\/\/arantv.az\/wp-content\/uploads\/2022\/02\/avto.jpg",620,413,false],"1536x1536":["https:\/\/arantv.az\/wp-content\/uploads\/2022\/02\/avto.jpg",620,413,false],"2048x2048":["https:\/\/arantv.az\/wp-content\/uploads\/2022\/02\/avto.jpg",620,413,false],"post-thumbnail":["https:\/\/arantv.az\/wp-content\/uploads\/2022\/02\/avto-240x172.jpg",240,172,true],"advps-thumb-one":["https:\/\/arantv.az\/wp-content\/uploads\/2022\/02\/avto.jpg",620,413,false]},"rttpg_author":{"display_name":"V\u00fcsal Rafiqo\u011flu","author_link":"https:\/\/arantv.az\/?author=2"},"rttpg_comment":0,"rttpg_category":"<a href=\"https:\/\/arantv.az\/?cat=19\" rel=\"category\">G\u00fcnd\u0259m<\/a>","rttpg_excerpt":"\u201c\u00d6t\u0259n il istehsal m\u00fcdd\u0259ti son 3 ili ke\u00e7m\u0259y\u0259n hibrid minik avtomobill\u0259rinin idxal\u0131 zaman\u0131 \u0259lav\u0259 d\u0259y\u0259r vergisi \u00fczr\u0259\u00a07 milyon\u00a0manata yax\u0131n v\u0259sait toplanaraq d\u00f6vl\u0259t b\u00fcdc\u0259sin\u0259 k\u00f6\u00e7\u00fcr\u00fcl\u00fcb\u201d. ARANTV.AZ\u00a0x\u0259b\u0259r verir ki, bunu \u201cReport\u201da m\u00fcsahib\u0259si zaman\u0131 D\u00f6vl\u0259t\u00a0D\u00f6vl\u0259t G\u00f6mr\u00fck Komit\u0259sinin s\u0259dri\u00a0g\u00f6mr\u00fck xidm\u0259ti general-polkovniki S\u0259f\u0259r Mehdiyev deyib. Onun s\u00f6zl\u0259rin\u0259 g\u00f6r\u0259, cari ild\u0259 azadolmalar\u0131n t\u0259tbiqi \u015f\u00fcbh\u0259siz ki, bu q\u0259bild\u0259n olan avtomobill\u0259rin idxal h\u0259cmini&hellip;","_links":{"self":[{"href":"https:\/\/arantv.az\/index.php?rest_route=\/wp\/v2\/posts\/436378"}],"collection":[{"href":"https:\/\/arantv.az\/index.php?rest_route=\/wp\/v2\/posts"}],"about":[{"href":"https:\/\/arantv.az\/index.php?rest_route=\/wp\/v2\/types\/post"}],"author":[{"embeddable":true,"href":"https:\/\/arantv.az\/index.php?rest_route=\/wp\/v2\/users\/2"}],"replies":[{"embeddable":true,"href":"https:\/\/arantv.az\/index.php?rest_route=%2Fwp%2Fv2%2Fcomments&post=436378"}],"version-history":[{"count":0,"href":"https:\/\/arantv.az\/index.php?rest_route=\/wp\/v2\/posts\/436378\/revisions"}],"wp:featuredmedia":[{"embeddable":true,"href":"https:\/\/arantv.az\/index.php?rest_route=\/wp\/v2\/media\/436379"}],"wp:attachment":[{"href":"https:\/\/arantv.az\/index.php?rest_route=%2Fwp%2Fv2%2Fmedia&parent=436378"}],"wp:term":[{"taxonomy":"category","embeddable":true,"href":"https:\/\/arantv.az\/index.php?rest_route=%2Fwp%2Fv2%2Fcategories&post=436378"},{"taxonomy":"post_tag","embeddable":true,"href":"https:\/\/arantv.az\/index.php?rest_route=%2Fwp%2Fv2%2Ftags&post=436378"}],"curies":[{"name":"wp","href":"https:\/\/api.w.org\/{rel}","templated":true}]}}