{"id":43638,"date":"2019-03-07T14:21:38","date_gmt":"2019-03-07T11:21:38","guid":{"rendered":"http:\/\/arantv.az\/?p=43638"},"modified":"2019-03-07T14:21:38","modified_gmt":"2019-03-07T11:21:38","slug":"rektordan-t%c9%99l%c9%99b%c9%99-qizlara-bayram-h%c9%99diyy%c9%99si-bir-ayliq","status":"publish","type":"post","link":"https:\/\/arantv.az\/?p=43638","title":{"rendered":"Rektordan t\u0259l\u0259b\u0259 q\u0131zlara BAYRAM H\u018fD\u0130YY\u018fS\u0130: Bir ayl\u0131q&#8230;."},"content":{"rendered":"<p>Az\u0259rbaycan Dill\u0259r Universitetinin rektoru akademik Kamal Abdulla 8 Mart &#8211; Beyn\u0259lxalq Qad\u0131nlar G\u00fcn\u00fc m\u00fcnasib\u0259til\u0259 ADU-nun 2 sayl\u0131 q\u0131zlar yataqxanas\u0131nda ya\u015fayan 141 n\u0259f\u0259r t\u0259l\u0259b\u0259ni bir ayl\u0131q yataqxana \u00f6d\u0259ni\u015find\u0259n azad edib.<\/p>\n<p><b>ARANTV.AZ\u00a0<\/b>x\u0259b\u0259r verir ki, bu bar\u0259d\u0259 ADU T\u0259l\u0259b\u0259 H\u0259mkarlar \u0130ttifaq\u0131 Komit\u0259sinin s\u0259dri \u015eahin S\u0259rdarl\u0131 m\u0259lumat verib.<br \/>\n<ins><\/p>\n<div id=\"beacon_718e5cd570\"><img loading=\"lazy\" src=\"https:\/\/ads2.newmedia.az\/www\/delivery\/lg.php?bannerid=0&amp;campaignid=0&amp;zoneid=975&amp;loc=https%3A%2F%2Fbig.az%2F347026-rektordan_telebe_qizlara_bayram_hediyyesi_bir_ayliq.html&amp;referer=https%3A%2F%2Fbig.az%2F&amp;cb=718e5cd570\" alt=\"\" width=\"0\" height=\"0\" \/><\/div>\n<p><\/ins><br \/>\nQeyd ed\u0259k ki, 2 sayl\u0131 q\u0131zlar yataqxanas\u0131nda 118 n\u0259f\u0259r ADU-nun, 23 n\u0259f\u0259r is\u0259 dig\u0259r universitet v\u0259 kollecl\u0259rin t\u0259l\u0259b\u0259si ya\u015fay\u0131r.<\/p>\n<p>big.az<\/p>\n","protected":false},"excerpt":{"rendered":"<p>Az\u0259rbaycan Dill\u0259r Universitetinin rektoru akademik Kamal Abdulla 8 Mart &#8211; Beyn\u0259lxalq Qad\u0131nlar G\u00fcn\u00fc m\u00fcnasib\u0259til\u0259 ADU-nun 2 sayl\u0131 q\u0131zlar yataqxanas\u0131nda ya\u015fayan 141 n\u0259f\u0259r t\u0259l\u0259b\u0259ni bir ayl\u0131q yataqxana \u00f6d\u0259ni\u015find\u0259n azad edib. ARANTV.AZ\u00a0x\u0259b\u0259r verir ki, bu bar\u0259d\u0259 ADU T\u0259l\u0259b\u0259 H\u0259mkarlar \u0130ttifaq\u0131 Komit\u0259sinin s\u0259dri \u015eahin S\u0259rdarl\u0131 m\u0259lumat verib. Qeyd ed\u0259k ki, 2 sayl\u0131 q\u0131zlar yataqxanas\u0131nda 118 n\u0259f\u0259r ADU-nun, 23 n\u0259f\u0259r is\u0259 dig\u0259r universitet v\u0259 kollecl\u0259rin t\u0259l\u0259b\u0259si ya\u015fay\u0131r. big.az<\/p>\n","protected":false},"author":2,"featured_media":43639,"comment_status":"closed","ping_status":"closed","sticky":false,"template":"","format":"standard","meta":{"om_disable_all_campaigns":false,"_monsterinsights_skip_tracking":false,"_monsterinsights_sitenote_active":false,"_monsterinsights_sitenote_note":"","_monsterinsights_sitenote_category":0},"categories":[1],"tags":[],"aioseo_notices":[],"gutentor_comment":0,"rttpg_featured_image_url":{"full":["https:\/\/arantv.az\/wp-content\/uploads\/2019\/03\/kamal_21551956732.jpg",649,365,false],"landscape":["https:\/\/arantv.az\/wp-content\/uploads\/2019\/03\/kamal_21551956732.jpg",649,365,false],"portraits":["https:\/\/arantv.az\/wp-content\/uploads\/2019\/03\/kamal_21551956732.jpg",649,365,false],"thumbnail":["https:\/\/arantv.az\/wp-content\/uploads\/2019\/03\/kamal_21551956732-150x150.jpg",150,150,true],"medium":["https:\/\/arantv.az\/wp-content\/uploads\/2019\/03\/kamal_21551956732-300x169.jpg",300,169,true],"large":["https:\/\/arantv.az\/wp-content\/uploads\/2019\/03\/kamal_21551956732.jpg",640,360,false],"1536x1536":["https:\/\/arantv.az\/wp-content\/uploads\/2019\/03\/kamal_21551956732.jpg",649,365,false],"2048x2048":["https:\/\/arantv.az\/wp-content\/uploads\/2019\/03\/kamal_21551956732.jpg",649,365,false],"post-thumbnail":["https:\/\/arantv.az\/wp-content\/uploads\/2019\/03\/kamal_21551956732-240x172.jpg",240,172,true],"advps-thumb-one":["https:\/\/arantv.az\/wp-content\/uploads\/2019\/03\/kamal_21551956732.jpg",649,365,false]},"rttpg_author":{"display_name":"V\u00fcsal Rafiqo\u011flu","author_link":"https:\/\/arantv.az\/?author=2"},"rttpg_comment":0,"rttpg_category":"<a href=\"https:\/\/arantv.az\/?cat=1\" rel=\"category\">C\u0259miyy\u0259t<\/a>","rttpg_excerpt":"Az\u0259rbaycan Dill\u0259r Universitetinin rektoru akademik Kamal Abdulla 8 Mart &#8211; Beyn\u0259lxalq Qad\u0131nlar G\u00fcn\u00fc m\u00fcnasib\u0259til\u0259 ADU-nun 2 sayl\u0131 q\u0131zlar yataqxanas\u0131nda ya\u015fayan 141 n\u0259f\u0259r t\u0259l\u0259b\u0259ni bir ayl\u0131q yataqxana \u00f6d\u0259ni\u015find\u0259n azad edib. ARANTV.AZ\u00a0x\u0259b\u0259r verir ki, bu bar\u0259d\u0259 ADU T\u0259l\u0259b\u0259 H\u0259mkarlar \u0130ttifaq\u0131 Komit\u0259sinin s\u0259dri \u015eahin S\u0259rdarl\u0131 m\u0259lumat verib. Qeyd ed\u0259k ki, 2 sayl\u0131 q\u0131zlar yataqxanas\u0131nda 118 n\u0259f\u0259r ADU-nun, 23&hellip;","_links":{"self":[{"href":"https:\/\/arantv.az\/index.php?rest_route=\/wp\/v2\/posts\/43638"}],"collection":[{"href":"https:\/\/arantv.az\/index.php?rest_route=\/wp\/v2\/posts"}],"about":[{"href":"https:\/\/arantv.az\/index.php?rest_route=\/wp\/v2\/types\/post"}],"author":[{"embeddable":true,"href":"https:\/\/arantv.az\/index.php?rest_route=\/wp\/v2\/users\/2"}],"replies":[{"embeddable":true,"href":"https:\/\/arantv.az\/index.php?rest_route=%2Fwp%2Fv2%2Fcomments&post=43638"}],"version-history":[{"count":0,"href":"https:\/\/arantv.az\/index.php?rest_route=\/wp\/v2\/posts\/43638\/revisions"}],"wp:featuredmedia":[{"embeddable":true,"href":"https:\/\/arantv.az\/index.php?rest_route=\/wp\/v2\/media\/43639"}],"wp:attachment":[{"href":"https:\/\/arantv.az\/index.php?rest_route=%2Fwp%2Fv2%2Fmedia&parent=43638"}],"wp:term":[{"taxonomy":"category","embeddable":true,"href":"https:\/\/arantv.az\/index.php?rest_route=%2Fwp%2Fv2%2Fcategories&post=43638"},{"taxonomy":"post_tag","embeddable":true,"href":"https:\/\/arantv.az\/index.php?rest_route=%2Fwp%2Fv2%2Ftags&post=43638"}],"curies":[{"name":"wp","href":"https:\/\/api.w.org\/{rel}","templated":true}]}}