{"id":436381,"date":"2022-02-08T13:46:23","date_gmt":"2022-02-08T10:46:23","guid":{"rendered":"http:\/\/arantv.az\/?p=436381"},"modified":"2022-02-08T13:46:23","modified_gmt":"2022-02-08T10:46:23","slug":"az%c9%99rbaycanda-birinci-sinif-sagirdi-m%c9%99kt%c9%99bd%c9%99-faci%c9%99li-s%c9%99kild%c9%99-oldu","status":"publish","type":"post","link":"https:\/\/arantv.az\/?p=436381","title":{"rendered":"Az\u0259rbaycanda birinci sinif \u015fagirdi m\u0259kt\u0259bd\u0259 faci\u0259li \u015f\u0259kild\u0259 \u00f6ld\u00fc"},"content":{"rendered":"<p>C\u0259lilabadda birinci sinif \u015fagirdini elektrik c\u0259rayan\u0131 vuraraq \u00f6ld\u00fcr\u00fcb.<\/p>\n<div class=\"AdviadNativeVideo\"><\/div>\n<p>APA-n\u0131n c\u0259nub b\u00fcrosunun verdiyi m\u0259lumata g\u00f6r\u0259, hadis\u0259 rayonun Ocaql\u0131 k\u0259ndind\u0259 ba\u015f verib.<\/p>\n<p>H\u0259min k\u0259ndd\u0259 yerl\u0259\u015f\u0259n m\u0259kt\u0259bin h\u0259y\u0259tind\u0259 1-ci sinif \u015fagirdi, 2015-ci il t\u0259v\u0259ll\u00fcdl\u00fc H\u00fcseyn Ya\u015far o\u011flu Zeynalovu elektrik c\u0259rayan\u0131 vurub. N\u0259tic\u0259d\u0259 m\u0259kt\u0259bli d\u00fcnyas\u0131n\u0131 d\u0259yi\u015fib.<\/p>\n<p>Faktla ba\u011fl\u0131 ara\u015fd\u0131rma apar\u0131l\u0131r.<\/p>\n","protected":false},"excerpt":{"rendered":"<p>C\u0259lilabadda birinci sinif \u015fagirdini elektrik c\u0259rayan\u0131 vuraraq \u00f6ld\u00fcr\u00fcb. APA-n\u0131n c\u0259nub b\u00fcrosunun verdiyi m\u0259lumata g\u00f6r\u0259, hadis\u0259 rayonun Ocaql\u0131 k\u0259ndind\u0259 ba\u015f verib. H\u0259min k\u0259ndd\u0259 yerl\u0259\u015f\u0259n m\u0259kt\u0259bin h\u0259y\u0259tind\u0259 1-ci sinif \u015fagirdi, 2015-ci il t\u0259v\u0259ll\u00fcdl\u00fc H\u00fcseyn Ya\u015far o\u011flu Zeynalovu elektrik c\u0259rayan\u0131 vurub. N\u0259tic\u0259d\u0259 m\u0259kt\u0259bli d\u00fcnyas\u0131n\u0131 d\u0259yi\u015fib. Faktla ba\u011fl\u0131 ara\u015fd\u0131rma apar\u0131l\u0131r.<\/p>\n","protected":false},"author":2,"featured_media":436382,"comment_status":"closed","ping_status":"closed","sticky":false,"template":"","format":"standard","meta":{"om_disable_all_campaigns":false,"_monsterinsights_skip_tracking":false,"_monsterinsights_sitenote_active":false,"_monsterinsights_sitenote_note":"","_monsterinsights_sitenote_category":0},"categories":[5],"tags":[],"aioseo_notices":[],"gutentor_comment":0,"rttpg_featured_image_url":{"full":["https:\/\/arantv.az\/wp-content\/uploads\/2022\/02\/FotoJet-10-3.jpg",620,413,false],"landscape":["https:\/\/arantv.az\/wp-content\/uploads\/2022\/02\/FotoJet-10-3.jpg",620,413,false],"portraits":["https:\/\/arantv.az\/wp-content\/uploads\/2022\/02\/FotoJet-10-3.jpg",620,413,false],"thumbnail":["https:\/\/arantv.az\/wp-content\/uploads\/2022\/02\/FotoJet-10-3-500x280.jpg",500,280,true],"medium":["https:\/\/arantv.az\/wp-content\/uploads\/2022\/02\/FotoJet-10-3-548x365.jpg",548,365,true],"large":["https:\/\/arantv.az\/wp-content\/uploads\/2022\/02\/FotoJet-10-3.jpg",620,413,false],"1536x1536":["https:\/\/arantv.az\/wp-content\/uploads\/2022\/02\/FotoJet-10-3.jpg",620,413,false],"2048x2048":["https:\/\/arantv.az\/wp-content\/uploads\/2022\/02\/FotoJet-10-3.jpg",620,413,false],"post-thumbnail":["https:\/\/arantv.az\/wp-content\/uploads\/2022\/02\/FotoJet-10-3-240x172.jpg",240,172,true],"advps-thumb-one":["https:\/\/arantv.az\/wp-content\/uploads\/2022\/02\/FotoJet-10-3.jpg",620,413,false]},"rttpg_author":{"display_name":"V\u00fcsal Rafiqo\u011flu","author_link":"https:\/\/arantv.az\/?author=2"},"rttpg_comment":0,"rttpg_category":"<a href=\"https:\/\/arantv.az\/?cat=5\" rel=\"category\">Hadis\u0259<\/a>","rttpg_excerpt":"C\u0259lilabadda birinci sinif \u015fagirdini elektrik c\u0259rayan\u0131 vuraraq \u00f6ld\u00fcr\u00fcb. APA-n\u0131n c\u0259nub b\u00fcrosunun verdiyi m\u0259lumata g\u00f6r\u0259, hadis\u0259 rayonun Ocaql\u0131 k\u0259ndind\u0259 ba\u015f verib. H\u0259min k\u0259ndd\u0259 yerl\u0259\u015f\u0259n m\u0259kt\u0259bin h\u0259y\u0259tind\u0259 1-ci sinif \u015fagirdi, 2015-ci il t\u0259v\u0259ll\u00fcdl\u00fc H\u00fcseyn Ya\u015far o\u011flu Zeynalovu elektrik c\u0259rayan\u0131 vurub. N\u0259tic\u0259d\u0259 m\u0259kt\u0259bli d\u00fcnyas\u0131n\u0131 d\u0259yi\u015fib. Faktla ba\u011fl\u0131 ara\u015fd\u0131rma apar\u0131l\u0131r.","_links":{"self":[{"href":"https:\/\/arantv.az\/index.php?rest_route=\/wp\/v2\/posts\/436381"}],"collection":[{"href":"https:\/\/arantv.az\/index.php?rest_route=\/wp\/v2\/posts"}],"about":[{"href":"https:\/\/arantv.az\/index.php?rest_route=\/wp\/v2\/types\/post"}],"author":[{"embeddable":true,"href":"https:\/\/arantv.az\/index.php?rest_route=\/wp\/v2\/users\/2"}],"replies":[{"embeddable":true,"href":"https:\/\/arantv.az\/index.php?rest_route=%2Fwp%2Fv2%2Fcomments&post=436381"}],"version-history":[{"count":0,"href":"https:\/\/arantv.az\/index.php?rest_route=\/wp\/v2\/posts\/436381\/revisions"}],"wp:featuredmedia":[{"embeddable":true,"href":"https:\/\/arantv.az\/index.php?rest_route=\/wp\/v2\/media\/436382"}],"wp:attachment":[{"href":"https:\/\/arantv.az\/index.php?rest_route=%2Fwp%2Fv2%2Fmedia&parent=436381"}],"wp:term":[{"taxonomy":"category","embeddable":true,"href":"https:\/\/arantv.az\/index.php?rest_route=%2Fwp%2Fv2%2Fcategories&post=436381"},{"taxonomy":"post_tag","embeddable":true,"href":"https:\/\/arantv.az\/index.php?rest_route=%2Fwp%2Fv2%2Ftags&post=436381"}],"curies":[{"name":"wp","href":"https:\/\/api.w.org\/{rel}","templated":true}]}}