{"id":436413,"date":"2022-02-08T14:27:25","date_gmt":"2022-02-08T11:27:25","guid":{"rendered":"http:\/\/arantv.az\/?p=436413"},"modified":"2022-02-08T14:27:25","modified_gmt":"2022-02-08T11:27:25","slug":"niku-popesku-az%c9%99rbaycana-g%c9%99lib","status":"publish","type":"post","link":"https:\/\/arantv.az\/?p=436413","title":{"rendered":"Niku Popesku Az\u0259rbaycana g\u0259lib"},"content":{"rendered":"<p>Moldovan\u0131n ba\u015f nazir m\u00fcavini, xarici i\u015fl\u0259r v\u0259 Avropa inteqrasiyas\u0131 naziri Niku Popesku Az\u0259rbaycana i\u015fg\u00fczar s\u0259f\u0259r edib.<\/p>\n<p><a href=\"https:\/\/az.trend.az\/\" target=\"_blank\" rel=\"noopener\">Trend<\/a>\u00a0bu bar\u0259d\u0259 Moldovan\u0131n Xarici \u0130\u015fl\u0259r v\u0259 Avropa \u0130nteqrasiyas\u0131 Nazirliyin\u0259 istinad\u0259n m\u0259lumat verir.<\/p>\n<p>Qeyd olunur ki, s\u0259f\u0259r xarici i\u015fl\u0259r naziri Ceyhun Bayramovun d\u0259v\u0259ti \u00fczr\u0259 t\u0259\u015fkil ounub. Nazir fevral\u0131n 8-d\u0259n 10-d\u0259k Az\u0259rbaycanda olacaq.<\/p>\n<p>&#8220;S\u0259f\u0259r Az\u0259rbaycanla Moldova aras\u0131nda &#8220;C\u0259nub Qaz D\u0259hlizi&#8221;nin strateji vacibliyi kontekstind\u0259 ticari-iqtisadi, investisiya v\u0259 enerji sah\u0259l\u0259rind\u0259 \u0259m\u0259kda\u015fl\u0131\u011f\u0131n m\u00f6hk\u0259ml\u0259ndirilm\u0259si m\u0259qs\u0259di da\u015f\u0131y\u0131r&#8221;, &#8211; dey\u0259 m\u0259lumatda bildirilir.<\/p>\n","protected":false},"excerpt":{"rendered":"<p>Moldovan\u0131n ba\u015f nazir m\u00fcavini, xarici i\u015fl\u0259r v\u0259 Avropa inteqrasiyas\u0131 naziri Niku Popesku Az\u0259rbaycana i\u015fg\u00fczar s\u0259f\u0259r edib. Trend\u00a0bu bar\u0259d\u0259 Moldovan\u0131n Xarici \u0130\u015fl\u0259r v\u0259 Avropa \u0130nteqrasiyas\u0131 Nazirliyin\u0259 istinad\u0259n m\u0259lumat verir. Qeyd olunur ki, s\u0259f\u0259r xarici i\u015fl\u0259r naziri Ceyhun Bayramovun d\u0259v\u0259ti \u00fczr\u0259 t\u0259\u015fkil ounub. Nazir fevral\u0131n 8-d\u0259n 10-d\u0259k Az\u0259rbaycanda olacaq. &#8220;S\u0259f\u0259r Az\u0259rbaycanla Moldova aras\u0131nda &#8220;C\u0259nub Qaz D\u0259hlizi&#8221;nin strateji vacibliyi kontekstind\u0259 ticari-iqtisadi, investisiya v\u0259 enerji sah\u0259l\u0259rind\u0259 \u0259m\u0259kda\u015fl\u0131\u011f\u0131n m\u00f6hk\u0259ml\u0259ndirilm\u0259si m\u0259qs\u0259di da\u015f\u0131y\u0131r&#8221;, &#8211; dey\u0259 m\u0259lumatda bildirilir.<\/p>\n","protected":false},"author":2,"featured_media":436414,"comment_status":"closed","ping_status":"closed","sticky":false,"template":"","format":"standard","meta":{"om_disable_all_campaigns":false,"_monsterinsights_skip_tracking":false,"_monsterinsights_sitenote_active":false,"_monsterinsights_sitenote_note":"","_monsterinsights_sitenote_category":0},"categories":[19],"tags":[],"aioseo_notices":[],"gutentor_comment":0,"rttpg_featured_image_url":{"full":["https:\/\/arantv.az\/wp-content\/uploads\/2022\/02\/1018017.jpg",800,600,false],"landscape":["https:\/\/arantv.az\/wp-content\/uploads\/2022\/02\/1018017.jpg",800,600,false],"portraits":["https:\/\/arantv.az\/wp-content\/uploads\/2022\/02\/1018017.jpg",800,600,false],"thumbnail":["https:\/\/arantv.az\/wp-content\/uploads\/2022\/02\/1018017-500x280.jpg",500,280,true],"medium":["https:\/\/arantv.az\/wp-content\/uploads\/2022\/02\/1018017-487x365.jpg",487,365,true],"large":["https:\/\/arantv.az\/wp-content\/uploads\/2022\/02\/1018017.jpg",640,480,false],"1536x1536":["https:\/\/arantv.az\/wp-content\/uploads\/2022\/02\/1018017.jpg",800,600,false],"2048x2048":["https:\/\/arantv.az\/wp-content\/uploads\/2022\/02\/1018017.jpg",800,600,false],"post-thumbnail":["https:\/\/arantv.az\/wp-content\/uploads\/2022\/02\/1018017-240x172.jpg",240,172,true],"advps-thumb-one":["https:\/\/arantv.az\/wp-content\/uploads\/2022\/02\/1018017.jpg",800,600,false]},"rttpg_author":{"display_name":"V\u00fcsal Rafiqo\u011flu","author_link":"https:\/\/arantv.az\/?author=2"},"rttpg_comment":0,"rttpg_category":"<a href=\"https:\/\/arantv.az\/?cat=19\" rel=\"category\">G\u00fcnd\u0259m<\/a>","rttpg_excerpt":"Moldovan\u0131n ba\u015f nazir m\u00fcavini, xarici i\u015fl\u0259r v\u0259 Avropa inteqrasiyas\u0131 naziri Niku Popesku Az\u0259rbaycana i\u015fg\u00fczar s\u0259f\u0259r edib. Trend\u00a0bu bar\u0259d\u0259 Moldovan\u0131n Xarici \u0130\u015fl\u0259r v\u0259 Avropa \u0130nteqrasiyas\u0131 Nazirliyin\u0259 istinad\u0259n m\u0259lumat verir. Qeyd olunur ki, s\u0259f\u0259r xarici i\u015fl\u0259r naziri Ceyhun Bayramovun d\u0259v\u0259ti \u00fczr\u0259 t\u0259\u015fkil ounub. Nazir fevral\u0131n 8-d\u0259n 10-d\u0259k Az\u0259rbaycanda olacaq. &#8220;S\u0259f\u0259r Az\u0259rbaycanla Moldova aras\u0131nda &#8220;C\u0259nub Qaz D\u0259hlizi&#8221;nin strateji&hellip;","_links":{"self":[{"href":"https:\/\/arantv.az\/index.php?rest_route=\/wp\/v2\/posts\/436413"}],"collection":[{"href":"https:\/\/arantv.az\/index.php?rest_route=\/wp\/v2\/posts"}],"about":[{"href":"https:\/\/arantv.az\/index.php?rest_route=\/wp\/v2\/types\/post"}],"author":[{"embeddable":true,"href":"https:\/\/arantv.az\/index.php?rest_route=\/wp\/v2\/users\/2"}],"replies":[{"embeddable":true,"href":"https:\/\/arantv.az\/index.php?rest_route=%2Fwp%2Fv2%2Fcomments&post=436413"}],"version-history":[{"count":0,"href":"https:\/\/arantv.az\/index.php?rest_route=\/wp\/v2\/posts\/436413\/revisions"}],"wp:featuredmedia":[{"embeddable":true,"href":"https:\/\/arantv.az\/index.php?rest_route=\/wp\/v2\/media\/436414"}],"wp:attachment":[{"href":"https:\/\/arantv.az\/index.php?rest_route=%2Fwp%2Fv2%2Fmedia&parent=436413"}],"wp:term":[{"taxonomy":"category","embeddable":true,"href":"https:\/\/arantv.az\/index.php?rest_route=%2Fwp%2Fv2%2Fcategories&post=436413"},{"taxonomy":"post_tag","embeddable":true,"href":"https:\/\/arantv.az\/index.php?rest_route=%2Fwp%2Fv2%2Ftags&post=436413"}],"curies":[{"name":"wp","href":"https:\/\/api.w.org\/{rel}","templated":true}]}}