{"id":436423,"date":"2022-02-08T14:42:31","date_gmt":"2022-02-08T11:42:31","guid":{"rendered":"http:\/\/arantv.az\/?p=436423"},"modified":"2022-02-08T14:42:31","modified_gmt":"2022-02-08T11:42:31","slug":"pensiyalar-n%c9%99-q%c9%99d%c9%99r-artacaq-aciqlama","status":"publish","type":"post","link":"https:\/\/arantv.az\/?p=436423","title":{"rendered":"Pensiyalar n\u0259 q\u0259d\u0259r artacaq? &#8211; A\u00c7IQLAMA"},"content":{"rendered":"<p>Prezident \u0130lham \u018fliyevin \u201c\u018fm\u0259k pensiya\u00e7\u0131lar\u0131n\u0131n sosial m\u00fcdafi\u0259si sah\u0259sind\u0259 \u0259lav\u0259 t\u0259dbirl\u0259r haqq\u0131nda\u201d imzalad\u0131\u011f\u0131 s\u0259r\u0259ncamda n\u0259z\u0259rd\u0259 tutulan yard\u0131m COVID-19 pandemiyas\u0131n\u0131n, beyn\u0259lxalq bazarlarda qiym\u0259t art\u0131mlar\u0131n\u0131n \u00f6lk\u0259daxili inflyasiyaya v\u0259 \u0259m\u0259k pensiya\u00e7\u0131lar\u0131n\u0131n sosial rifah\u0131na m\u0259nfi t\u0259sirl\u0259rinin yum\u015fald\u0131lmas\u0131na xidm\u0259t edir.<\/p>\n<p><b>ARANTV.AZ <\/b>x\u0259b\u0259r verir ki, bu bar\u0259d\u0259 Milli M\u0259clisin \u0130qtisadi siyas\u0259t, s\u0259naye v\u0259 sahibkarl\u0131q komit\u0259sinin \u00fczv\u00fc olan deputat V\u00fcqar Bayramov m\u0259lumat verib.<\/p>\n<div class=\"AdviadNativeVideo\"><\/div>\n<p>O bildirib ki, \u0259m\u0259k pensiya m\u0259bl\u0259\u011fl\u0259ri 2021-ci ild\u0259ki orta ayl\u0131q m\u0259bl\u0259\u011fin\u0259, pensiya kapital\u0131 is\u0259 illik infilyasiya s\u0259viyy\u0259sin\u0259 indeksasiya olunacaq:<\/p>\n<p>\u201c\u0130ndeksl\u0259\u015fdirm\u0259, y\u0259ni art\u0131mlar b\u00fct\u00fcn n\u00f6v \u0259m\u0259k pensiyalar\u0131na \u015famil olunur. \u201c\u018fm\u0259k pensiyalar\u0131 haqq\u0131nda\u201d qanunun 4-c\u00fc madd\u0259sin\u0259 \u0259sas\u0259n, \u0259m\u0259k pensiyalar\u0131n\u0131n 3 n\u00f6v\u00fc t\u0259sbit olunub. Bunlar ya\u015fa g\u00f6r\u0259 \u0259m\u0259k pensiyas\u0131, \u0259lilliy\u0259 g\u00f6r\u0259 \u0259m\u0259k pensiyas\u0131 v\u0259 ail\u0259 ba\u015f\u00e7\u0131s\u0131n\u0131 itirm\u0259y\u0259 g\u00f6r\u0259 \u0259m\u0259k pensiyas\u0131d\u0131r. Dem\u0259li, v\u0259t\u0259nda\u015f\u0131m\u0131z n\u00f6v\u00fcnd\u0259n as\u0131l\u0131 olmayaraq \u0259m\u0259k pensiyas\u0131 al\u0131rsa onun pensiya m\u0259bl\u0259\u011fin\u0259 art\u0131m hesablanacaq\u201d.<\/p>\n<p>Mill\u0259t v\u0259kili vur\u011fulay\u0131b ki, s\u0259n\u0259dd\u0259 \u0259m\u0259k pensiya\u00e7\u0131lar\u0131na il \u0259rzind\u0259 yard\u0131m\u0131n n\u0259z\u0259rd\u0259 tutulmas\u0131 h\u0259min v\u0259t\u0259nda\u015flar\u0131m\u0131z\u0131n sosial t\u0259minat\u0131n\u0131n g\u00fccl\u0259ndirilm\u0259si bax\u0131mdan vacib add\u0131md\u0131r:<\/p>\n<p>\u201cH\u0259min v\u0259sait r\u00fcbl\u0259r \u00fczr\u0259 b\u00f6l\u00fcnm\u0259kl\u0259 pensiya\u00e7\u0131lara \u00f6d\u0259nil\u0259c\u0259k v\u0259 ilkin \u00f6d\u0259ni\u015f fevral ay\u0131n\u0131n pensiyalar\u0131 il\u0259 birg\u0259 veril\u0259c\u0259k. Eyni zamanda, yanvar ay\u0131 \u00fc\u00e7\u00fcn n\u0259z\u0259rd\u0259 tutulan indeksasiya art\u0131m\u0131 da fevral ay\u0131n\u0131n pensiyas\u0131 il\u0259 birlikd\u0259 \u00f6d\u0259nil\u0259c\u0259k\u201d.<\/p>\n<p>V\u00fcqar Bayramov qeyd edib ki, son s\u0259r\u0259ncamda n\u0259z\u0259rd\u0259 tutulan yard\u0131m orta pensiya alan v\u0259t\u0259nda\u015flar\u0131m\u0131z\u0131n pensiya m\u0259bl\u0259\u011fl\u0259rind\u0259 art\u0131mlara t\u0259sir g\u00f6st\u0259r\u0259c\u0259k:<\/p>\n<p>\u201cBel\u0259 ki, 250 manat pensiya alan v\u0259t\u0259nda\u015f\u0131m\u0131z\u0131n pensiya m\u0259bl\u0259\u011fin\u0259 ayl\u0131q olaraq orta hesabla 17 manata (200 manat\/12) yax\u0131n \u0259lav\u0259 dem\u0259kdir. Bu 250 manat pensiya alan v\u0259t\u0259nda\u015f\u0131m\u0131z\u0131n pensiya m\u0259bl\u0259\u011find\u0259 6,6 faiz art\u0131m dem\u0259kdir (17 manat\/250 manat x 100 faiz). \u0130ndeksasiya faizini d\u0259 n\u0259z\u0259r\u0259 ald\u0131qda bu 250 manat pensiya alan v\u0259t\u0259nda\u015f\u0131m\u0131z\u0131n pensiya m\u0259bl\u0259\u011finin son s\u0259r\u0259ncamla 10 faiz (6,6 faiz + 3,4 faiz) artaca\u011f\u0131 anlam\u0131na g\u0259lir.<\/p>\n<p>N\u0259z\u0259rd\u0259 tutulan yard\u0131m 300 manat pensiya alan v\u0259t\u0259nda\u015f\u0131m\u0131z\u0131n pensiya m\u0259bl\u0259\u011find\u0259 is\u0259 5,6 faiz art\u0131m dem\u0259kdir (17 manat\/300 manat x 100 faiz). \u0130ndeksasiya faizini d\u0259 n\u0259z\u0259r\u0259 ald\u0131qda bu 300 manat pensiya alan v\u0259t\u0259nda\u015f\u0131m\u0131z\u0131n pensiya m\u0259bl\u0259\u011finin 9 faiz (5,6 faiz + 3,4 faiz) artmas\u0131d\u0131r\u201d.<\/p>\n<p>Deputat \u0259lav\u0259 edib ki, s\u0259n\u0259dl\u0259 Nazirl\u0259r Kabinetin\u0259 bir ay m\u00fcdd\u0259tind\u0259 maddi yard\u0131m\u0131n 2023-c\u00fc il yanvar\u0131n 1-d\u0259n etibar\u0259n onun \u015famil edildiyi \u0259m\u0259k pensiya\u00e7\u0131lar\u0131n\u0131n illik pensiyalar\u0131n\u0131n t\u0259rkibin\u0259 daxil edilm\u0259sin\u0259 dair t\u0259klifl\u0259rini Az\u0259rbaycan Prezidentin\u0259 t\u0259qdim etm\u0259si tap\u015f\u0131r\u0131l\u0131b.<\/p>\n<p>O bildirib ki,\u00a0s\u0259r\u0259ncam qulluq staj\u0131na g\u00f6r\u0259 \u0259lav\u0259l\u0259rl\u0259 pensiya t\u0259yin edilmi\u015f \u015f\u0259xsl\u0259ri d\u0259 \u0259hat\u0259 edir:<\/p>\n<p>\u201cBel\u0259 ki, d\u00f6vl\u0259t ba\u015f\u00e7\u0131s\u0131 t\u0259r\u0259find\u0259n Nazirl\u0259r Kabinetin\u0259 bu kateqoriyadan olan pensiya\u00e7\u0131lar\u0131n pensiyalar\u0131n\u0131n indeksl\u0259\u015fdirilm\u0259kl\u0259 art\u0131r\u0131lmas\u0131, habel\u0259 2022-ci il \u00fczr\u0259 maddi d\u0259st\u0259yin g\u00f6st\u0259rilm\u0259sin\u0259 dair t\u0259klifl\u0259rini 1 ay m\u00fcdd\u0259tind\u0259 t\u0259qdim edilm\u0259si tap\u015f\u0131r\u0131l\u0131b. \u018fm\u0259k v\u0259 \u018fhalinin Sosial M\u00fcdafi\u0259si Nazirliyinin m\u0259lumat\u0131na g\u00f6r\u0259, qulluq staj\u0131na g\u00f6r\u0259 \u0259lav\u0259l\u0259rl\u0259 pensiya t\u0259yin edilmi\u015f \u015f\u0259xsl\u0259r 99 min n\u0259f\u0259rdir v\u0259 \u0259sas\u0259n pensiyaya \u00e7\u0131xm\u0131\u015f h\u0259rb\u00e7il\u0259r, h\u00fcquq-m\u00fchafiz\u0259 orqanlar\u0131n\u0131n \u0259m\u0259kda\u015flar\u0131, d\u00f6vl\u0259t qulluq\u00e7ular\u0131 v\u0259 b. ibar\u0259tdir. Yeni s\u0259r\u0259ncam is\u0259 bu \u015f\u0259xsl\u0259r\u0259 d\u0259 2022-ci ild\u0259 d\u00f6vl\u0259t d\u0259st\u0259yinin g\u00f6st\u0259rilm\u0259sin\u0259 v\u0259 \u00fcmumi pensiya m\u0259bl\u0259\u011fl\u0259rinin h\u0259r il art\u0131r\u0131lmas\u0131na imkan yaradacaq.<\/p>\n<p>\u018fm\u0259k v\u0259 \u018fhalinin Sosial M\u00fcdafi\u0259si Nazirliyinin hesablamalar\u0131na g\u00f6r\u0259, pensiyalar\u0131n 2022-ci ilin \u0259vv\u0259lind\u0259n indeksl\u0259\u015fdiril\u0259r\u0259k art\u0131r\u0131lmas\u0131 v\u0259 maddi yard\u0131m verilm\u0259si pensiya\u00e7\u0131lar\u0131n 92 faizini v\u0259 ya 1,1 milyon n\u0259f\u0259ri \u0259hat\u0259 ed\u0259c\u0259k v\u0259 bu m\u0259qs\u0259dl\u0259r \u00fc\u00e7\u00fcn il \u0259rzind\u0259 \u0259lav\u0259 olaraq 352 milyon manat x\u0259rcl\u0259n\u0259c\u0259k\u201d.<\/p>\n","protected":false},"excerpt":{"rendered":"<p>Prezident \u0130lham \u018fliyevin \u201c\u018fm\u0259k pensiya\u00e7\u0131lar\u0131n\u0131n sosial m\u00fcdafi\u0259si sah\u0259sind\u0259 \u0259lav\u0259 t\u0259dbirl\u0259r haqq\u0131nda\u201d imzalad\u0131\u011f\u0131 s\u0259r\u0259ncamda n\u0259z\u0259rd\u0259 tutulan yard\u0131m COVID-19 pandemiyas\u0131n\u0131n, beyn\u0259lxalq bazarlarda qiym\u0259t art\u0131mlar\u0131n\u0131n \u00f6lk\u0259daxili inflyasiyaya v\u0259 \u0259m\u0259k pensiya\u00e7\u0131lar\u0131n\u0131n sosial rifah\u0131na m\u0259nfi t\u0259sirl\u0259rinin yum\u015fald\u0131lmas\u0131na xidm\u0259t edir. ARANTV.AZ x\u0259b\u0259r verir ki, bu bar\u0259d\u0259 Milli M\u0259clisin \u0130qtisadi siyas\u0259t, s\u0259naye v\u0259 sahibkarl\u0131q komit\u0259sinin \u00fczv\u00fc olan deputat V\u00fcqar Bayramov m\u0259lumat verib. O bildirib ki, \u0259m\u0259k pensiya m\u0259bl\u0259\u011fl\u0259ri 2021-ci ild\u0259ki orta ayl\u0131q m\u0259bl\u0259\u011fin\u0259, pensiya kapital\u0131 is\u0259 illik infilyasiya s\u0259viyy\u0259sin\u0259 indeksasiya olunacaq: \u201c\u0130ndeksl\u0259\u015fdirm\u0259, y\u0259ni art\u0131mlar b\u00fct\u00fcn n\u00f6v \u0259m\u0259k pensiyalar\u0131na \u015famil olunur. \u201c\u018fm\u0259k pensiyalar\u0131 haqq\u0131nda\u201d qanunun 4-c\u00fc madd\u0259sin\u0259 \u0259sas\u0259n,&hellip;<\/p>\n","protected":false},"author":2,"featured_media":434820,"comment_status":"closed","ping_status":"closed","sticky":false,"template":"","format":"standard","meta":{"om_disable_all_campaigns":false,"_monsterinsights_skip_tracking":false,"_monsterinsights_sitenote_active":false,"_monsterinsights_sitenote_note":"","_monsterinsights_sitenote_category":0},"categories":[19],"tags":[],"aioseo_notices":[],"gutentor_comment":0,"rttpg_featured_image_url":{"full":["https:\/\/arantv.az\/wp-content\/uploads\/2022\/02\/Manat-50.jpg",864,485,false],"landscape":["https:\/\/arantv.az\/wp-content\/uploads\/2022\/02\/Manat-50.jpg",864,485,false],"portraits":["https:\/\/arantv.az\/wp-content\/uploads\/2022\/02\/Manat-50.jpg",864,485,false],"thumbnail":["https:\/\/arantv.az\/wp-content\/uploads\/2022\/02\/Manat-50-500x280.jpg",500,280,true],"medium":["https:\/\/arantv.az\/wp-content\/uploads\/2022\/02\/Manat-50-650x365.jpg",650,365,true],"large":["https:\/\/arantv.az\/wp-content\/uploads\/2022\/02\/Manat-50-840x472.jpg",640,360,true],"1536x1536":["https:\/\/arantv.az\/wp-content\/uploads\/2022\/02\/Manat-50.jpg",864,485,false],"2048x2048":["https:\/\/arantv.az\/wp-content\/uploads\/2022\/02\/Manat-50.jpg",864,485,false],"post-thumbnail":["https:\/\/arantv.az\/wp-content\/uploads\/2022\/02\/Manat-50-240x172.jpg",240,172,true],"advps-thumb-one":["https:\/\/arantv.az\/wp-content\/uploads\/2022\/02\/Manat-50.jpg",864,485,false]},"rttpg_author":{"display_name":"V\u00fcsal Rafiqo\u011flu","author_link":"https:\/\/arantv.az\/?author=2"},"rttpg_comment":0,"rttpg_category":"<a href=\"https:\/\/arantv.az\/?cat=19\" rel=\"category\">G\u00fcnd\u0259m<\/a>","rttpg_excerpt":"Prezident \u0130lham \u018fliyevin \u201c\u018fm\u0259k pensiya\u00e7\u0131lar\u0131n\u0131n sosial m\u00fcdafi\u0259si sah\u0259sind\u0259 \u0259lav\u0259 t\u0259dbirl\u0259r haqq\u0131nda\u201d imzalad\u0131\u011f\u0131 s\u0259r\u0259ncamda n\u0259z\u0259rd\u0259 tutulan yard\u0131m COVID-19 pandemiyas\u0131n\u0131n, beyn\u0259lxalq bazarlarda qiym\u0259t art\u0131mlar\u0131n\u0131n \u00f6lk\u0259daxili inflyasiyaya v\u0259 \u0259m\u0259k pensiya\u00e7\u0131lar\u0131n\u0131n sosial rifah\u0131na m\u0259nfi t\u0259sirl\u0259rinin yum\u015fald\u0131lmas\u0131na xidm\u0259t edir. ARANTV.AZ x\u0259b\u0259r verir ki, bu bar\u0259d\u0259 Milli M\u0259clisin \u0130qtisadi siyas\u0259t, s\u0259naye v\u0259 sahibkarl\u0131q komit\u0259sinin \u00fczv\u00fc olan deputat V\u00fcqar Bayramov m\u0259lumat verib.&hellip;","_links":{"self":[{"href":"https:\/\/arantv.az\/index.php?rest_route=\/wp\/v2\/posts\/436423"}],"collection":[{"href":"https:\/\/arantv.az\/index.php?rest_route=\/wp\/v2\/posts"}],"about":[{"href":"https:\/\/arantv.az\/index.php?rest_route=\/wp\/v2\/types\/post"}],"author":[{"embeddable":true,"href":"https:\/\/arantv.az\/index.php?rest_route=\/wp\/v2\/users\/2"}],"replies":[{"embeddable":true,"href":"https:\/\/arantv.az\/index.php?rest_route=%2Fwp%2Fv2%2Fcomments&post=436423"}],"version-history":[{"count":0,"href":"https:\/\/arantv.az\/index.php?rest_route=\/wp\/v2\/posts\/436423\/revisions"}],"wp:featuredmedia":[{"embeddable":true,"href":"https:\/\/arantv.az\/index.php?rest_route=\/wp\/v2\/media\/434820"}],"wp:attachment":[{"href":"https:\/\/arantv.az\/index.php?rest_route=%2Fwp%2Fv2%2Fmedia&parent=436423"}],"wp:term":[{"taxonomy":"category","embeddable":true,"href":"https:\/\/arantv.az\/index.php?rest_route=%2Fwp%2Fv2%2Fcategories&post=436423"},{"taxonomy":"post_tag","embeddable":true,"href":"https:\/\/arantv.az\/index.php?rest_route=%2Fwp%2Fv2%2Ftags&post=436423"}],"curies":[{"name":"wp","href":"https:\/\/api.w.org\/{rel}","templated":true}]}}