{"id":436438,"date":"2022-02-08T14:47:09","date_gmt":"2022-02-08T11:47:09","guid":{"rendered":"http:\/\/arantv.az\/?p=436438"},"modified":"2022-02-08T14:47:09","modified_gmt":"2022-02-08T11:47:09","slug":"putin-qarabag-m%c9%99s%c9%99l%c9%99sinin-bitdiyini-elan-etdi-erm%c9%99nil%c9%99ri-ozund%c9%99n-cixaracaq-b%c9%99yanat-2","status":"publish","type":"post","link":"https:\/\/arantv.az\/?p=436438","title":{"rendered":"Putin Qaraba\u011f m\u0259s\u0259l\u0259sinin bitdiyini ELAN ETD\u0130 &#8211; Erm\u0259nil\u0259ri \u00f6z\u00fcnd\u0259n \u00e7\u0131xaracaq B\u018fYANAT"},"content":{"rendered":"<p><strong>Bu g\u00fcn d\u00fcnya m\u00fch\u00fcm d\u0259yi\u015fiklikl\u0259rd\u0259n ke\u00e7ir, b\u0259\u015f\u0259riyy\u0259t s\u00fcr\u0259tli inki\u015faf v\u0259 d\u0259rin transformasiya d\u00f6vr\u00fcn\u0259 q\u0259d\u0259m qoyur. \u00c7oxq\u00fctbl\u00fcl\u00fck, iqtisadi qloballa\u015fma, d\u00fcnya nizam\u0131ndak\u0131 prosesl\u0259r v\u0259 hadis\u0259l\u0259rd\u0259 d\u0259yi\u015fiklikl\u0259r m\u00fc\u015fahid\u0259 olunur. D\u00f6vl\u0259tl\u0259r aras\u0131nda qar\u015f\u0131l\u0131ql\u0131 \u0259laq\u0259 v\u0259 as\u0131l\u0131l\u0131qlar art\u0131r,\u00a0d\u00fcnyada g\u00fcc\u00fcn yenid\u0259n b\u00f6l\u00fc\u015fd\u00fcr\u00fclm\u0259si tendensiyas\u0131 yaran\u0131b.<\/strong><\/p>\n<p>Bu g\u00fcn Rusiya il\u0259 Ukrayna aras\u0131nda pik h\u0259ddin\u0259 \u00e7atan\u00a0g\u0259rginlik fonunda g\u00fcc m\u0259rk\u0259zl\u0259ri d\u00fcnyan\u0131\u00a0iqtisadi\u00a0b\u00f6l\u00fc\u015fd\u00fcrm\u0259k sevdas\u0131ndad\u0131rlar ki, bu proses\u00a0art\u0131q s\u00fcr\u0259tli \u015f\u0259kild\u0259 h\u0259yata ke\u00e7irilir. \u0130ki g\u00fcn \u0259vv\u0259l A\u0130-nin prezidenti Mi\u015fel v\u0259 Fransa lideri Makronun vasit\u0259\u00e7iliyi il\u0259 Az\u0259rbaycan v\u0259 Erm\u0259nistan liderl\u0259rinin onlayn formatda ke\u00e7iril\u0259n g\u00f6r\u00fc\u015f\u00fcn\u00fc r\u0259smi Bak\u0131 \u00fc\u00e7\u00fcn u\u011furlu hesab etm\u0259k olar. \u00c7\u00fcnki Makron v\u0259 Mi\u015felin yekun b\u0259yanat\u0131nda Minsk qrupuna istinad edilm\u0259m\u0259si v\u0259 &#8220;Da\u011fl\u0131q Qaraba\u011f m\u00fcnaqi\u015f\u0259si&#8221; qeydinin olmamas\u0131, \u00fcmumiyy\u0259tl\u0259 Qaraba\u011f\u00a0ad\u0131n\u0131n \u00e7\u0259kilm\u0259misi o dem\u0259kdir ki, Qaraba\u011f m\u0259s\u0259l\u0259si Bak\u0131n\u0131n ist\u0259yin\u0259 uy\u011fun olaraq g\u00fcnd\u0259likd\u0259n \u00e7\u0131xar\u0131lm\u0131\u015fd\u0131, Fransa Minsk qrupunun h\u0259ms\u0259dri olaraq postm\u00fcnaqi\u015f\u0259 d\u00f6vr\u00fcn\u00fcn reall\u0131\u011f\u0131n\u0131 q\u0259bul etm\u0259y\u0259 ba\u015flay\u0131b.<\/p>\n<p><img loading=\"lazy\" src=\"https:\/\/img.milli.az\/2022\/02\/08\/1017909_01.jpg\" alt=\"\" width=\"682\" height=\"455\" \/><\/p>\n<p>Lakin \u00f6t\u0259n g\u00fcn Makronun Moskvaya g\u0259l\u0259r\u0259k Putinl\u0259 ba\u015f tutan g\u00f6r\u00fc\u015f\u00fc zaman\u0131 da m\u00fczakir\u0259 edil\u0259c\u0259k m\u0259s\u0259l\u0259l\u0259r aras\u0131nda Erm\u0259nistan-Az\u0259rbaycan m\u00fcnasib\u0259tl\u0259ri, Qaraba\u011f m\u0259s\u0259l\u0259si v\u0259 Minsk Qrupu il\u0259 ba\u011fl\u0131 m\u00f6vzular\u0131n da iki d\u00f6vl\u0259t ba\u015f\u00e7\u0131s\u0131 aras\u0131nda m\u00fczakir\u0259 edil\u0259c\u0259yi istisna edilmirdi.\u00a0Putinl\u0259 Makron aras\u0131nda 6 saat\u00a0davam ed\u0259n g\u00f6r\u00fc\u015fd\u0259 Ukrayna-Rusiya g\u0259rginliyi, qaz b\u00f6hran\u0131, Fransada preizdent se\u00e7kil\u0259rin\u0259 Rusiyan\u0131n m\u00fcmk\u00fcn m\u00fcdaxil\u0259si m\u0259s\u0259l\u0259l\u0259ri il\u0259 yana\u015f\u0131 Erm\u0259nistan-Az\u0259rbaycan m\u00f6vzusu da masaya yat\u0131r\u0131l\u0131b.<\/p>\n<p>G\u00f6r\u00fc\u015f\u00fcn bu q\u0259d\u0259r uzun \u00e7\u0259km\u0259si Moskvaya Ukrayna b\u00f6hran\u0131 il\u0259 ba\u011fl\u0131 \u00f6n\u0259mli t\u0259klifl\u0259 getdiyi deyil\u0259n Makronun Rusiya-NATO\u00a0b\u00f6hran\u0131nda Moskva-Br\u00fcssel aras\u0131nda k\u00f6rp\u00fc rolunu oynamaq plan\u0131n\u0131n ist\u0259diyi kimi n\u0259tic\u0259l\u0259nm\u0259diyini g\u00fcman etm\u0259k olar.<\/p>\n<p><img loading=\"lazy\" src=\"https:\/\/img.milli.az\/2022\/02\/08\/makron_putin.jpg\" alt=\"\" width=\"683\" height=\"384\" \/><\/p>\n<p>\u00d6nc\u0259 g\u0259l\u0259k bu iki liderin g\u00f6r\u00fc\u015f\u00fcn\u00fcn ke\u00e7irildiyi m\u0259kanda arxas\u0131nda \u0259yl\u0259\u015fdikl\u0259ri masaya&#8230;\u00a0Putin bu masa arxas\u0131nda Makron \u00fc\u00e7\u00fcn ay\u0131rd\u0131\u011f\u0131 yerl\u0259 \u00f6z \u0259yl\u0259\u015fdiyi yer aras\u0131ndak\u0131 m\u0259saf\u0259nin bu q\u0259d\u0259r b\u00f6y\u00fck olmas\u0131 il\u0259 Q\u0259rb\u0259, d\u00fcnyaya b\u0259zi mesajlar verdi. H\u0259r zaman ke\u00e7irdiyi r\u0259smi g\u00f6r\u00fc\u015fl\u0259r zaman\u0131 m\u0259kana v\u0259 oradak\u0131 b\u00fct\u00fcn detallara x\u0131rdal\u0131\u011f\u0131na kimi diqqt\u0259 yetir\u0259n Putinin bu d\u0259f\u0259 d\u0259 h\u0259min n\u00fcanslara x\u00fcsusi diqq\u0259t ayr\u0131d\u0131\u011f\u0131 istisna edilmir. Rusiya lideri Makronla aras\u0131nda buraxd\u0131\u011f\u0131 bu b\u00f6y\u00fck m\u0259saf\u0259 il\u0259 r\u0259smi Moskvan\u0131n Parisl\u0259 m\u00fcnasib\u0259tl\u0259rinin aras\u0131ndak\u0131 u\u00e7urumu, adlar\u0131n\u0131n ortaq \u00e7\u0259kildiyi prosesl\u0259rd\u0259ki m\u00f6vqel\u0259rini, ayr\u0131-ayr\u0131 q\u00fctbl\u0259r oldu\u011funu n\u00fcmayi\u015f etdirdi. Konkret des\u0259k, Putin masa \u0259traf\u0131nda Makronla aras\u0131nda bu q\u0259d\u0259r m\u0259saf\u0259ni buraxmaqla Rusiya il\u0259 Fransan\u0131n haz\u0131rki\u00a0hakimiyy\u0259tinin bir-birind\u0259n \u00e7ox uzaq m\u00f6vqey\u0259 malik\u00a0oldu\u011funu n\u00fcmayi\u015f etdirdi.\u00a0D\u00fcnya m\u0259tbuat\u0131n\u0131n da bu m\u0259qam diqq\u0259tind\u0259n yay\u0131nmad\u0131.\u00a0Makronla Putin aras\u0131ndak\u0131 m\u0259saf\u0259 d\u00fcnya m\u0259tbuat\u0131nda Fransada &#8220;Makron el\u0259 Parisd\u0259ki i\u015f ota\u011f\u0131ndan onlayn da dan\u0131\u015fa bil\u0259rdi&#8221; zarafat\u0131na m\u00f6vzu oldu. Normalda \u00e7ox sad\u0259 m\u0259ntiql\u0259 yana\u015fsaq, insan sevm\u0259diyi\u00a0qonaq evin\u0259 t\u0259\u015frif buyuranda onunla bu q\u0259d\u0259r m\u0259saf\u0259li dayanma\u011f\u0131 \u00fcst\u00fcn tutar. \u018fslind\u0259 is\u0259 \u00fcmumilikd\u0259 Putinin hesablamalar\u0131 \u00f6z\u00fcn\u00fc do\u011frultdu dey\u0259 bil\u0259rik: Uzun masa b\u0259lk\u0259 d\u0259 dan\u0131\u015f\u0131qlar\u0131n uzun \u00e7\u0259k\u0259c\u0259yini\u00a0\u00f6nc\u0259d\u0259n i\u015far\u0259 etmi\u015fdi.<\/p>\n<p>Onlar aras\u0131nda dan\u0131\u015f\u0131qlar\u0131n bu q\u0259d\u0259r uzun \u00e7\u0259km\u0259si is\u0259 t\u0259bii ki, he\u00e7 d\u0259 t\u0259r\u0259fl\u0259rin s\u00f6hb\u0259tl\u0259rinin u\u011furlu al\u0131nd\u0131\u011f\u0131 anlam\u0131na g\u0259lmir. Dem\u0259k ki, onlar hans\u0131sa m\u0259s\u0259l\u0259l\u0259rd\u0259 ortaq m\u0259xr\u0259c\u0259 g\u0259lm\u0259kd\u0259 \u00e7\u0259tinlik \u00e7\u0259kibl\u0259r, hans\u0131sa prosesl\u0259rl\u0259 ba\u011fl\u0131 raz\u0131l\u0131\u011fa g\u0259l\u0259 bilm\u0259yibl\u0259r ki, dialoqlar\u0131 bu q\u0259d\u0259r uzun \u00e7\u0259kib. G\u00f6r\u00fc\u015fd\u0259n sonra Putinin zal\u0131 t\u0259rk ed\u0259rk\u0259n b\u0259d\u0259n dili bir \u00e7ox n\u00fcanslara ayd\u0131nl\u0131q g\u0259tirm\u0259k bax\u0131m\u0131ndan \u00f6n\u0259mli idi. Putin m\u0259tbuat konfrans\u0131ndan sonra Makronu g\u00f6zl\u0259m\u0259d\u0259n salondan \u00e7\u0131x\u0131r ki, Kreml r\u0259hb\u0259ri bu add\u0131m\u0131 il\u0259 Fransa prezidentin\u0259 onu ciddiy\u0259 almad\u0131\u011f\u0131n\u0131, siyasi lider kimi \u00f6n\u0259ms\u0259m\u0259diyini n\u00fcmayi\u015f etdirdi.<\/p>\n<p><img src=\"https:\/\/img.milli.az\/2022\/02\/08\/makron_puttt.png\" alt=\"\" \/><\/p>\n<p>RF-n\u0131n prezidenti V.Putin Fransa respublikas\u0131n\u0131n prezidenti E.Makronla\u00a0ba\u011fl\u0131 qap\u0131lar arxas\u0131nda ke\u00e7iril\u0259n bir ne\u00e7\u0259\u00a0saatl\u0131q g\u00f6r\u00fc\u015fd\u0259n sonra jurnalistl\u0259rin suallar\u0131na cavab ver\u0259rk\u0259n ona qar\u015f\u0131 c\u0259bh\u0259 alan q\u00fcvv\u0259l\u0259ri t\u0259hdid etm\u0259kd\u0259n d\u0259 \u00e7\u0259kinm\u0259yib. Kreml r\u0259hb\u0259ri &#8220;\u018fg\u0259r NATO Ukraynan\u0131 \u00f6z s\u0131ralar\u0131na daxil ed\u0259c\u0259ks\u0259, he\u00e7 \u015f\u00fcbh\u0259siz o bizd\u0259n Kr\u0131m\u0131 t\u0259l\u0259b ed\u0259c\u0259k v\u0259 bel\u0259likl\u0259 alyans \u00f6lk\u0259l\u0259ri il\u0259 Rusiya aras\u0131nda m\u00fcharib\u0259 qa\u00e7\u0131lmaz olacaq. Biz ba\u015fa d\u00fc\u015f\u00fcr\u00fck NATO-nun h\u0259rbi g\u00fcc\u00fc bizd\u0259n d\u0259f\u0259l\u0259rl\u0259 \u00e7oxdur, amma unutmay\u0131n ki, biz d\u0259 z\u0259if deyilik v\u0259 xeyli\u00a0sayda inki\u015faf etdirilmi\u015f texnologiyalara malik n\u00fcv\u0259 \u00f6lk\u0259siyik. Bizim t\u0259hl\u00fck\u0259sizliyimiz\u0259 qar\u015f\u0131 h\u0259r hans\u0131 bir add\u0131m at\u0131laca\u011f\u0131 t\u0259qdird\u0259 cavab\u0131m\u0131z \u00e7ox a\u011f\u0131r olacaq v\u0259 bu m\u00fcharib\u0259d\u0259 kims\u0259 qalib olmayacaq, ham\u0131 uduzma\u011fa m\u0259hkum olacaq&#8221; a\u00e7\u0131qlamas\u0131 il\u0259 Rusiyaya qar\u015f\u0131 m\u00fcharib\u0259y\u0259 \u00fc\u00e7\u00fcnc\u00fc, d\u00f6rd\u00fcnc\u00fc q\u00fcvv\u0259l\u0259rin m\u00fcdaxil\u0259sinin olaca\u011f\u0131 t\u0259qdird\u0259 n\u00fcv\u0259 silah\u0131n\u0131 i\u015f\u0259 salaca\u011f\u0131n\u0131 b\u0259yan edib. \u018fslind\u0259 bu a\u00e7\u0131qlamas\u0131 il\u0259 Rusiya NATO-ya Ukraynan\u0131 silahland\u0131rma\u011f\u0131 dayand\u0131rmayaca\u011f\u0131 t\u0259qdird\u0259 m\u00fcharib\u0259nin qa\u00e7\u0131lmaz oldu\u011funu b\u0259yan etm\u0259kl\u0259 yana\u015f\u0131, m\u0259\u011flub olmamaq \u00fc\u00e7\u00fcn b\u00fct\u00fcn qit\u0259ni, d\u00fcnyan\u0131 bel\u0259 m\u0259hv etm\u0259yi g\u00f6z\u0259 alacaqlar\u0131 il\u0259 ba\u011fl\u0131 mesaj verib. Dolay\u0131s\u0131 il\u0259 Putin bu a\u00e7\u0131qlamas\u0131 il\u0259 m\u00fcharib\u0259nin\u00a0ba\u015flayaca\u011f\u0131n\u0131 istisna etm\u0259diyini b\u0259yan edib.<\/p>\n<p>D\u00fcnyan\u0131n diqq\u0259tl\u0259 izl\u0259m\u0259y\u0259 \u00e7al\u0131\u015fd\u0131\u011f\u0131 bu g\u00f6r\u00fc\u015f zaman\u0131 he\u00e7 \u015f\u00fcbh\u0259siz ki, Az\u0259rbaycan \u00fc\u00e7\u00fcn vacib m\u00f6zulardan biri m\u0259hz h\u0259l\u0259 d\u0259 aralar\u0131nda bir \u00e7ox m\u0259s\u0259l\u0259l\u0259rin h\u0259llini tapmad\u0131\u011f\u0131, \u00fcz\u0259rind\u0259n bir ild\u0259n \u00e7ox vaxt ke\u00e7m\u0259sin\u0259 r\u0259\u011fm\u0259n 10 noyabr \u00fc\u00e7t\u0259r\u0259fli b\u0259yanatda n\u0259z\u0259rd\u0259 tutulan m\u00fcdd\u0259alar\u0131n \u00e7oxunun icra edilm\u0259diyi\u00a0Erm\u0259nistan-Az\u0259rbaycan m\u00fcnasib\u0259tl\u0259ri il\u0259 ba\u011fl\u0131 m\u0259s\u0259l\u0259 idi. G\u00f6zl\u0259nildiyi kimi\u00a0Putin Makronla g\u00f6r\u00fc\u015fd\u0259 Az\u0259rbaycan-Erm\u0259nistan m\u00fcnasib\u0259tl\u0259rini d\u0259 m\u00fczakir\u0259 edib. Ba\u011fl\u0131 qap\u0131lar arxas\u0131nda ke\u00e7iril\u0259n g\u00f6r\u00fc\u015fd\u0259n sonra birg\u0259 m\u0259tbuat konfrans\u0131nda Kreml r\u0259hb\u0259ri\u00a0bu istiqam\u0259td\u0259 etdiyi a\u00e7\u0131qlamalarla r\u0259smi Bak\u0131n\u0131n m\u00f6vqeyini \u0259ks etdirib.<\/p>\n<p><img src=\"https:\/\/img.milli.az\/2022\/02\/08\/1017909_099.jpg\" alt=\"\" \/><\/p>\n<p>Bel\u0259 ki, \u00f6z \u00e7\u0131x\u0131\u015f\u0131nda Qaraba\u011fdak\u0131 s\u00fclhm\u0259raml\u0131 q\u00fcvv\u0259l\u0259rin\u00a0f\u0259aliyy\u0259tini y\u00fcks\u0259k qiym\u0259tl\u0259ndir\u0259n Rusiya d\u00f6vl\u0259t ba\u015f\u00e7\u0131s\u0131\u00a0bildirib ki, Minsk qrupunun h\u0259ms\u0259drl\u0259ri regionda humanitar v\u0259 sosial-iqtisadi probleml\u0259rl\u0259 m\u0259\u015f\u011ful olmal\u0131d\u0131rlar. Bununla da Putin AT\u018fT-in Minsk Qrupunun \u00fc\u00e7 h\u0259ms\u0259dr d\u00f6vl\u0259tind\u0259n biri olan Fransaya, el\u0259c\u0259 d\u0259 Amerikaya bildirmi\u015f oldu ki, Qaraba\u011fda bir vasit\u0259\u00e7i var, ola bil\u0259r, o da Rusiyad\u0131r. Putinin &#8220;Minsk qrupunun h\u0259ms\u0259drl\u0259ri regionda humanitar v\u0259 sosial-iqtisadi probleml\u0259rl\u0259 m\u0259\u015f\u011ful olmal\u0131d\u0131rlar&#8221; s\u00f6zl\u0259ri is\u0259 tamamil\u0259 Prezident \u0130lham \u018fliyevin fikirl\u0259ridir des\u0259k yan\u0131lmar\u0131q. 44 g\u00fcnl\u00fck m\u00fcharib\u0259\u00a0il\u0259 30 illik i\u015f\u011fala son qoyuldu\u011fu \u00fc\u00e7\u00fcn h\u0259r\u00a0hans\u0131 bir m\u00fcnaqi\u015f\u0259nin s\u00f6hb\u0259t m\u00f6vzusu olmad\u0131\u011f\u0131n\u0131 az qala h\u0259r \u00e7\u0131x\u0131\u015f\u0131nda qeyd ed\u0259n Az\u0259rbaycan Prezidenti, bununla da Minsk Qrupunun &#8220;m\u00fcnaqi\u015f\u0259nin h\u0259lli&#8221; il\u0259 ba\u011fl\u0131 regionda h\u0259r hans\u0131 bir m\u0259s\u0259l\u0259d\u0259 i\u015ftirak\u0131n\u0131n da art\u0131q m\u00fcmk\u00fcns\u00fcz oldu\u011fu, gerid\u0259 qalan ill\u0259r \u0259rzind\u0259\u00a0&#8220;missiyalar\u0131n\u0131n&#8221; \u00f6hd\u0259sind\u0259n g\u0259l\u0259 bilm\u0259dikl\u0259ri bar\u0259d\u0259 dedikl\u0259rinin t\u0259sdiqi idi. Putin bu a\u00e7\u0131qlamas\u0131 il\u0259\u00a010 noyabr \u00fc\u00e7t\u0259r\u0259fli b\u0259yanat\u0131ndan sonra Minsk Qrupunun f\u0259aliyy\u0259tinin formal xarakter da\u015f\u0131d\u0131\u011f\u0131n\u0131 i\u015far\u0259 edib. Kreml sahibi eyni zamanda Q\u0259rb\u0259 bir daha xat\u0131lratm\u0131\u015f oldu\u00a0ki, art\u0131q &#8220;Qaraba\u011f m\u00fcnaqi\u015f\u0259si&#8221;, &#8220;Da\u011fl\u0131q Qaraba\u011f problemi&#8221; deyil\u0259n bir \u015fey qalmay\u0131b, ona g\u00f6r\u0259 Minsk Qrupu regionda i\u015ftirak etm\u0259k ist\u0259yirs\u0259, burada yaln\u0131z\u00a0humanitar v\u0259 sosial-iqtisadi probleml\u0259rin h\u0259lli istiqam\u0259tind\u0259\u00a0f\u0259aliyy\u0259td\u0259n s\u00f6hb\u0259t ged\u0259 bil\u0259r.<\/p>\n<p>Rusiya lideri bu a\u00e7\u0131qlamas\u0131 il\u0259 Az\u0259rbaycan\u0131n m\u00f6vqeyini n\u00fcmayi\u015f etdirm\u0259kd\u0259n ziyad\u0259, C\u0259nubi Qafqazda h\u0259rbi i\u015ftirak bax\u0131m\u0131ndan T\u00fcrkiy\u0259d\u0259n ba\u015fqa bir d\u00f6vl\u0259tin m\u00f6vcudlu\u011funa qar\u015f\u0131 oldu\u011funu n\u00fcmayi\u015f etdirdi. Eyni zamanda Erm\u0259nistana da mesaj verdi ki, Qaraba\u011f m\u0259s\u0259l\u0259si art\u0131q qapan\u0131b, h\u0259ll edilmi\u015f bir konflikti g\u00fcnd\u0259m\u0259 da\u015f\u0131y\u0131b manipulyasiya etm\u0259k c\u0259hdiniz ancaq vaxt itkisidir.<\/p>\n<p>Postkonflikt d\u00f6vr\u00fcnd\u0259 hadis\u0259l\u0259rin bu c\u00fcr c\u0259r\u0259yan etm\u0259si \u015f\u00fcbh\u0259siz ki, Bak\u0131n\u0131n xeyrin\u0259dir. Az\u0259rbaycan da regionda k\u0259nar m\u00fcdaxil\u0259l\u0259r\u0259 qar\u015f\u0131d\u0131r. Moskva, Bak\u0131 v\u0259 Ankara dem\u0259k olar ki, bu m\u0259s\u0259l\u0259d\u0259 art\u0131q yekun q\u0259rar\u0131 veribl\u0259r, h\u0259l\u0259 44 g\u00fcnl\u00fck m\u00fcharib\u0259nin gedi\u015find\u0259n&#8230;<\/p>\n","protected":false},"excerpt":{"rendered":"<p>Bu g\u00fcn d\u00fcnya m\u00fch\u00fcm d\u0259yi\u015fiklikl\u0259rd\u0259n ke\u00e7ir, b\u0259\u015f\u0259riyy\u0259t s\u00fcr\u0259tli inki\u015faf v\u0259 d\u0259rin transformasiya d\u00f6vr\u00fcn\u0259 q\u0259d\u0259m qoyur. \u00c7oxq\u00fctbl\u00fcl\u00fck, iqtisadi qloballa\u015fma, d\u00fcnya nizam\u0131ndak\u0131 prosesl\u0259r v\u0259 hadis\u0259l\u0259rd\u0259 d\u0259yi\u015fiklikl\u0259r m\u00fc\u015fahid\u0259 olunur. D\u00f6vl\u0259tl\u0259r aras\u0131nda qar\u015f\u0131l\u0131ql\u0131 \u0259laq\u0259 v\u0259 as\u0131l\u0131l\u0131qlar art\u0131r,\u00a0d\u00fcnyada g\u00fcc\u00fcn yenid\u0259n b\u00f6l\u00fc\u015fd\u00fcr\u00fclm\u0259si tendensiyas\u0131 yaran\u0131b. Bu g\u00fcn Rusiya il\u0259 Ukrayna aras\u0131nda pik h\u0259ddin\u0259 \u00e7atan\u00a0g\u0259rginlik fonunda g\u00fcc m\u0259rk\u0259zl\u0259ri d\u00fcnyan\u0131\u00a0iqtisadi\u00a0b\u00f6l\u00fc\u015fd\u00fcrm\u0259k sevdas\u0131ndad\u0131rlar ki, bu proses\u00a0art\u0131q s\u00fcr\u0259tli \u015f\u0259kild\u0259 h\u0259yata ke\u00e7irilir. \u0130ki g\u00fcn \u0259vv\u0259l A\u0130-nin prezidenti Mi\u015fel v\u0259 Fransa lideri Makronun vasit\u0259\u00e7iliyi il\u0259 Az\u0259rbaycan v\u0259 Erm\u0259nistan liderl\u0259rinin onlayn formatda ke\u00e7iril\u0259n g\u00f6r\u00fc\u015f\u00fcn\u00fc r\u0259smi Bak\u0131 \u00fc\u00e7\u00fcn u\u011furlu hesab etm\u0259k olar. \u00c7\u00fcnki Makron v\u0259 Mi\u015felin&hellip;<\/p>\n","protected":false},"author":2,"featured_media":436439,"comment_status":"closed","ping_status":"closed","sticky":false,"template":"","format":"standard","meta":{"om_disable_all_campaigns":false,"_monsterinsights_skip_tracking":false,"_monsterinsights_sitenote_active":false,"_monsterinsights_sitenote_note":"","_monsterinsights_sitenote_category":0},"categories":[4],"tags":[],"aioseo_notices":[],"gutentor_comment":0,"rttpg_featured_image_url":{"full":["https:\/\/arantv.az\/wp-content\/uploads\/2022\/02\/1e0b2ddbf6b2d33b8f2358540f3c7359.jpg",450,300,false],"landscape":["https:\/\/arantv.az\/wp-content\/uploads\/2022\/02\/1e0b2ddbf6b2d33b8f2358540f3c7359.jpg",450,300,false],"portraits":["https:\/\/arantv.az\/wp-content\/uploads\/2022\/02\/1e0b2ddbf6b2d33b8f2358540f3c7359.jpg",450,300,false],"thumbnail":["https:\/\/arantv.az\/wp-content\/uploads\/2022\/02\/1e0b2ddbf6b2d33b8f2358540f3c7359-450x280.jpg",450,280,true],"medium":["https:\/\/arantv.az\/wp-content\/uploads\/2022\/02\/1e0b2ddbf6b2d33b8f2358540f3c7359.jpg",450,300,false],"large":["https:\/\/arantv.az\/wp-content\/uploads\/2022\/02\/1e0b2ddbf6b2d33b8f2358540f3c7359.jpg",450,300,false],"1536x1536":["https:\/\/arantv.az\/wp-content\/uploads\/2022\/02\/1e0b2ddbf6b2d33b8f2358540f3c7359.jpg",450,300,false],"2048x2048":["https:\/\/arantv.az\/wp-content\/uploads\/2022\/02\/1e0b2ddbf6b2d33b8f2358540f3c7359.jpg",450,300,false],"post-thumbnail":["https:\/\/arantv.az\/wp-content\/uploads\/2022\/02\/1e0b2ddbf6b2d33b8f2358540f3c7359-240x172.jpg",240,172,true],"advps-thumb-one":["https:\/\/arantv.az\/wp-content\/uploads\/2022\/02\/1e0b2ddbf6b2d33b8f2358540f3c7359.jpg",450,300,false]},"rttpg_author":{"display_name":"V\u00fcsal Rafiqo\u011flu","author_link":"https:\/\/arantv.az\/?author=2"},"rttpg_comment":0,"rttpg_category":"<a href=\"https:\/\/arantv.az\/?cat=4\" rel=\"category\">Siyas\u0259t<\/a>","rttpg_excerpt":"Bu g\u00fcn d\u00fcnya m\u00fch\u00fcm d\u0259yi\u015fiklikl\u0259rd\u0259n ke\u00e7ir, b\u0259\u015f\u0259riyy\u0259t s\u00fcr\u0259tli inki\u015faf v\u0259 d\u0259rin transformasiya d\u00f6vr\u00fcn\u0259 q\u0259d\u0259m qoyur. \u00c7oxq\u00fctbl\u00fcl\u00fck, iqtisadi qloballa\u015fma, d\u00fcnya nizam\u0131ndak\u0131 prosesl\u0259r v\u0259 hadis\u0259l\u0259rd\u0259 d\u0259yi\u015fiklikl\u0259r m\u00fc\u015fahid\u0259 olunur. D\u00f6vl\u0259tl\u0259r aras\u0131nda qar\u015f\u0131l\u0131ql\u0131 \u0259laq\u0259 v\u0259 as\u0131l\u0131l\u0131qlar art\u0131r,\u00a0d\u00fcnyada g\u00fcc\u00fcn yenid\u0259n b\u00f6l\u00fc\u015fd\u00fcr\u00fclm\u0259si tendensiyas\u0131 yaran\u0131b. Bu g\u00fcn Rusiya il\u0259 Ukrayna aras\u0131nda pik h\u0259ddin\u0259 \u00e7atan\u00a0g\u0259rginlik fonunda g\u00fcc m\u0259rk\u0259zl\u0259ri d\u00fcnyan\u0131\u00a0iqtisadi\u00a0b\u00f6l\u00fc\u015fd\u00fcrm\u0259k sevdas\u0131ndad\u0131rlar ki, bu proses\u00a0art\u0131q&hellip;","_links":{"self":[{"href":"https:\/\/arantv.az\/index.php?rest_route=\/wp\/v2\/posts\/436438"}],"collection":[{"href":"https:\/\/arantv.az\/index.php?rest_route=\/wp\/v2\/posts"}],"about":[{"href":"https:\/\/arantv.az\/index.php?rest_route=\/wp\/v2\/types\/post"}],"author":[{"embeddable":true,"href":"https:\/\/arantv.az\/index.php?rest_route=\/wp\/v2\/users\/2"}],"replies":[{"embeddable":true,"href":"https:\/\/arantv.az\/index.php?rest_route=%2Fwp%2Fv2%2Fcomments&post=436438"}],"version-history":[{"count":0,"href":"https:\/\/arantv.az\/index.php?rest_route=\/wp\/v2\/posts\/436438\/revisions"}],"wp:featuredmedia":[{"embeddable":true,"href":"https:\/\/arantv.az\/index.php?rest_route=\/wp\/v2\/media\/436439"}],"wp:attachment":[{"href":"https:\/\/arantv.az\/index.php?rest_route=%2Fwp%2Fv2%2Fmedia&parent=436438"}],"wp:term":[{"taxonomy":"category","embeddable":true,"href":"https:\/\/arantv.az\/index.php?rest_route=%2Fwp%2Fv2%2Fcategories&post=436438"},{"taxonomy":"post_tag","embeddable":true,"href":"https:\/\/arantv.az\/index.php?rest_route=%2Fwp%2Fv2%2Ftags&post=436438"}],"curies":[{"name":"wp","href":"https:\/\/api.w.org\/{rel}","templated":true}]}}