{"id":436460,"date":"2022-02-08T15:05:52","date_gmt":"2022-02-08T12:05:52","guid":{"rendered":"http:\/\/arantv.az\/?p=436460"},"modified":"2022-02-08T15:05:52","modified_gmt":"2022-02-08T12:05:52","slug":"fransali-jurnalistl%c9%99r-susa-agdam-fuzuli-v%c9%99-c%c9%99brayilda-olub","status":"publish","type":"post","link":"https:\/\/arantv.az\/?p=436460","title":{"rendered":"Fransal\u0131 jurnalistl\u0259r \u015eu\u015fa, A\u011fdam, F\u00fczuli v\u0259 C\u0259bray\u0131lda olub"},"content":{"rendered":"<p>Az\u0259rbaycanda s\u0259f\u0259rd\u0259 olan Fransan\u0131n ERE TV media qurumunun n\u00fcmay\u0259nd\u0259 hey\u0259ti Heyd\u0259r \u018fliyev M\u0259rk\u0259zini ziyar\u0259t edib.<\/p>\n<p><strong>ARANTV.AZ\u00a0 x\u0259b\u0259r verir ki,<\/strong>\u00a0\u00a0bu bar\u0259d\u0259\u00a0Milli M\u0259clisin deputat\u0131, Az\u0259rbaycan-Fransa parlamentl\u0259raras\u0131 \u0259laq\u0259l\u0259r \u00fczr\u0259 i\u015f\u00e7i qrupunun r\u0259hb\u0259ri Soltan M\u0259mm\u0259dov m\u0259lumat verib.<\/p>\n<p>O bildirib ki, fransal\u0131 jurnalistl\u0259r Heyd\u0259r \u018fliyev M\u0259rk\u0259zind\u0259 t\u0259\u015fkil olunan s\u0259rgil\u0259rd\u0259 n\u00fcmayi\u015f etdiril\u0259n s\u0259n\u0259t \u0259s\u0259rl\u0259ri il\u0259 tan\u0131\u015f olub, M\u0259rk\u0259zin tarixi, f\u0259aliyy\u0259t istiqam\u0259tl\u0259ri, burda ke\u00e7iril\u0259n t\u0259dbirl\u0259r haqq\u0131nda m\u0259lumat al\u0131blar: &#8220;Fransal\u0131 jurnalistl\u0259r i\u015f\u011faldan azad olunmu\u015f \u0259razil\u0259rd\u0259 &#8211; \u015eu\u015fa \u015f\u0259h\u0259rind\u0259, A\u011fdam, F\u00fczuli C\u0259bray\u0131l rayonlar\u0131nda olub, Erm\u0259nistan\u0131n i\u015f\u011fal\u0131 d\u00f6vr\u00fcnd\u0259 t\u00f6r\u0259dilmi\u015f da\u011f\u0131nt\u0131lar, habel\u0259 bu g\u00fcn d\u00f6vl\u0259timizin h\u0259yata ke\u00e7irdiyi geni\u015fmiqyasl\u0131 quruculuq i\u015fl\u0259rini \u00f6z g\u00f6sl\u0259ri il\u0259 g\u00f6rm\u0259k imkan\u0131 qazan\u0131blar. Eyni zamanda Az\u0259rbaycan Minat\u0259mizl\u0259m\u0259 Agentliyinin (ANAMA) \u0259m\u0259kda\u015flar\u0131n\u0131n i\u015f\u011faldan azad edilmi\u015f \u0259razil\u0259rd\u0259 h\u0259yata ke\u00e7irdiyi minalar\u0131n z\u0259r\u0259rsizl\u0259\u015fdirilm\u0259si \u0259m\u0259liyyatlar\u0131n\u0131 m\u00fc\u015fahid\u0259 edibl\u0259r&#8221;.<\/p>\n<p>S. M\u0259mm\u0259dov qeyd edib ki, fransal\u0131 jurnalistl\u0259r\u00a0Az\u0259rbaycanda m\u00f6vcud olan multikulturalizm \u0259n\u0259n\u0259l\u0259ri, dini v\u0259 etnik d\u00f6z\u00fcml\u00fcl\u00fck m\u00fchitini n\u00fcmayi\u015f etdir\u0259n t\u0259hsil ocaqlar\u0131na, muzeyl\u0259r\u0259, m\u0259d\u0259niyy\u0259t m\u0259rk\u0259zl\u0259rin\u0259 d\u0259 ba\u015f \u00e7\u0259kibl\u0259r: &#8220;\u00dcmid edir\u0259m ki, bu s\u0259f\u0259r Az\u0259rbaycan h\u0259qiq\u0259tl\u0259rinin Fransa ictimaiyy\u0259tin\u0259, eyni zamanda, ERE TV-nin \u0259m\u0259kda\u015fl\u0131q etdiyi dig\u0259r media qurumlar\u0131 vasit\u0259sil\u0259 d\u00fcnyaya \u00e7atd\u0131r\u0131lmas\u0131na m\u00fch\u00fcm t\u00f6hf\u0259 olacaq\u201d.<\/p>\n","protected":false},"excerpt":{"rendered":"<p>Az\u0259rbaycanda s\u0259f\u0259rd\u0259 olan Fransan\u0131n ERE TV media qurumunun n\u00fcmay\u0259nd\u0259 hey\u0259ti Heyd\u0259r \u018fliyev M\u0259rk\u0259zini ziyar\u0259t edib. ARANTV.AZ\u00a0 x\u0259b\u0259r verir ki,\u00a0\u00a0bu bar\u0259d\u0259\u00a0Milli M\u0259clisin deputat\u0131, Az\u0259rbaycan-Fransa parlamentl\u0259raras\u0131 \u0259laq\u0259l\u0259r \u00fczr\u0259 i\u015f\u00e7i qrupunun r\u0259hb\u0259ri Soltan M\u0259mm\u0259dov m\u0259lumat verib. O bildirib ki, fransal\u0131 jurnalistl\u0259r Heyd\u0259r \u018fliyev M\u0259rk\u0259zind\u0259 t\u0259\u015fkil olunan s\u0259rgil\u0259rd\u0259 n\u00fcmayi\u015f etdiril\u0259n s\u0259n\u0259t \u0259s\u0259rl\u0259ri il\u0259 tan\u0131\u015f olub, M\u0259rk\u0259zin tarixi, f\u0259aliyy\u0259t istiqam\u0259tl\u0259ri, burda ke\u00e7iril\u0259n t\u0259dbirl\u0259r haqq\u0131nda m\u0259lumat al\u0131blar: &#8220;Fransal\u0131 jurnalistl\u0259r i\u015f\u011faldan azad olunmu\u015f \u0259razil\u0259rd\u0259 &#8211; \u015eu\u015fa \u015f\u0259h\u0259rind\u0259, A\u011fdam, F\u00fczuli C\u0259bray\u0131l rayonlar\u0131nda olub, Erm\u0259nistan\u0131n i\u015f\u011fal\u0131 d\u00f6vr\u00fcnd\u0259 t\u00f6r\u0259dilmi\u015f da\u011f\u0131nt\u0131lar, habel\u0259 bu g\u00fcn d\u00f6vl\u0259timizin h\u0259yata ke\u00e7irdiyi geni\u015fmiqyasl\u0131 quruculuq i\u015fl\u0259rini \u00f6z&hellip;<\/p>\n","protected":false},"author":2,"featured_media":436461,"comment_status":"closed","ping_status":"closed","sticky":false,"template":"","format":"standard","meta":{"om_disable_all_campaigns":false,"_monsterinsights_skip_tracking":false,"_monsterinsights_sitenote_active":false,"_monsterinsights_sitenote_note":"","_monsterinsights_sitenote_category":0},"categories":[1],"tags":[],"aioseo_notices":[],"gutentor_comment":0,"rttpg_featured_image_url":{"full":["https:\/\/arantv.az\/wp-content\/uploads\/2022\/02\/add5aebf164432169518776987311031921.jpg",975,540,false],"landscape":["https:\/\/arantv.az\/wp-content\/uploads\/2022\/02\/add5aebf164432169518776987311031921.jpg",975,540,false],"portraits":["https:\/\/arantv.az\/wp-content\/uploads\/2022\/02\/add5aebf164432169518776987311031921.jpg",975,540,false],"thumbnail":["https:\/\/arantv.az\/wp-content\/uploads\/2022\/02\/add5aebf164432169518776987311031921-500x280.jpg",500,280,true],"medium":["https:\/\/arantv.az\/wp-content\/uploads\/2022\/02\/add5aebf164432169518776987311031921-660x365.jpg",660,365,true],"large":["https:\/\/arantv.az\/wp-content\/uploads\/2022\/02\/add5aebf164432169518776987311031921-840x465.jpg",640,354,true],"1536x1536":["https:\/\/arantv.az\/wp-content\/uploads\/2022\/02\/add5aebf164432169518776987311031921.jpg",975,540,false],"2048x2048":["https:\/\/arantv.az\/wp-content\/uploads\/2022\/02\/add5aebf164432169518776987311031921.jpg",975,540,false],"post-thumbnail":["https:\/\/arantv.az\/wp-content\/uploads\/2022\/02\/add5aebf164432169518776987311031921-240x172.jpg",240,172,true],"advps-thumb-one":["https:\/\/arantv.az\/wp-content\/uploads\/2022\/02\/add5aebf164432169518776987311031921.jpg",975,540,false]},"rttpg_author":{"display_name":"V\u00fcsal Rafiqo\u011flu","author_link":"https:\/\/arantv.az\/?author=2"},"rttpg_comment":0,"rttpg_category":"<a href=\"https:\/\/arantv.az\/?cat=1\" rel=\"category\">C\u0259miyy\u0259t<\/a>","rttpg_excerpt":"Az\u0259rbaycanda s\u0259f\u0259rd\u0259 olan Fransan\u0131n ERE TV media qurumunun n\u00fcmay\u0259nd\u0259 hey\u0259ti Heyd\u0259r \u018fliyev M\u0259rk\u0259zini ziyar\u0259t edib. ARANTV.AZ\u00a0 x\u0259b\u0259r verir ki,\u00a0\u00a0bu bar\u0259d\u0259\u00a0Milli M\u0259clisin deputat\u0131, Az\u0259rbaycan-Fransa parlamentl\u0259raras\u0131 \u0259laq\u0259l\u0259r \u00fczr\u0259 i\u015f\u00e7i qrupunun r\u0259hb\u0259ri Soltan M\u0259mm\u0259dov m\u0259lumat verib. O bildirib ki, fransal\u0131 jurnalistl\u0259r Heyd\u0259r \u018fliyev M\u0259rk\u0259zind\u0259 t\u0259\u015fkil olunan s\u0259rgil\u0259rd\u0259 n\u00fcmayi\u015f etdiril\u0259n s\u0259n\u0259t \u0259s\u0259rl\u0259ri il\u0259 tan\u0131\u015f olub, M\u0259rk\u0259zin tarixi, f\u0259aliyy\u0259t istiqam\u0259tl\u0259ri,&hellip;","_links":{"self":[{"href":"https:\/\/arantv.az\/index.php?rest_route=\/wp\/v2\/posts\/436460"}],"collection":[{"href":"https:\/\/arantv.az\/index.php?rest_route=\/wp\/v2\/posts"}],"about":[{"href":"https:\/\/arantv.az\/index.php?rest_route=\/wp\/v2\/types\/post"}],"author":[{"embeddable":true,"href":"https:\/\/arantv.az\/index.php?rest_route=\/wp\/v2\/users\/2"}],"replies":[{"embeddable":true,"href":"https:\/\/arantv.az\/index.php?rest_route=%2Fwp%2Fv2%2Fcomments&post=436460"}],"version-history":[{"count":0,"href":"https:\/\/arantv.az\/index.php?rest_route=\/wp\/v2\/posts\/436460\/revisions"}],"wp:featuredmedia":[{"embeddable":true,"href":"https:\/\/arantv.az\/index.php?rest_route=\/wp\/v2\/media\/436461"}],"wp:attachment":[{"href":"https:\/\/arantv.az\/index.php?rest_route=%2Fwp%2Fv2%2Fmedia&parent=436460"}],"wp:term":[{"taxonomy":"category","embeddable":true,"href":"https:\/\/arantv.az\/index.php?rest_route=%2Fwp%2Fv2%2Fcategories&post=436460"},{"taxonomy":"post_tag","embeddable":true,"href":"https:\/\/arantv.az\/index.php?rest_route=%2Fwp%2Fv2%2Ftags&post=436460"}],"curies":[{"name":"wp","href":"https:\/\/api.w.org\/{rel}","templated":true}]}}