{"id":436489,"date":"2022-02-08T16:07:12","date_gmt":"2022-02-08T13:07:12","guid":{"rendered":"http:\/\/arantv.az\/?p=436489"},"modified":"2022-02-08T16:07:12","modified_gmt":"2022-02-08T13:07:12","slug":"qisasi-alinan-torpaq-yardimlida-t%c9%99dbir","status":"publish","type":"post","link":"https:\/\/arantv.az\/?p=436489","title":{"rendered":"Qisas\u0131 al\u0131nan torpaq &#8211; Yard\u0131ml\u0131da t\u0259dbir"},"content":{"rendered":"<div class=\"content lead font-weight-normal\">\n<p>Fevral\u0131n 8-d\u0259 Masall\u0131 Regional M\u0259d\u0259niyy\u0259t \u0130dar\u0259si Yard\u0131ml\u0131 rayon Heyd\u0259r \u018fliyev M\u0259rk\u0259zind\u0259 Xocal\u0131 faci\u0259sinin otuzuncu ild\u00f6n\u00fcm\u00fc il\u0259 \u0259laq\u0259dar ke\u00e7iril\u0259n silsil\u0259 t\u0259dbirl\u0259rin davam\u0131 olaraq &#8220;Qisas\u0131 al\u0131nan torpaq&#8221; adl\u0131 t\u0259dbir t\u0259\u015fkil olunub.<\/p>\n<p>T\u0259dbird\u0259 M\u0259rk\u0259zin kollektivi il\u0259 yana\u015f\u0131, Yard\u0131ml\u0131 \u015f\u0259h\u0259r 2 sayl\u0131 tam orta m\u0259kt\u0259binin \u015fagirdl\u0259ri d\u0259 i\u015ftirak edib.<\/p>\n<p>Az\u0259rbaycan\u0131n suverenliyi v\u0259 \u0259razi b\u00fct\u00f6vl\u00fcy\u00fc u\u011frunda canlar\u0131ndan ke\u00e7mi\u015f \u015f\u0259hidl\u0259rimizin \u0259ziz xatir\u0259si yad edildikd\u0259n sonra t\u0259dbir a\u00e7\u0131q elan olunub.<\/p>\n<p>M\u0259rk\u0259zin direktoru v\u0259zif\u0259sini icra ed\u0259n Zeyn\u0259b M\u0259mm\u0259dzad\u0259 m\u00f6vzu il\u0259 ba\u011fl\u0131 geni\u015f m\u0259ruz\u0259 il\u0259 \u00e7\u0131x\u0131\u015f edib. Z. M\u0259mm\u0259dzad\u0259 m\u0259ruz\u0259sind\u0259 44 g\u00fcnl\u00fck V\u0259t\u0259n m\u00fcharib\u0259sinin n\u0259tic\u0259sind\u0259 b\u00fct\u00fcn \u015f\u0259hidl\u0259rimizin, o c\u00fcml\u0259d\u0259n Xocal\u0131 soyq\u0131r\u0131m\u0131 qurbanlar\u0131n\u0131n qisas\u0131n\u0131n al\u0131nd\u0131\u011f\u0131n\u0131 qeyd edib.<\/p>\n<p>Sonra M\u0259rk\u0259zin \u0259m\u0259kda\u015f\u0131 El\u015f\u0259n Ab\u0131\u015fov s\u00f6z\u00fcged\u0259n d\u0259h\u015f\u0259tli cinay\u0259t akt\u0131 il\u0259 ba\u011fl\u0131 fikirl\u0259rini t\u0259dbir i\u015ftirak\u00e7\u0131lar\u0131n\u0131n diqq\u0259tin\u0259 \u00e7atd\u0131r\u0131b.<\/p>\n<p>Daha sonra Xocal\u0131 soyq\u0131r\u0131m\u0131ndan b\u0259hs ed\u0259n s\u0259n\u0259dli film n\u00fcmayi\u015f olunub. Sonda is\u0259 ulu \u00f6nd\u0259r Heyd\u0259r \u018fliyevin m\u0259nal\u0131 \u00f6m\u00fcr yolunu \u00f6z\u00fcnd\u0259 \u0259ks etdir\u0259n eksponatlara bax\u0131\u015f ke\u00e7irilib.<\/p>\n<p><em>\u018flih\u00fcseyn \u015e\u00fck\u00fcrov<\/em><\/p>\n<div class=\"clearfix\"><\/div>\n<\/div>\n<div class=\"fotorama--hidden\"><\/div>\n<div id=\"galleryList\" class=\"fotorama fotorama1644329198786\" data-nav=\"thumbs\" data-width=\"100%\" data-thumbwidth=\"90\" data-thumbheight=\"60\" data-allowfullscreen=\"true\" data-autoplay=\"3000\" data-ratio=\"1.5\" data-keyboard=\"true\" data-fit=\"contain\">\n<div class=\"fotorama__wrap fotorama__wrap--css3 fotorama__wrap--slide fotorama__wrap--toggle-arrows fotorama__wrap--no-controls\">\n<div class=\"fotorama__stage\">\n<div class=\"fotorama__fullscreen-icon\" tabindex=\"0\" role=\"button\"><\/div>\n<div class=\"fotorama__stage__shaft\">\n<div class=\"fotorama__stage__frame fotorama__loaded fotorama__loaded--img\"><img class=\"fotorama__img\" src=\"https:\/\/ikisahil.az\/photo\/0x0_2\/upload\/gallery\/2022\/02\/08\/-7a01f87a164432365266054185210994175.jpg\" \/><\/div>\n<div class=\"fotorama__stage__frame fotorama__loaded fotorama__loaded--img fotorama__active\"><img class=\"fotorama__img\" src=\"https:\/\/ikisahil.az\/photo\/0x0_2\/upload\/gallery\/2022\/02\/08\/-4fc41324164432365223157626810304663.jpg\" \/><\/div>\n<\/div>\n<div class=\"fotorama__arr fotorama__arr--prev fotorama__arr--disabled\" tabindex=\"-1\" role=\"button\"><\/div>\n<div class=\"fotorama__arr fotorama__arr--next\" tabindex=\"0\" role=\"button\"><\/div>\n<div class=\"fotorama__video-close\"><\/div>\n<\/div>\n<div class=\"fotorama__nav-wrap\">\n<div class=\"fotorama__nav fotorama__nav--thumbs\">\n<div class=\"fotorama__nav__shaft\">\n<div class=\"fotorama__thumb-border\"><\/div>\n<div class=\"fotorama__nav__frame fotorama__nav__frame--thumb fotorama__active\" tabindex=\"0\" role=\"button\">\n<div class=\"fotorama__thumb fotorama__loaded fotorama__loaded--img\"><img class=\"fotorama__img\" src=\"https:\/\/ikisahil.az\/photo\/150x100_2\/upload\/gallery\/2022\/02\/08\/-4fc41324164432365223157626810304663.jpg\" \/><\/div>\n<\/div>\n<div class=\"fotorama__nav__frame fotorama__nav__frame--thumb\" tabindex=\"0\" role=\"button\">\n<div class=\"fotorama__thumb fotorama__loaded fotorama__loaded--img\"><img class=\"fotorama__img\" src=\"https:\/\/ikisahil.az\/photo\/150x100_2\/upload\/gallery\/2022\/02\/08\/-7a01f87a164432365266054185210994175.jpg\" \/><\/div>\n<\/div>\n<div class=\"fotorama__nav__frame fotorama__nav__frame--thumb\" tabindex=\"0\" role=\"button\">\n<div class=\"fotorama__thumb fotorama__loaded fotorama__loaded--img\"><img class=\"fotorama__img\" src=\"https:\/\/ikisahil.az\/photo\/150x100_2\/upload\/gallery\/2022\/02\/08\/-019f8b94164432365274198885111081745.jpg\" \/><\/div>\n<\/div>\n<\/div>\n<\/div>\n<\/div>\n<\/div>\n<\/div>\n<div class=\"sharing my-2 row no-gutters d-print-none\">\n<div class=\"col-md-3\"><\/div>\n<\/div>\n","protected":false},"excerpt":{"rendered":"<p>Fevral\u0131n 8-d\u0259 Masall\u0131 Regional M\u0259d\u0259niyy\u0259t \u0130dar\u0259si Yard\u0131ml\u0131 rayon Heyd\u0259r \u018fliyev M\u0259rk\u0259zind\u0259 Xocal\u0131 faci\u0259sinin otuzuncu ild\u00f6n\u00fcm\u00fc il\u0259 \u0259laq\u0259dar ke\u00e7iril\u0259n silsil\u0259 t\u0259dbirl\u0259rin davam\u0131 olaraq &#8220;Qisas\u0131 al\u0131nan torpaq&#8221; adl\u0131 t\u0259dbir t\u0259\u015fkil olunub. T\u0259dbird\u0259 M\u0259rk\u0259zin kollektivi il\u0259 yana\u015f\u0131, Yard\u0131ml\u0131 \u015f\u0259h\u0259r 2 sayl\u0131 tam orta m\u0259kt\u0259binin \u015fagirdl\u0259ri d\u0259 i\u015ftirak edib. Az\u0259rbaycan\u0131n suverenliyi v\u0259 \u0259razi b\u00fct\u00f6vl\u00fcy\u00fc u\u011frunda canlar\u0131ndan ke\u00e7mi\u015f \u015f\u0259hidl\u0259rimizin \u0259ziz xatir\u0259si yad edildikd\u0259n sonra t\u0259dbir a\u00e7\u0131q elan olunub. M\u0259rk\u0259zin direktoru v\u0259zif\u0259sini icra ed\u0259n Zeyn\u0259b M\u0259mm\u0259dzad\u0259 m\u00f6vzu il\u0259 ba\u011fl\u0131 geni\u015f m\u0259ruz\u0259 il\u0259 \u00e7\u0131x\u0131\u015f edib. Z. M\u0259mm\u0259dzad\u0259 m\u0259ruz\u0259sind\u0259 44 g\u00fcnl\u00fck V\u0259t\u0259n m\u00fcharib\u0259sinin n\u0259tic\u0259sind\u0259 b\u00fct\u00fcn \u015f\u0259hidl\u0259rimizin, o c\u00fcml\u0259d\u0259n&hellip;<\/p>\n","protected":false},"author":2,"featured_media":436490,"comment_status":"closed","ping_status":"closed","sticky":false,"template":"","format":"standard","meta":{"om_disable_all_campaigns":false,"_monsterinsights_skip_tracking":false,"_monsterinsights_sitenote_active":false,"_monsterinsights_sitenote_note":"","_monsterinsights_sitenote_category":0},"categories":[26],"tags":[],"aioseo_notices":[],"gutentor_comment":0,"rttpg_featured_image_url":{"full":["https:\/\/arantv.az\/wp-content\/uploads\/2022\/02\/d94fd74d164432362798974249410985686.jpg",975,540,false],"landscape":["https:\/\/arantv.az\/wp-content\/uploads\/2022\/02\/d94fd74d164432362798974249410985686.jpg",975,540,false],"portraits":["https:\/\/arantv.az\/wp-content\/uploads\/2022\/02\/d94fd74d164432362798974249410985686.jpg",975,540,false],"thumbnail":["https:\/\/arantv.az\/wp-content\/uploads\/2022\/02\/d94fd74d164432362798974249410985686-500x280.jpg",500,280,true],"medium":["https:\/\/arantv.az\/wp-content\/uploads\/2022\/02\/d94fd74d164432362798974249410985686-660x365.jpg",660,365,true],"large":["https:\/\/arantv.az\/wp-content\/uploads\/2022\/02\/d94fd74d164432362798974249410985686-840x465.jpg",640,354,true],"1536x1536":["https:\/\/arantv.az\/wp-content\/uploads\/2022\/02\/d94fd74d164432362798974249410985686.jpg",975,540,false],"2048x2048":["https:\/\/arantv.az\/wp-content\/uploads\/2022\/02\/d94fd74d164432362798974249410985686.jpg",975,540,false],"post-thumbnail":["https:\/\/arantv.az\/wp-content\/uploads\/2022\/02\/d94fd74d164432362798974249410985686-240x172.jpg",240,172,true],"advps-thumb-one":["https:\/\/arantv.az\/wp-content\/uploads\/2022\/02\/d94fd74d164432362798974249410985686.jpg",975,540,false]},"rttpg_author":{"display_name":"V\u00fcsal Rafiqo\u011flu","author_link":"https:\/\/arantv.az\/?author=2"},"rttpg_comment":0,"rttpg_category":"<a href=\"https:\/\/arantv.az\/?cat=26\" rel=\"category\">Sosial<\/a>","rttpg_excerpt":"Fevral\u0131n 8-d\u0259 Masall\u0131 Regional M\u0259d\u0259niyy\u0259t \u0130dar\u0259si Yard\u0131ml\u0131 rayon Heyd\u0259r \u018fliyev M\u0259rk\u0259zind\u0259 Xocal\u0131 faci\u0259sinin otuzuncu ild\u00f6n\u00fcm\u00fc il\u0259 \u0259laq\u0259dar ke\u00e7iril\u0259n silsil\u0259 t\u0259dbirl\u0259rin davam\u0131 olaraq &#8220;Qisas\u0131 al\u0131nan torpaq&#8221; adl\u0131 t\u0259dbir t\u0259\u015fkil olunub. T\u0259dbird\u0259 M\u0259rk\u0259zin kollektivi il\u0259 yana\u015f\u0131, Yard\u0131ml\u0131 \u015f\u0259h\u0259r 2 sayl\u0131 tam orta m\u0259kt\u0259binin \u015fagirdl\u0259ri d\u0259 i\u015ftirak edib. Az\u0259rbaycan\u0131n suverenliyi v\u0259 \u0259razi b\u00fct\u00f6vl\u00fcy\u00fc u\u011frunda canlar\u0131ndan ke\u00e7mi\u015f \u015f\u0259hidl\u0259rimizin \u0259ziz&hellip;","_links":{"self":[{"href":"https:\/\/arantv.az\/index.php?rest_route=\/wp\/v2\/posts\/436489"}],"collection":[{"href":"https:\/\/arantv.az\/index.php?rest_route=\/wp\/v2\/posts"}],"about":[{"href":"https:\/\/arantv.az\/index.php?rest_route=\/wp\/v2\/types\/post"}],"author":[{"embeddable":true,"href":"https:\/\/arantv.az\/index.php?rest_route=\/wp\/v2\/users\/2"}],"replies":[{"embeddable":true,"href":"https:\/\/arantv.az\/index.php?rest_route=%2Fwp%2Fv2%2Fcomments&post=436489"}],"version-history":[{"count":0,"href":"https:\/\/arantv.az\/index.php?rest_route=\/wp\/v2\/posts\/436489\/revisions"}],"wp:featuredmedia":[{"embeddable":true,"href":"https:\/\/arantv.az\/index.php?rest_route=\/wp\/v2\/media\/436490"}],"wp:attachment":[{"href":"https:\/\/arantv.az\/index.php?rest_route=%2Fwp%2Fv2%2Fmedia&parent=436489"}],"wp:term":[{"taxonomy":"category","embeddable":true,"href":"https:\/\/arantv.az\/index.php?rest_route=%2Fwp%2Fv2%2Fcategories&post=436489"},{"taxonomy":"post_tag","embeddable":true,"href":"https:\/\/arantv.az\/index.php?rest_route=%2Fwp%2Fv2%2Ftags&post=436489"}],"curies":[{"name":"wp","href":"https:\/\/api.w.org\/{rel}","templated":true}]}}