{"id":436508,"date":"2022-02-08T18:24:08","date_gmt":"2022-02-08T15:24:08","guid":{"rendered":"http:\/\/arantv.az\/?p=436508"},"modified":"2022-02-08T18:24:08","modified_gmt":"2022-02-08T15:24:08","slug":"vilay%c9%99t-eyvazovdan-yeni-t%c9%99yinat-72","status":"publish","type":"post","link":"https:\/\/arantv.az\/?p=436508","title":{"rendered":"Vilay\u0259t Eyvazovdan yeni T\u018fY\u0130NAT"},"content":{"rendered":"<p>\u015e\u0259mkir rayon Polis \u015e\u00f6b\u0259sind\u0259 yeni t\u0259yinat olub.<\/p>\n<div class=\"AdviadNativeVideo\"><\/div>\n<p><strong>ARANTV.AZ <\/strong>\u00a0x\u0259b\u0259r verir ki, bununla ba\u011fl\u0131\u00a0daxili i\u015fl\u0259r naziri, general-polkovnik Vilay\u0259t Eyvazov\u00a0m\u00fcvafiq \u0259mr\u00a0imzalay\u0131b.<\/p>\n<p>Onun \u0259mri il\u0259, polis ba\u015f leytenant\u0131 Salmanzad\u0259 \u0130smay\u0131l C\u00fcm\u015f\u00fcd o\u011flu\u00a0\u015e\u0259mkir rayon Polis \u015e\u00f6b\u0259sinin Post-patrul b\u00f6l\u00fcy\u00fcn\u0259 komandir m\u00fcavini v\u0259zif\u0259sin\u0259 t\u0259yin olunub.<\/p>\n<p>O, daha \u00f6nc\u0259 \u015e\u0259mkir rayon P\u015e-nin Cinay\u0259t Axtar\u0131\u015f B\u00f6lm\u0259sinin \u0259m\u0259liyyat m\u00fcv\u0259kkili v\u0259zif\u0259sind\u0259 \u00e7al\u0131\u015f\u0131b.<\/p>\n","protected":false},"excerpt":{"rendered":"<p>\u015e\u0259mkir rayon Polis \u015e\u00f6b\u0259sind\u0259 yeni t\u0259yinat olub. ARANTV.AZ \u00a0x\u0259b\u0259r verir ki, bununla ba\u011fl\u0131\u00a0daxili i\u015fl\u0259r naziri, general-polkovnik Vilay\u0259t Eyvazov\u00a0m\u00fcvafiq \u0259mr\u00a0imzalay\u0131b. Onun \u0259mri il\u0259, polis ba\u015f leytenant\u0131 Salmanzad\u0259 \u0130smay\u0131l C\u00fcm\u015f\u00fcd o\u011flu\u00a0\u015e\u0259mkir rayon Polis \u015e\u00f6b\u0259sinin Post-patrul b\u00f6l\u00fcy\u00fcn\u0259 komandir m\u00fcavini v\u0259zif\u0259sin\u0259 t\u0259yin olunub. O, daha \u00f6nc\u0259 \u015e\u0259mkir rayon P\u015e-nin Cinay\u0259t Axtar\u0131\u015f B\u00f6lm\u0259sinin \u0259m\u0259liyyat m\u00fcv\u0259kkili v\u0259zif\u0259sind\u0259 \u00e7al\u0131\u015f\u0131b.<\/p>\n","protected":false},"author":2,"featured_media":413589,"comment_status":"closed","ping_status":"closed","sticky":false,"template":"","format":"standard","meta":{"om_disable_all_campaigns":false,"_monsterinsights_skip_tracking":false,"_monsterinsights_sitenote_active":false,"_monsterinsights_sitenote_note":"","_monsterinsights_sitenote_category":0},"categories":[1],"tags":[],"aioseo_notices":[],"gutentor_comment":0,"rttpg_featured_image_url":{"full":["https:\/\/arantv.az\/wp-content\/uploads\/2021\/12\/1638976917_polis-din-2.jpg",770,415,false],"landscape":["https:\/\/arantv.az\/wp-content\/uploads\/2021\/12\/1638976917_polis-din-2.jpg",770,415,false],"portraits":["https:\/\/arantv.az\/wp-content\/uploads\/2021\/12\/1638976917_polis-din-2.jpg",770,415,false],"thumbnail":["https:\/\/arantv.az\/wp-content\/uploads\/2021\/12\/1638976917_polis-din-2-500x280.jpg",500,280,true],"medium":["https:\/\/arantv.az\/wp-content\/uploads\/2021\/12\/1638976917_polis-din-2-660x356.jpg",660,356,true],"large":["https:\/\/arantv.az\/wp-content\/uploads\/2021\/12\/1638976917_polis-din-2.jpg",640,345,false],"1536x1536":["https:\/\/arantv.az\/wp-content\/uploads\/2021\/12\/1638976917_polis-din-2.jpg",770,415,false],"2048x2048":["https:\/\/arantv.az\/wp-content\/uploads\/2021\/12\/1638976917_polis-din-2.jpg",770,415,false],"post-thumbnail":["https:\/\/arantv.az\/wp-content\/uploads\/2021\/12\/1638976917_polis-din-2-240x172.jpg",240,172,true],"advps-thumb-one":["https:\/\/arantv.az\/wp-content\/uploads\/2021\/12\/1638976917_polis-din-2.jpg",770,415,false]},"rttpg_author":{"display_name":"V\u00fcsal Rafiqo\u011flu","author_link":"https:\/\/arantv.az\/?author=2"},"rttpg_comment":0,"rttpg_category":"<a href=\"https:\/\/arantv.az\/?cat=1\" rel=\"category\">C\u0259miyy\u0259t<\/a>","rttpg_excerpt":"\u015e\u0259mkir rayon Polis \u015e\u00f6b\u0259sind\u0259 yeni t\u0259yinat olub. ARANTV.AZ \u00a0x\u0259b\u0259r verir ki, bununla ba\u011fl\u0131\u00a0daxili i\u015fl\u0259r naziri, general-polkovnik Vilay\u0259t Eyvazov\u00a0m\u00fcvafiq \u0259mr\u00a0imzalay\u0131b. Onun \u0259mri il\u0259, polis ba\u015f leytenant\u0131 Salmanzad\u0259 \u0130smay\u0131l C\u00fcm\u015f\u00fcd o\u011flu\u00a0\u015e\u0259mkir rayon Polis \u015e\u00f6b\u0259sinin Post-patrul b\u00f6l\u00fcy\u00fcn\u0259 komandir m\u00fcavini v\u0259zif\u0259sin\u0259 t\u0259yin olunub. O, daha \u00f6nc\u0259 \u015e\u0259mkir rayon P\u015e-nin Cinay\u0259t Axtar\u0131\u015f B\u00f6lm\u0259sinin \u0259m\u0259liyyat m\u00fcv\u0259kkili v\u0259zif\u0259sind\u0259 \u00e7al\u0131\u015f\u0131b.","_links":{"self":[{"href":"https:\/\/arantv.az\/index.php?rest_route=\/wp\/v2\/posts\/436508"}],"collection":[{"href":"https:\/\/arantv.az\/index.php?rest_route=\/wp\/v2\/posts"}],"about":[{"href":"https:\/\/arantv.az\/index.php?rest_route=\/wp\/v2\/types\/post"}],"author":[{"embeddable":true,"href":"https:\/\/arantv.az\/index.php?rest_route=\/wp\/v2\/users\/2"}],"replies":[{"embeddable":true,"href":"https:\/\/arantv.az\/index.php?rest_route=%2Fwp%2Fv2%2Fcomments&post=436508"}],"version-history":[{"count":0,"href":"https:\/\/arantv.az\/index.php?rest_route=\/wp\/v2\/posts\/436508\/revisions"}],"wp:featuredmedia":[{"embeddable":true,"href":"https:\/\/arantv.az\/index.php?rest_route=\/wp\/v2\/media\/413589"}],"wp:attachment":[{"href":"https:\/\/arantv.az\/index.php?rest_route=%2Fwp%2Fv2%2Fmedia&parent=436508"}],"wp:term":[{"taxonomy":"category","embeddable":true,"href":"https:\/\/arantv.az\/index.php?rest_route=%2Fwp%2Fv2%2Fcategories&post=436508"},{"taxonomy":"post_tag","embeddable":true,"href":"https:\/\/arantv.az\/index.php?rest_route=%2Fwp%2Fv2%2Ftags&post=436508"}],"curies":[{"name":"wp","href":"https:\/\/api.w.org\/{rel}","templated":true}]}}