{"id":436510,"date":"2022-02-08T18:25:55","date_gmt":"2022-02-08T15:25:55","guid":{"rendered":"http:\/\/arantv.az\/?p=436510"},"modified":"2022-02-08T18:25:55","modified_gmt":"2022-02-08T15:25:55","slug":"az%c9%99rbaycanda-jurnalistl%c9%99r-guz%c9%99stli-ipoteka-%c9%99ld%c9%99-ed%c9%99-bil%c9%99c%c9%99kl%c9%99r","status":"publish","type":"post","link":"https:\/\/arantv.az\/?p=436510","title":{"rendered":"Az\u0259rbaycanda jurnalistl\u0259r g\u00fcz\u0259\u015ftli ipoteka \u0259ld\u0259 ed\u0259 bil\u0259c\u0259kl\u0259r"},"content":{"rendered":"<p>Az\u0259rbaycanda jurnalistl\u0259r g\u00fcz\u0259\u015ftli ipoteka \u0259ld\u0259 ed\u0259 bil\u0259c\u0259kl\u0259r.<\/p>\n<p>Bu bar\u0259d\u0259 Az\u0259rbaycan Respublikas\u0131 Prezidentinin 2016-c\u0131 il 22 iyun tarixli 940 n\u00f6mr\u0259li F\u0259rman\u0131 il\u0259 t\u0259sdiq edilmi\u015f \u201cAz\u0259rbaycan Respublikas\u0131 \u0130poteka v\u0259 Kredit Z\u0259man\u0259t Fondunun v\u0259saiti hesab\u0131na ipoteka kreditinin, o c\u00fcml\u0259d\u0259n g\u00fcz\u0259\u015ftli ipoteka kreditinin verilm\u0259si Qaydas\u0131\u201dnda d\u0259yi\u015fiklik edilm\u0259si haqq\u0131nda Prezidentin F\u0259rman\u0131nda qeyd edilir.<\/p>\n<div class=\"AdviadNativeVideo\"><\/div>\n<p>F\u0259rmana g\u00f6r\u0259, \u201cAz\u0259rbaycan Respublikas\u0131 \u0130poteka v\u0259 Kredit Z\u0259man\u0259t Fondunun v\u0259saiti hesab\u0131na ipoteka kreditinin, o c\u00fcml\u0259d\u0259n g\u00fcz\u0259\u015ftli ipoteka kreditinin verilm\u0259si Qaydas\u0131\u201dna 3.2.1-ci yar\u0131mb\u0259nd\u0259 a\u015fa\u011f\u0131dak\u0131 m\u0259zmunda 8-ci abzas \u0259lav\u0259 edilir.<\/p>\n<p>Yeni \u0259lav\u0259y\u0259 g\u00f6r\u0259, g\u0259nc ail\u0259nin \u00fczv\u00fc olan, az\u0131 5 il jurnalist i\u015fl\u0259y\u0259n v\u0259 Media Reyestrin\u0259 daxil edilmi\u015f \u015f\u0259xsl\u0259r g\u00fcz\u0259\u015ftli ipoteka kreditind\u0259n istifad\u0259 etm\u0259k h\u00fcququna malikdir.<\/p>\n<p>Bu yeniliy\u0259 q\u0259d\u0259r \u015f\u0259hid ail\u0259sinin \u00fczv\u00fc (\u0259ri\/arvad\u0131, \u00f6vladlar\u0131), Milli Q\u0259hr\u0259man (\u00f6z\u00fc, \u0259ri\/arvad\u0131, \u00f6vladlar\u0131), m\u0259cburi k\u00f6\u00e7k\u00fcn v\u0259 ya ona b\u0259rab\u0259r tutulan \u015f\u0259xsl\u0259r, \u0259n az\u0131 3 il d\u00f6vl\u0259t qullu\u011funda qulluq ed\u0259n, o c\u00fcml\u0259d\u0259n d\u00f6vl\u0259t qullu\u011funun x\u00fcsusi n\u00f6v\u00fcnd\u0259 xidm\u0259t ke\u00e7\u0259n \u015f\u0259xsl\u0259r, \u0259n az\u0131 5 il d\u00f6vl\u0259t \u00fcmumt\u0259hsil m\u0259kt\u0259bind\u0259 m\u00fc\u0259llim i\u015fl\u0259y\u0259n \u015f\u0259xsl\u0259r, f\u0259ls\u0259f\u0259 doktoru elmi d\u0259r\u0259c\u0259si olan \u015f\u0259xsl\u0259r v\u0259 idman sah\u0259sind\u0259 x\u00fcsusi xidm\u0259tl\u0259ri olan \u015f\u0259xs (f\u0259xri b\u0259d\u0259n t\u0259rbiy\u0259si v\u0259 idman xadimi, \u00f6lk\u0259 miqyasl\u0131 yar\u0131\u015flar\u0131n qalibi (I yer), beyn\u0259lxalq miqyasl\u0131 yar\u0131\u015flar\u0131n m\u00fckafat\u00e7\u0131s\u0131 (I, II v\u0259 ya III yer) olan \u015f\u0259xsl\u0259r g\u00fcz\u0259\u015ftli ipotekada yararlanmaq h\u00fcququ var idi.<\/p>\n<p>Bundan \u0259lav\u0259 h\u0259min madd\u0259y\u0259 3.2.8-ci yar\u0131mb\u0259nd \u0259lav\u0259 edilib:<\/p>\n<p>Bu b\u0259ndd\u0259 d\u0259 g\u00f6st\u0259rilir ki, \u0259n az\u0131 15 il jurnalist i\u015fl\u0259y\u0259n v\u0259 Media Reyestrin\u0259 daxil edilmi\u015f \u015f\u0259xsl\u0259r d\u0259 g\u00fcz\u0259\u015ftli ipoteka \u015f\u0259rtl\u0259rind\u0259n yararlana bil\u0259r.<\/p>\n<p>Qaydaya \u0259sas\u0259n, Fondun Himay\u0259\u00e7ilik \u015euras\u0131 t\u0259r\u0259find\u0259n kredit, o c\u00fcml\u0259d\u0259n g\u00fcz\u0259\u015ftli ipoteka krediti \u00fczr\u0259 illik faiz d\u0259r\u0259c\u0259l\u0259ri m\u00fc\u0259yy\u0259n olunana q\u0259d\u0259r, kredit \u00fczr\u0259 illik faiz d\u0259r\u0259c\u0259si 8 faizd\u0259n, g\u00fcz\u0259\u015ftli ipoteka krediti \u00fczr\u0259 is\u0259 4 faizd\u0259n \u00e7ox olmamal\u0131d\u0131r.<\/p>\n","protected":false},"excerpt":{"rendered":"<p>Az\u0259rbaycanda jurnalistl\u0259r g\u00fcz\u0259\u015ftli ipoteka \u0259ld\u0259 ed\u0259 bil\u0259c\u0259kl\u0259r. Bu bar\u0259d\u0259 Az\u0259rbaycan Respublikas\u0131 Prezidentinin 2016-c\u0131 il 22 iyun tarixli 940 n\u00f6mr\u0259li F\u0259rman\u0131 il\u0259 t\u0259sdiq edilmi\u015f \u201cAz\u0259rbaycan Respublikas\u0131 \u0130poteka v\u0259 Kredit Z\u0259man\u0259t Fondunun v\u0259saiti hesab\u0131na ipoteka kreditinin, o c\u00fcml\u0259d\u0259n g\u00fcz\u0259\u015ftli ipoteka kreditinin verilm\u0259si Qaydas\u0131\u201dnda d\u0259yi\u015fiklik edilm\u0259si haqq\u0131nda Prezidentin F\u0259rman\u0131nda qeyd edilir. F\u0259rmana g\u00f6r\u0259, \u201cAz\u0259rbaycan Respublikas\u0131 \u0130poteka v\u0259 Kredit Z\u0259man\u0259t Fondunun v\u0259saiti hesab\u0131na ipoteka kreditinin, o c\u00fcml\u0259d\u0259n g\u00fcz\u0259\u015ftli ipoteka kreditinin verilm\u0259si Qaydas\u0131\u201dna 3.2.1-ci yar\u0131mb\u0259nd\u0259 a\u015fa\u011f\u0131dak\u0131 m\u0259zmunda 8-ci abzas \u0259lav\u0259 edilir. Yeni \u0259lav\u0259y\u0259 g\u00f6r\u0259, g\u0259nc ail\u0259nin \u00fczv\u00fc olan, az\u0131 5 il jurnalist i\u015fl\u0259y\u0259n v\u0259 Media&hellip;<\/p>\n","protected":false},"author":2,"featured_media":436511,"comment_status":"closed","ping_status":"closed","sticky":false,"template":"","format":"standard","meta":{"om_disable_all_campaigns":false,"_monsterinsights_skip_tracking":false,"_monsterinsights_sitenote_active":false,"_monsterinsights_sitenote_note":"","_monsterinsights_sitenote_category":0},"categories":[4],"tags":[],"aioseo_notices":[],"gutentor_comment":0,"rttpg_featured_image_url":{"full":["https:\/\/arantv.az\/wp-content\/uploads\/2022\/02\/FotoJet-50-1.jpg",620,413,false],"landscape":["https:\/\/arantv.az\/wp-content\/uploads\/2022\/02\/FotoJet-50-1.jpg",620,413,false],"portraits":["https:\/\/arantv.az\/wp-content\/uploads\/2022\/02\/FotoJet-50-1.jpg",620,413,false],"thumbnail":["https:\/\/arantv.az\/wp-content\/uploads\/2022\/02\/FotoJet-50-1-500x280.jpg",500,280,true],"medium":["https:\/\/arantv.az\/wp-content\/uploads\/2022\/02\/FotoJet-50-1-548x365.jpg",548,365,true],"large":["https:\/\/arantv.az\/wp-content\/uploads\/2022\/02\/FotoJet-50-1.jpg",620,413,false],"1536x1536":["https:\/\/arantv.az\/wp-content\/uploads\/2022\/02\/FotoJet-50-1.jpg",620,413,false],"2048x2048":["https:\/\/arantv.az\/wp-content\/uploads\/2022\/02\/FotoJet-50-1.jpg",620,413,false],"post-thumbnail":["https:\/\/arantv.az\/wp-content\/uploads\/2022\/02\/FotoJet-50-1-240x172.jpg",240,172,true],"advps-thumb-one":["https:\/\/arantv.az\/wp-content\/uploads\/2022\/02\/FotoJet-50-1.jpg",620,413,false]},"rttpg_author":{"display_name":"V\u00fcsal Rafiqo\u011flu","author_link":"https:\/\/arantv.az\/?author=2"},"rttpg_comment":0,"rttpg_category":"<a href=\"https:\/\/arantv.az\/?cat=4\" rel=\"category\">Siyas\u0259t<\/a>","rttpg_excerpt":"Az\u0259rbaycanda jurnalistl\u0259r g\u00fcz\u0259\u015ftli ipoteka \u0259ld\u0259 ed\u0259 bil\u0259c\u0259kl\u0259r. Bu bar\u0259d\u0259 Az\u0259rbaycan Respublikas\u0131 Prezidentinin 2016-c\u0131 il 22 iyun tarixli 940 n\u00f6mr\u0259li F\u0259rman\u0131 il\u0259 t\u0259sdiq edilmi\u015f \u201cAz\u0259rbaycan Respublikas\u0131 \u0130poteka v\u0259 Kredit Z\u0259man\u0259t Fondunun v\u0259saiti hesab\u0131na ipoteka kreditinin, o c\u00fcml\u0259d\u0259n g\u00fcz\u0259\u015ftli ipoteka kreditinin verilm\u0259si Qaydas\u0131\u201dnda d\u0259yi\u015fiklik edilm\u0259si haqq\u0131nda Prezidentin F\u0259rman\u0131nda qeyd edilir. F\u0259rmana g\u00f6r\u0259, \u201cAz\u0259rbaycan Respublikas\u0131 \u0130poteka v\u0259 Kredit&hellip;","_links":{"self":[{"href":"https:\/\/arantv.az\/index.php?rest_route=\/wp\/v2\/posts\/436510"}],"collection":[{"href":"https:\/\/arantv.az\/index.php?rest_route=\/wp\/v2\/posts"}],"about":[{"href":"https:\/\/arantv.az\/index.php?rest_route=\/wp\/v2\/types\/post"}],"author":[{"embeddable":true,"href":"https:\/\/arantv.az\/index.php?rest_route=\/wp\/v2\/users\/2"}],"replies":[{"embeddable":true,"href":"https:\/\/arantv.az\/index.php?rest_route=%2Fwp%2Fv2%2Fcomments&post=436510"}],"version-history":[{"count":0,"href":"https:\/\/arantv.az\/index.php?rest_route=\/wp\/v2\/posts\/436510\/revisions"}],"wp:featuredmedia":[{"embeddable":true,"href":"https:\/\/arantv.az\/index.php?rest_route=\/wp\/v2\/media\/436511"}],"wp:attachment":[{"href":"https:\/\/arantv.az\/index.php?rest_route=%2Fwp%2Fv2%2Fmedia&parent=436510"}],"wp:term":[{"taxonomy":"category","embeddable":true,"href":"https:\/\/arantv.az\/index.php?rest_route=%2Fwp%2Fv2%2Fcategories&post=436510"},{"taxonomy":"post_tag","embeddable":true,"href":"https:\/\/arantv.az\/index.php?rest_route=%2Fwp%2Fv2%2Ftags&post=436510"}],"curies":[{"name":"wp","href":"https:\/\/api.w.org\/{rel}","templated":true}]}}