{"id":436513,"date":"2022-02-08T18:59:01","date_gmt":"2022-02-08T15:59:01","guid":{"rendered":"http:\/\/arantv.az\/?p=436513"},"modified":"2022-02-08T18:59:01","modified_gmt":"2022-02-08T15:59:01","slug":"nazirl%c9%99r-kabineti-media-reyestri-s%c9%99had%c9%99tnam%c9%99sinin-formasini-t%c9%99sdiql%c9%99y%c9%99c%c9%99k","status":"publish","type":"post","link":"https:\/\/arantv.az\/?p=436513","title":{"rendered":"Nazirl\u0259r Kabineti Media Reyestri \u015f\u0259had\u0259tnam\u0259sinin formas\u0131n\u0131 t\u0259sdiql\u0259y\u0259c\u0259k"},"content":{"rendered":"<p>Nazirl\u0259r Kabineti \u00fc\u00e7 ay m\u00fcdd\u0259tin\u0259 Media Reyestri \u015f\u0259had\u0259tnam\u0259sinin formas\u0131n\u0131 t\u0259sdiq ed\u0259r\u0259k bu bar\u0259d\u0259 Az\u0259rbaycan Prezidentin\u0259 m\u0259lumat ver\u0259c\u0259k.<\/p>\n<p>Bu, Prezident \u0130lham \u018fliyevin imzalad\u0131\u011f\u0131 \u201cMedia haqq\u0131nda\u201d qanunun t\u0259tbiqi v\u0259 bundan ir\u0259li g\u0259l\u0259n bir s\u0131ra m\u0259s\u0259l\u0259l\u0259rin t\u0259nziml\u0259nm\u0259si bar\u0259d\u0259 f\u0259rman\u0131nda \u00f6z \u0259ksini tap\u0131b.<\/p>\n<p>Eyni zamanda h\u00f6kum\u0259t\u0259 Media Reyestrinin apar\u0131lmas\u0131 qaydalar\u0131n\u0131n layih\u0259sini haz\u0131rlayaraq d\u00f6vl\u0259t ba\u015f\u00e7\u0131s\u0131na t\u0259qdim etm\u0259k tap\u015f\u0131r\u0131l\u0131b.<\/p>\n","protected":false},"excerpt":{"rendered":"<p>Nazirl\u0259r Kabineti \u00fc\u00e7 ay m\u00fcdd\u0259tin\u0259 Media Reyestri \u015f\u0259had\u0259tnam\u0259sinin formas\u0131n\u0131 t\u0259sdiq ed\u0259r\u0259k bu bar\u0259d\u0259 Az\u0259rbaycan Prezidentin\u0259 m\u0259lumat ver\u0259c\u0259k. Bu, Prezident \u0130lham \u018fliyevin imzalad\u0131\u011f\u0131 \u201cMedia haqq\u0131nda\u201d qanunun t\u0259tbiqi v\u0259 bundan ir\u0259li g\u0259l\u0259n bir s\u0131ra m\u0259s\u0259l\u0259l\u0259rin t\u0259nziml\u0259nm\u0259si bar\u0259d\u0259 f\u0259rman\u0131nda \u00f6z \u0259ksini tap\u0131b. Eyni zamanda h\u00f6kum\u0259t\u0259 Media Reyestrinin apar\u0131lmas\u0131 qaydalar\u0131n\u0131n layih\u0259sini haz\u0131rlayaraq d\u00f6vl\u0259t ba\u015f\u00e7\u0131s\u0131na t\u0259qdim etm\u0259k tap\u015f\u0131r\u0131l\u0131b.<\/p>\n","protected":false},"author":2,"featured_media":436514,"comment_status":"closed","ping_status":"closed","sticky":false,"template":"","format":"standard","meta":{"om_disable_all_campaigns":false,"_monsterinsights_skip_tracking":false,"_monsterinsights_sitenote_active":false,"_monsterinsights_sitenote_note":"","_monsterinsights_sitenote_category":0},"categories":[4],"tags":[],"aioseo_notices":[],"gutentor_comment":0,"rttpg_featured_image_url":{"full":["https:\/\/arantv.az\/wp-content\/uploads\/2022\/02\/FotoJet-52.jpg",620,413,false],"landscape":["https:\/\/arantv.az\/wp-content\/uploads\/2022\/02\/FotoJet-52.jpg",620,413,false],"portraits":["https:\/\/arantv.az\/wp-content\/uploads\/2022\/02\/FotoJet-52.jpg",620,413,false],"thumbnail":["https:\/\/arantv.az\/wp-content\/uploads\/2022\/02\/FotoJet-52-500x280.jpg",500,280,true],"medium":["https:\/\/arantv.az\/wp-content\/uploads\/2022\/02\/FotoJet-52-548x365.jpg",548,365,true],"large":["https:\/\/arantv.az\/wp-content\/uploads\/2022\/02\/FotoJet-52.jpg",620,413,false],"1536x1536":["https:\/\/arantv.az\/wp-content\/uploads\/2022\/02\/FotoJet-52.jpg",620,413,false],"2048x2048":["https:\/\/arantv.az\/wp-content\/uploads\/2022\/02\/FotoJet-52.jpg",620,413,false],"post-thumbnail":["https:\/\/arantv.az\/wp-content\/uploads\/2022\/02\/FotoJet-52-240x172.jpg",240,172,true],"advps-thumb-one":["https:\/\/arantv.az\/wp-content\/uploads\/2022\/02\/FotoJet-52.jpg",620,413,false]},"rttpg_author":{"display_name":"V\u00fcsal Rafiqo\u011flu","author_link":"https:\/\/arantv.az\/?author=2"},"rttpg_comment":0,"rttpg_category":"<a href=\"https:\/\/arantv.az\/?cat=4\" rel=\"category\">Siyas\u0259t<\/a>","rttpg_excerpt":"Nazirl\u0259r Kabineti \u00fc\u00e7 ay m\u00fcdd\u0259tin\u0259 Media Reyestri \u015f\u0259had\u0259tnam\u0259sinin formas\u0131n\u0131 t\u0259sdiq ed\u0259r\u0259k bu bar\u0259d\u0259 Az\u0259rbaycan Prezidentin\u0259 m\u0259lumat ver\u0259c\u0259k. Bu, Prezident \u0130lham \u018fliyevin imzalad\u0131\u011f\u0131 \u201cMedia haqq\u0131nda\u201d qanunun t\u0259tbiqi v\u0259 bundan ir\u0259li g\u0259l\u0259n bir s\u0131ra m\u0259s\u0259l\u0259l\u0259rin t\u0259nziml\u0259nm\u0259si bar\u0259d\u0259 f\u0259rman\u0131nda \u00f6z \u0259ksini tap\u0131b. Eyni zamanda h\u00f6kum\u0259t\u0259 Media Reyestrinin apar\u0131lmas\u0131 qaydalar\u0131n\u0131n layih\u0259sini haz\u0131rlayaraq d\u00f6vl\u0259t ba\u015f\u00e7\u0131s\u0131na t\u0259qdim etm\u0259k tap\u015f\u0131r\u0131l\u0131b.","_links":{"self":[{"href":"https:\/\/arantv.az\/index.php?rest_route=\/wp\/v2\/posts\/436513"}],"collection":[{"href":"https:\/\/arantv.az\/index.php?rest_route=\/wp\/v2\/posts"}],"about":[{"href":"https:\/\/arantv.az\/index.php?rest_route=\/wp\/v2\/types\/post"}],"author":[{"embeddable":true,"href":"https:\/\/arantv.az\/index.php?rest_route=\/wp\/v2\/users\/2"}],"replies":[{"embeddable":true,"href":"https:\/\/arantv.az\/index.php?rest_route=%2Fwp%2Fv2%2Fcomments&post=436513"}],"version-history":[{"count":0,"href":"https:\/\/arantv.az\/index.php?rest_route=\/wp\/v2\/posts\/436513\/revisions"}],"wp:featuredmedia":[{"embeddable":true,"href":"https:\/\/arantv.az\/index.php?rest_route=\/wp\/v2\/media\/436514"}],"wp:attachment":[{"href":"https:\/\/arantv.az\/index.php?rest_route=%2Fwp%2Fv2%2Fmedia&parent=436513"}],"wp:term":[{"taxonomy":"category","embeddable":true,"href":"https:\/\/arantv.az\/index.php?rest_route=%2Fwp%2Fv2%2Fcategories&post=436513"},{"taxonomy":"post_tag","embeddable":true,"href":"https:\/\/arantv.az\/index.php?rest_route=%2Fwp%2Fv2%2Ftags&post=436513"}],"curies":[{"name":"wp","href":"https:\/\/api.w.org\/{rel}","templated":true}]}}