{"id":436523,"date":"2022-02-08T19:03:15","date_gmt":"2022-02-08T16:03:15","guid":{"rendered":"http:\/\/arantv.az\/?p=436523"},"modified":"2022-02-08T19:03:15","modified_gmt":"2022-02-08T16:03:15","slug":"mtrs-l%c9%99gv-edilir-audiovizual-sura-yaradilir","status":"publish","type":"post","link":"https:\/\/arantv.az\/?p=436523","title":{"rendered":"MTR\u015e l\u0259\u011fv edilir, Audiovizual \u015eura yarad\u0131l\u0131r"},"content":{"rendered":"<p>Milli Televiziya v\u0259 Radio \u015euras\u0131 (MTR\u015e) l\u0259\u011fv edilir, Audiovizual \u015eura yarad\u0131l\u0131r.<\/p>\n<p>Bu, Prezident \u0130lham \u018fliyevin imzalad\u0131\u011f\u0131 \u201cMedia haqq\u0131nda\u201d qanunun t\u0259tbiqi v\u0259 bundan ir\u0259li g\u0259l\u0259n bir s\u0131ra m\u0259s\u0259l\u0259l\u0259rin t\u0259nziml\u0259nm\u0259si bar\u0259d\u0259 f\u0259rman\u0131nda \u00f6z \u0259ksini tap\u0131b.<\/p>\n<p>Audiovizual \u015eura Milli Televiziya v\u0259 Radio \u015euras\u0131n\u0131n h\u00fcquqi varisidir, onun \u00f6hd\u0259likl\u0259ri v\u0259 \u0259mlak\u0131 \u015euraya ke\u00e7ir, MTR\u015e-nin s\u0259lahiyy\u0259t m\u00fcdd\u0259ti bitm\u0259mi\u015f \u00fczvl\u0259ri h\u0259min m\u00fcdd\u0259t bit\u0259n\u0259d\u0259k f\u0259aliyy\u0259tl\u0259rini davam etdirirl\u0259r, \u015euran\u0131n strukturu v\u0259 i\u015f\u00e7il\u0259rinin say h\u0259ddi t\u0259sdiq edil\u0259n\u0259d\u0259k MTR\u015e-nin Aparat\u0131 f\u0259aliyy\u0259tini davam etdirir.<\/p>\n<p>\u015euran\u0131n strukturunun layih\u0259sini v\u0259 i\u015f\u00e7il\u0259rinin say h\u0259ddin\u0259 (Milli Televiziya v\u0259 Radio \u015euras\u0131 Aparat\u0131n\u0131n i\u015f\u00e7il\u0259rinin say h\u0259ddind\u0259n az olmayaraq) dair t\u0259klifl\u0259riniMaliyy\u0259 Nazirliyi il\u0259 raz\u0131la\u015fd\u0131rmaqla bir ay m\u00fcdd\u0259tind\u0259 d\u00f6vl\u0259t ba\u015f\u00e7\u0131s\u0131na t\u0259qdim etm\u0259lidir.<\/p>\n","protected":false},"excerpt":{"rendered":"<p>Milli Televiziya v\u0259 Radio \u015euras\u0131 (MTR\u015e) l\u0259\u011fv edilir, Audiovizual \u015eura yarad\u0131l\u0131r. Bu, Prezident \u0130lham \u018fliyevin imzalad\u0131\u011f\u0131 \u201cMedia haqq\u0131nda\u201d qanunun t\u0259tbiqi v\u0259 bundan ir\u0259li g\u0259l\u0259n bir s\u0131ra m\u0259s\u0259l\u0259l\u0259rin t\u0259nziml\u0259nm\u0259si bar\u0259d\u0259 f\u0259rman\u0131nda \u00f6z \u0259ksini tap\u0131b. Audiovizual \u015eura Milli Televiziya v\u0259 Radio \u015euras\u0131n\u0131n h\u00fcquqi varisidir, onun \u00f6hd\u0259likl\u0259ri v\u0259 \u0259mlak\u0131 \u015euraya ke\u00e7ir, MTR\u015e-nin s\u0259lahiyy\u0259t m\u00fcdd\u0259ti bitm\u0259mi\u015f \u00fczvl\u0259ri h\u0259min m\u00fcdd\u0259t bit\u0259n\u0259d\u0259k f\u0259aliyy\u0259tl\u0259rini davam etdirirl\u0259r, \u015euran\u0131n strukturu v\u0259 i\u015f\u00e7il\u0259rinin say h\u0259ddi t\u0259sdiq edil\u0259n\u0259d\u0259k MTR\u015e-nin Aparat\u0131 f\u0259aliyy\u0259tini davam etdirir. \u015euran\u0131n strukturunun layih\u0259sini v\u0259 i\u015f\u00e7il\u0259rinin say h\u0259ddin\u0259 (Milli Televiziya v\u0259 Radio \u015euras\u0131 Aparat\u0131n\u0131n i\u015f\u00e7il\u0259rinin say h\u0259ddind\u0259n az olmayaraq)&hellip;<\/p>\n","protected":false},"author":2,"featured_media":436524,"comment_status":"closed","ping_status":"closed","sticky":false,"template":"","format":"standard","meta":{"om_disable_all_campaigns":false,"_monsterinsights_skip_tracking":false,"_monsterinsights_sitenote_active":false,"_monsterinsights_sitenote_note":"","_monsterinsights_sitenote_category":0},"categories":[4],"tags":[],"aioseo_notices":[],"gutentor_comment":0,"rttpg_featured_image_url":{"full":["https:\/\/arantv.az\/wp-content\/uploads\/2022\/02\/FotoJet-49.jpg",620,413,false],"landscape":["https:\/\/arantv.az\/wp-content\/uploads\/2022\/02\/FotoJet-49.jpg",620,413,false],"portraits":["https:\/\/arantv.az\/wp-content\/uploads\/2022\/02\/FotoJet-49.jpg",620,413,false],"thumbnail":["https:\/\/arantv.az\/wp-content\/uploads\/2022\/02\/FotoJet-49-500x280.jpg",500,280,true],"medium":["https:\/\/arantv.az\/wp-content\/uploads\/2022\/02\/FotoJet-49-548x365.jpg",548,365,true],"large":["https:\/\/arantv.az\/wp-content\/uploads\/2022\/02\/FotoJet-49.jpg",620,413,false],"1536x1536":["https:\/\/arantv.az\/wp-content\/uploads\/2022\/02\/FotoJet-49.jpg",620,413,false],"2048x2048":["https:\/\/arantv.az\/wp-content\/uploads\/2022\/02\/FotoJet-49.jpg",620,413,false],"post-thumbnail":["https:\/\/arantv.az\/wp-content\/uploads\/2022\/02\/FotoJet-49-240x172.jpg",240,172,true],"advps-thumb-one":["https:\/\/arantv.az\/wp-content\/uploads\/2022\/02\/FotoJet-49.jpg",620,413,false]},"rttpg_author":{"display_name":"V\u00fcsal Rafiqo\u011flu","author_link":"https:\/\/arantv.az\/?author=2"},"rttpg_comment":0,"rttpg_category":"<a href=\"https:\/\/arantv.az\/?cat=4\" rel=\"category\">Siyas\u0259t<\/a>","rttpg_excerpt":"Milli Televiziya v\u0259 Radio \u015euras\u0131 (MTR\u015e) l\u0259\u011fv edilir, Audiovizual \u015eura yarad\u0131l\u0131r. Bu, Prezident \u0130lham \u018fliyevin imzalad\u0131\u011f\u0131 \u201cMedia haqq\u0131nda\u201d qanunun t\u0259tbiqi v\u0259 bundan ir\u0259li g\u0259l\u0259n bir s\u0131ra m\u0259s\u0259l\u0259l\u0259rin t\u0259nziml\u0259nm\u0259si bar\u0259d\u0259 f\u0259rman\u0131nda \u00f6z \u0259ksini tap\u0131b. Audiovizual \u015eura Milli Televiziya v\u0259 Radio \u015euras\u0131n\u0131n h\u00fcquqi varisidir, onun \u00f6hd\u0259likl\u0259ri v\u0259 \u0259mlak\u0131 \u015euraya ke\u00e7ir, MTR\u015e-nin s\u0259lahiyy\u0259t m\u00fcdd\u0259ti bitm\u0259mi\u015f \u00fczvl\u0259ri h\u0259min m\u00fcdd\u0259t&hellip;","_links":{"self":[{"href":"https:\/\/arantv.az\/index.php?rest_route=\/wp\/v2\/posts\/436523"}],"collection":[{"href":"https:\/\/arantv.az\/index.php?rest_route=\/wp\/v2\/posts"}],"about":[{"href":"https:\/\/arantv.az\/index.php?rest_route=\/wp\/v2\/types\/post"}],"author":[{"embeddable":true,"href":"https:\/\/arantv.az\/index.php?rest_route=\/wp\/v2\/users\/2"}],"replies":[{"embeddable":true,"href":"https:\/\/arantv.az\/index.php?rest_route=%2Fwp%2Fv2%2Fcomments&post=436523"}],"version-history":[{"count":0,"href":"https:\/\/arantv.az\/index.php?rest_route=\/wp\/v2\/posts\/436523\/revisions"}],"wp:featuredmedia":[{"embeddable":true,"href":"https:\/\/arantv.az\/index.php?rest_route=\/wp\/v2\/media\/436524"}],"wp:attachment":[{"href":"https:\/\/arantv.az\/index.php?rest_route=%2Fwp%2Fv2%2Fmedia&parent=436523"}],"wp:term":[{"taxonomy":"category","embeddable":true,"href":"https:\/\/arantv.az\/index.php?rest_route=%2Fwp%2Fv2%2Fcategories&post=436523"},{"taxonomy":"post_tag","embeddable":true,"href":"https:\/\/arantv.az\/index.php?rest_route=%2Fwp%2Fv2%2Ftags&post=436523"}],"curies":[{"name":"wp","href":"https:\/\/api.w.org\/{rel}","templated":true}]}}